{"id":299797,"date":"2026-04-24T11:35:00","date_gmt":"2026-04-24T09:35:00","guid":{"rendered":"https:\/\/www.tucomarca.com\/wordpress\/segunda\/?p=299797"},"modified":"2026-04-24T19:53:39","modified_gmt":"2026-04-24T17:53:39","slug":"anecoop-bodegas-rep-en-prowein-els-premis-best-of-show-de-mundus-vini-2","status":"publish","type":"post","link":"https:\/\/www.tucomarca.com\/wordpress\/segunda\/ca\/anecoop-bodegas-rep-en-prowein-els-premis-best-of-show-de-mundus-vini-2\/","title":{"rendered":"Anecoop Bodegas rep en ProWein els premis \u201cBest Of Show\u201d de Mundus Vini"},"content":{"rendered":"\n<h3 class=\"wp-block-heading\">Les seues bodegues s\u00f2cies Cooperativa La Vi\u00f1a, Bodegas Reymos i Bodegas San Mart\u00edn i Proyecto Unsi participen en la 32a edici\u00f3 d\u2019esta fira internacional amb les seues refer\u00e8ncies m\u00e9s emblem\u00e0tiques, les seues novetats i els seus \u00faltims llan\u00e7aments, amb el focus en la categoria 0.0%.<\/h3>\n\n\n\n<h3 class=\"wp-block-heading\">Durant el certamen ha tingut lloc el lliurament dels premis Mundus Vini, que han distingit Anecoop Bodegas com a \u201cBest Cooperative Spain\u201d, un reconeixement que ja ha obtingut en edicions anteriors del concurs, i el vi negre Venta del Puerto N\u00ba18, de Cooperativa La Vi\u00f1a, amb el guard\u00f3 \u201cBest of Show Valencia\u201d.<\/h3>\n\n\n\n<p>Anecoop Bodegas projecta la qualitat i diversitat dels seus vins en ProWein 2026, punt de trobada global del sector, que se celebra entre el 15 i el 17 de mar\u00e7 en el recinte firal Messe D\u00fcsseldorf. En un espai expositiu propi, situat en el Hall 6, Stand A82, reunix l\u2019oferta de les seues bodegues s\u00f2cies: Cooperativa La Vi\u00f1a, de La Font de la Figuera, i Bodegas Reymos, de Cheste (ambdues amb DOP Valencia); i Bodegas San Mart\u00edn i Proyecto Unsi, de San Mart\u00edn de Unx (amb DO Navarra).<\/p>\n\n\n\n<p><strong>Doble reconeixement de Mundus Vini<\/strong><\/p>\n\n\n\n<p>En el marc d\u2019este certamen ha tingut lloc l\u2019acte de lliurament dels premis atorgats en la recent edici\u00f3 del concurs Mundus Vini. Estos reconeixements, que suposen un impuls en clau internacional, han destacat una edici\u00f3 m\u00e9s Anecoop Bodegas com a \u201cBest Cooperative Spain\u201d i Venta del Puerto N\u00ba18, de Cooperativa La Vi\u00f1a, com a \u201cBest of Show Valencia\u201d. El comprom\u00eds amb l\u2019excel\u00b7l\u00e8ncia de les seues tres bodegues s\u00f2cies ha sigut reconegut tamb\u00e9 per este prestigi\u00f3s concurs amb 13 medalles d\u2019or i 24 medalles de plata. Les refer\u00e8ncies guardonades estan presents en la zona de tast de Mundus Vini, visita obligada en ProWein.<\/p>\n\n\n\n<p><strong>Comprom\u00eds amb la revoluci\u00f3 del consum 0.0%<\/strong><\/p>\n\n\n\n<p>Anecoop Bodegas projecta la singularitat i varietat de la seua oferta davant dels milers de professionals que es donen cita en esta fira l\u00edder en el calendari sectorial, a la qual acudix amb refer\u00e8ncies consolidades, \u00faltims llan\u00e7aments i especial protagonisme per a les seues noves propostes 0.0%\/low alcohol; categories que creixen amb for\u00e7a impulsades per nous h\u00e0bits de consum i per la demanda d\u2019alternatives m\u00e9s saludables. Dues refer\u00e8ncies destaquen entre els seus vins desalcoholitzats en esta edici\u00f3 de ProWein: la de Cooperativa La Vi\u00f1a, amb el seu rosat Juan de Juanes 0.0%; i la de Reymos, amb el seu blanc Vida Vi\u00f1a Tendida 0.0%. Ambdues estaran presents en Zero Tasting Bar, la zona de tast amb pres\u00e8ncia exclusiva d\u2019este tipus de vins, que s\u2019ha consolidat com un dels espais m\u00e9s destacats del certamen.<\/p>\n\n\n\n<p>Per la seua part, entre les propostes amb qu\u00e8 Bodegas San Mart\u00edn participa en el certamen alemany destaca el seu vi blanc Bestiario de Unx Buttezard.<\/p>\n\n\n\n<p><strong>Anecoop Bodegas refor\u00e7a el seu impuls internacional en 2026<\/strong><\/p>\n\n\n\n<p>Despr\u00e9s de m\u00e9s de tres d\u00e8cades de traject\u00f2ria, ProWein s\u2019ha consolidat com la plataforma internacional m\u00e9s important per al sector vin\u00edcola. Una oportunitat \u00fanica de negoci, de prospecci\u00f3 de mercats i d\u2019identificaci\u00f3 de tend\u00e8ncies de consum. Una cita de gran rellev\u00e0ncia per a Anecoop Bodegas, que en 2026 refor\u00e7a la seua estrat\u00e8gia de promoci\u00f3 internacional per a consolidar la pres\u00e8ncia exterior dels seus vins i la seua introducci\u00f3 en nous destins. I ho fa amb una oferta diversa, que unix tradici\u00f3 i innovaci\u00f3; amb refer\u00e8ncies emblem\u00e0tiques i noves propostes adaptades a l\u2019evoluci\u00f3 dels gustos i prefer\u00e8ncies dels consumidors, entre les quals destaquen les seues etiquetes 0.0%. Amb un denominador com\u00fa: la identitat territorial, que projecta autenticitat a la seua oferta. Perqu\u00e8 cada vi d\u2019Anecoop Bodegas \u00e9s una experi\u00e8ncia \u00fanica.<\/p>\n\n\n\n<p><strong>Sobre Anecoop Bodegas<\/strong><\/p>\n\n\n\n<p>Des de la seua creaci\u00f3 en 1986, Anecoop Bodegas ha aconseguit consolidar una oferta que unix qualitat, imatge, diversitat, personalitat i preu. Les seues bodegues s\u00f2cies, Bodega La Vi\u00f1a i Bodegas Reymos, ambdues amb D.O.P. Valencia, i Bodegas San Mart\u00edn i Proyecto Unsi S. L., amb D.O. Navarra, aix\u00ed com la col\u00b7laboradora Bodegas Marqu\u00e9s de Reinosa, amb D.O. La Rioja, han aconseguit nombrosos reconeixements internacionals que avalen l\u2019esfor\u00e7 continu que realitza Anecoop Bodegas per adaptar la seua oferta vin\u00edcola als gustos del mercat. Actualment, els seus vins estan presents en m\u00e9s de 40 pa\u00efsos.<\/p>\n\n\n\n<p><\/p>\n","protected":false},"excerpt":{"rendered":"<div class=\"mh-excerpt\">Les seues bodegues s\u00f2cies Cooperativa La Vi\u00f1a, Bodegas Reymos i Bodegas San Mart\u00edn i Proyecto Unsi participen en la 32a edici\u00f3 d\u2019esta fira internacional amb les seues refer\u00e8ncies m\u00e9s emblem\u00e0tiques, les seues novetats i els <a class=\"mh-excerpt-more\" href=\"https:\/\/www.tucomarca.com\/wordpress\/segunda\/ca\/anecoop-bodegas-rep-en-prowein-els-premis-best-of-show-de-mundus-vini-2\/\" title=\"Anecoop Bodegas rep en ProWein els premis \u201cBest Of Show\u201d de Mundus Vini\">[+] <\/a><\/div>\n","protected":false},"author":12,"featured_media":299794,"comment_status":"closed","ping_status":"open","sticky":false,"template":"","format":"standard","meta":{"footnotes":""},"categories":[11006,10894,10904,10912,11007,10896,10974],"tags":[14667,12655,11071,10914],"class_list":{"0":"post-299797","1":"post","2":"type-post","3":"status-publish","4":"format-standard","5":"has-post-thumbnail","7":"category-canal-vinos","8":"category-la-comarca-ca","9":"category-sin-categorizar-ca","10":"category-la-hoya-ca","11":"category-ocio-y-cultura-ca","12":"category-seccion-ca","13":"category-cheste-ca","14":"tag-anecoop-bodegas-ca","15":"tag-bodegas-reymos-ca","16":"tag-cheste","17":"tag-la-hoya-de-bunol-chiva-ca"},"_links":{"self":[{"href":"https:\/\/www.tucomarca.com\/wordpress\/segunda\/ca\/wp-json\/wp\/v2\/posts\/299797","targetHints":{"allow":["GET"]}}],"collection":[{"href":"https:\/\/www.tucomarca.com\/wordpress\/segunda\/ca\/wp-json\/wp\/v2\/posts"}],"about":[{"href":"https:\/\/www.tucomarca.com\/wordpress\/segunda\/ca\/wp-json\/wp\/v2\/types\/post"}],"author":[{"embeddable":true,"href":"https:\/\/www.tucomarca.com\/wordpress\/segunda\/ca\/wp-json\/wp\/v2\/users\/12"}],"replies":[{"embeddable":true,"href":"https:\/\/www.tucomarca.com\/wordpress\/segunda\/ca\/wp-json\/wp\/v2\/comments?post=299797"}],"version-history":[{"count":1,"href":"https:\/\/www.tucomarca.com\/wordpress\/segunda\/ca\/wp-json\/wp\/v2\/posts\/299797\/revisions"}],"predecessor-version":[{"id":299798,"href":"https:\/\/www.tucomarca.com\/wordpress\/segunda\/ca\/wp-json\/wp\/v2\/posts\/299797\/revisions\/299798"}],"wp:featuredmedia":[{"embeddable":true,"href":"https:\/\/www.tucomarca.com\/wordpress\/segunda\/ca\/wp-json\/wp\/v2\/media\/299794"}],"wp:attachment":[{"href":"https:\/\/www.tucomarca.com\/wordpress\/segunda\/ca\/wp-json\/wp\/v2\/media?parent=299797"}],"wp:term":[{"taxonomy":"category","embeddable":true,"href":"https:\/\/www.tucomarca.com\/wordpress\/segunda\/ca\/wp-json\/wp\/v2\/categories?post=299797"},{"taxonomy":"post_tag","embeddable":true,"href":"https:\/\/www.tucomarca.com\/wordpress\/segunda\/ca\/wp-json\/wp\/v2\/tags?post=299797"}],"curies":[{"name":"wp","href":"https:\/\/api.w.org\/{rel}","templated":true}]}}