{"id":299832,"date":"2026-04-24T11:40:00","date_gmt":"2026-04-24T09:40:00","guid":{"rendered":"https:\/\/www.tucomarca.com\/wordpress\/segunda\/?p=299832"},"modified":"2026-04-24T20:02:57","modified_gmt":"2026-04-24T18:02:57","slug":"fotogaleria-el-cfpa-celebra-el-dia-del-llibre-amb-el-lliurament-de-premis-del-seu-concurs-de-marcapaginas","status":"publish","type":"post","link":"https:\/\/www.tucomarca.com\/wordpress\/segunda\/ca\/fotogaleria-el-cfpa-celebra-el-dia-del-llibre-amb-el-lliurament-de-premis-del-seu-concurs-de-marcapaginas\/","title":{"rendered":"Fotogaler\u00eda: El CFPA celebra el Dia del Llibre amb el lliurament de premis del seu concurs de marcap\u00e1ginas"},"content":{"rendered":"\n<p>El Centre de Formaci\u00f3 de Persones Adultes de Xest va acollir ahir, dijous 23 d&#8217;abril, el lliurament de premis del seu tradicional concurs de marcap\u00e1ginas, una iniciativa organitzada al costat de la regidoria de Cultura amb motiu del Dia del Llibre.<\/p>\n\n\n\n<p>El director del centre, V\u00edctor Fuertes, va destacar la implicaci\u00f3 de l&#8217;alumnat en aquesta activitat, subratllant l&#8217;alta participaci\u00f3 registrada en aquesta edici\u00f3 i felicitant a totes les persones que han format part del certamen. En total, es van presentar 28 treballs, entre els quals va resultar guanyador el realitzat per Mar\u00eda Pilar Mart\u00ednez Latorre. El seu disseny va ser elegit mitjan\u00e7ant votaci\u00f3 popular, despr\u00e9s de romandre exposades totes les propostes durant diversos dies en el hall del centre, on alumnat i visitants van poder depositar el seu vot.<\/p>\n\n\n\n<p>Com a reconeixement, la persona guanyadora rebr\u00e0 un bo cultural anual per a assistir a la programaci\u00f3 del Teatre Liceu, aix\u00ed com un val de 50 euros per a consumir en quioscos locals.<\/p>\n\n\n\n<p>Durant l&#8217;acte, la regidora de Cultura, M\u00aa \u00c1ngeles Llorente, va posar en valor la labor educativa i social que desenvolupa el CFPA, destacant el seu paper com a espai d&#8217;aprenentatge i participaci\u00f3 activa en la vida cultural del municipi. En el seu discurs va assenyalar que \u201chui ens reunim per a celebrar alguna cosa que, encara que quotidi\u00e0, \u00e9s profundament extraordinari: la capacitat humana de llegir, d&#8217;escriure i, en definitiva, de crear i compartir coneixement\u201d, destacant el Concurs de Marcap\u00e1ginas com una iniciativa que convida que \u201ccada llibre que lliges \u00e9s un pas avant i, al mateix temps, un espill de la nostra humanitat\u201d. Tamb\u00e9 va subratllar va posar en valor la lectura com \u201ceixa activitat que ens permet dialogar amb el passat, comprendre el present i imaginar el futur\u201d.<\/p>\n\n\n\n<p><strong>\u201cSembra de llibres\u201d, una iniciativa que continua creixent<\/strong><\/p>\n\n\n\n<p>De manera paral\u00b7lela al concurs, el centre ha tornat a posar en marxa la iniciativa \u201cSembra de llibres\u201d, que aconsegueix ja la seua desena edici\u00f3. A trav\u00e9s d&#8217;aquesta proposta, l&#8217;alumnat i professorat distribueixen m\u00e9s de 200 llibres per diferents punts de la localitat, fomentant l&#8217;acc\u00e9s a la lectura entre la ciutadania.<\/p>\n\n\n\n<p>Els exemplars, donats al llarg del curs, s&#8217;entreguen embolicats al costat d&#8217;un marcap\u00e1ginas elaborat pel propi alumnat i es depositen en una vintena d&#8217;ubicacions del municipi, acompanyats de cartells informatius que conviden a llegir-los i, si es desitja, retornar-los per a futures edicions.<\/p>\n\n\n\n<figure class=\"wp-block-gallery has-nested-images columns-2 is-cropped wp-block-gallery-1 is-layout-flex wp-block-gallery-is-layout-flex\">\n<figure class=\"wp-block-image size-large\"><img loading=\"lazy\" decoding=\"async\" width=\"1024\" height=\"683\" data-id=\"299817\" src=\"https:\/\/www.tucomarca.com\/wordpress\/segunda\/wp-content\/uploads\/2026\/04\/ChesteLibro39-1024x683.jpg\" alt=\"\" class=\"wp-image-299817\" srcset=\"https:\/\/www.tucomarca.com\/wordpress\/segunda\/wp-content\/uploads\/2026\/04\/ChesteLibro39-1024x683.jpg 1024w, https:\/\/www.tucomarca.com\/wordpress\/segunda\/wp-content\/uploads\/2026\/04\/ChesteLibro39-300x200.jpg 300w, https:\/\/www.tucomarca.com\/wordpress\/segunda\/wp-content\/uploads\/2026\/04\/ChesteLibro39-768x512.jpg 768w, https:\/\/www.tucomarca.com\/wordpress\/segunda\/wp-content\/uploads\/2026\/04\/ChesteLibro39.jpg 1344w\" sizes=\"auto, (max-width: 1024px) 100vw, 1024px\" \/><\/figure>\n\n\n\n<figure class=\"wp-block-image size-large\"><img loading=\"lazy\" decoding=\"async\" width=\"1024\" height=\"683\" data-id=\"299811\" src=\"https:\/\/www.tucomarca.com\/wordpress\/segunda\/wp-content\/uploads\/2026\/04\/ChesteLibro15-1024x683.jpg\" alt=\"\" class=\"wp-image-299811\" srcset=\"https:\/\/www.tucomarca.com\/wordpress\/segunda\/wp-content\/uploads\/2026\/04\/ChesteLibro15-1024x683.jpg 1024w, https:\/\/www.tucomarca.com\/wordpress\/segunda\/wp-content\/uploads\/2026\/04\/ChesteLibro15-300x200.jpg 300w, https:\/\/www.tucomarca.com\/wordpress\/segunda\/wp-content\/uploads\/2026\/04\/ChesteLibro15-768x512.jpg 768w, https:\/\/www.tucomarca.com\/wordpress\/segunda\/wp-content\/uploads\/2026\/04\/ChesteLibro15.jpg 1344w\" sizes=\"auto, (max-width: 1024px) 100vw, 1024px\" \/><\/figure>\n\n\n\n<figure class=\"wp-block-image size-large\"><img loading=\"lazy\" decoding=\"async\" width=\"1024\" height=\"683\" data-id=\"299815\" src=\"https:\/\/www.tucomarca.com\/wordpress\/segunda\/wp-content\/uploads\/2026\/04\/ChesteLibro20-1024x683.jpg\" alt=\"\" class=\"wp-image-299815\" srcset=\"https:\/\/www.tucomarca.com\/wordpress\/segunda\/wp-content\/uploads\/2026\/04\/ChesteLibro20-1024x683.jpg 1024w, https:\/\/www.tucomarca.com\/wordpress\/segunda\/wp-content\/uploads\/2026\/04\/ChesteLibro20-300x200.jpg 300w, https:\/\/www.tucomarca.com\/wordpress\/segunda\/wp-content\/uploads\/2026\/04\/ChesteLibro20-768x512.jpg 768w, https:\/\/www.tucomarca.com\/wordpress\/segunda\/wp-content\/uploads\/2026\/04\/ChesteLibro20.jpg 1344w\" sizes=\"auto, (max-width: 1024px) 100vw, 1024px\" \/><\/figure>\n\n\n\n<figure class=\"wp-block-image size-large\"><img loading=\"lazy\" decoding=\"async\" width=\"1024\" height=\"683\" data-id=\"299819\" src=\"https:\/\/www.tucomarca.com\/wordpress\/segunda\/wp-content\/uploads\/2026\/04\/ChesteLibro46-1024x683.jpg\" alt=\"\" class=\"wp-image-299819\" srcset=\"https:\/\/www.tucomarca.com\/wordpress\/segunda\/wp-content\/uploads\/2026\/04\/ChesteLibro46-1024x683.jpg 1024w, https:\/\/www.tucomarca.com\/wordpress\/segunda\/wp-content\/uploads\/2026\/04\/ChesteLibro46-300x200.jpg 300w, https:\/\/www.tucomarca.com\/wordpress\/segunda\/wp-content\/uploads\/2026\/04\/ChesteLibro46-768x512.jpg 768w, https:\/\/www.tucomarca.com\/wordpress\/segunda\/wp-content\/uploads\/2026\/04\/ChesteLibro46.jpg 1344w\" sizes=\"auto, (max-width: 1024px) 100vw, 1024px\" \/><\/figure>\n\n\n\n<figure class=\"wp-block-image size-large\"><img loading=\"lazy\" decoding=\"async\" width=\"1024\" height=\"683\" data-id=\"299823\" src=\"https:\/\/www.tucomarca.com\/wordpress\/segunda\/wp-content\/uploads\/2026\/04\/ChesteLibro89-1024x683.jpg\" alt=\"\" class=\"wp-image-299823\" srcset=\"https:\/\/www.tucomarca.com\/wordpress\/segunda\/wp-content\/uploads\/2026\/04\/ChesteLibro89-1024x683.jpg 1024w, https:\/\/www.tucomarca.com\/wordpress\/segunda\/wp-content\/uploads\/2026\/04\/ChesteLibro89-300x200.jpg 300w, https:\/\/www.tucomarca.com\/wordpress\/segunda\/wp-content\/uploads\/2026\/04\/ChesteLibro89-768x512.jpg 768w, https:\/\/www.tucomarca.com\/wordpress\/segunda\/wp-content\/uploads\/2026\/04\/ChesteLibro89.jpg 1344w\" sizes=\"auto, (max-width: 1024px) 100vw, 1024px\" \/><\/figure>\n\n\n\n<figure class=\"wp-block-image size-large\"><img loading=\"lazy\" decoding=\"async\" width=\"1024\" height=\"683\" data-id=\"299825\" src=\"https:\/\/www.tucomarca.com\/wordpress\/segunda\/wp-content\/uploads\/2026\/04\/ChesteLibro92-1024x683.jpg\" alt=\"\" class=\"wp-image-299825\" srcset=\"https:\/\/www.tucomarca.com\/wordpress\/segunda\/wp-content\/uploads\/2026\/04\/ChesteLibro92-1024x683.jpg 1024w, https:\/\/www.tucomarca.com\/wordpress\/segunda\/wp-content\/uploads\/2026\/04\/ChesteLibro92-300x200.jpg 300w, https:\/\/www.tucomarca.com\/wordpress\/segunda\/wp-content\/uploads\/2026\/04\/ChesteLibro92-768x512.jpg 768w, https:\/\/www.tucomarca.com\/wordpress\/segunda\/wp-content\/uploads\/2026\/04\/ChesteLibro92.jpg 1284w\" sizes=\"auto, (max-width: 1024px) 100vw, 1024px\" \/><\/figure>\n\n\n\n<figure class=\"wp-block-image size-large\"><img loading=\"lazy\" decoding=\"async\" width=\"1024\" height=\"683\" data-id=\"299805\" src=\"https:\/\/www.tucomarca.com\/wordpress\/segunda\/wp-content\/uploads\/2026\/04\/ChesteLibro02-1024x683.jpg\" alt=\"\" class=\"wp-image-299805\" srcset=\"https:\/\/www.tucomarca.com\/wordpress\/segunda\/wp-content\/uploads\/2026\/04\/ChesteLibro02-1024x683.jpg 1024w, https:\/\/www.tucomarca.com\/wordpress\/segunda\/wp-content\/uploads\/2026\/04\/ChesteLibro02-300x200.jpg 300w, https:\/\/www.tucomarca.com\/wordpress\/segunda\/wp-content\/uploads\/2026\/04\/ChesteLibro02-768x512.jpg 768w, https:\/\/www.tucomarca.com\/wordpress\/segunda\/wp-content\/uploads\/2026\/04\/ChesteLibro02.jpg 1344w\" sizes=\"auto, (max-width: 1024px) 100vw, 1024px\" \/><\/figure>\n\n\n\n<figure class=\"wp-block-image size-large\"><img loading=\"lazy\" decoding=\"async\" width=\"1024\" height=\"683\" data-id=\"299809\" src=\"https:\/\/www.tucomarca.com\/wordpress\/segunda\/wp-content\/uploads\/2026\/04\/ChesteLibro12-1024x683.jpg\" alt=\"\" class=\"wp-image-299809\" srcset=\"https:\/\/www.tucomarca.com\/wordpress\/segunda\/wp-content\/uploads\/2026\/04\/ChesteLibro12-1024x683.jpg 1024w, https:\/\/www.tucomarca.com\/wordpress\/segunda\/wp-content\/uploads\/2026\/04\/ChesteLibro12-300x200.jpg 300w, https:\/\/www.tucomarca.com\/wordpress\/segunda\/wp-content\/uploads\/2026\/04\/ChesteLibro12-768x512.jpg 768w, https:\/\/www.tucomarca.com\/wordpress\/segunda\/wp-content\/uploads\/2026\/04\/ChesteLibro12.jpg 1344w\" sizes=\"auto, (max-width: 1024px) 100vw, 1024px\" \/><\/figure>\n\n\n\n<figure class=\"wp-block-image size-large\"><img loading=\"lazy\" decoding=\"async\" width=\"1024\" height=\"683\" data-id=\"299803\" src=\"https:\/\/www.tucomarca.com\/wordpress\/segunda\/wp-content\/uploads\/2026\/04\/ChesteLibro00-1024x683.jpg\" alt=\"\" class=\"wp-image-299803\" srcset=\"https:\/\/www.tucomarca.com\/wordpress\/segunda\/wp-content\/uploads\/2026\/04\/ChesteLibro00-1024x683.jpg 1024w, https:\/\/www.tucomarca.com\/wordpress\/segunda\/wp-content\/uploads\/2026\/04\/ChesteLibro00-300x200.jpg 300w, https:\/\/www.tucomarca.com\/wordpress\/segunda\/wp-content\/uploads\/2026\/04\/ChesteLibro00-768x512.jpg 768w, https:\/\/www.tucomarca.com\/wordpress\/segunda\/wp-content\/uploads\/2026\/04\/ChesteLibro00.jpg 1335w\" sizes=\"auto, (max-width: 1024px) 100vw, 1024px\" \/><\/figure>\n\n\n\n<figure class=\"wp-block-image size-large\"><img loading=\"lazy\" decoding=\"async\" width=\"1024\" height=\"683\" data-id=\"299807\" src=\"https:\/\/www.tucomarca.com\/wordpress\/segunda\/wp-content\/uploads\/2026\/04\/ChesteLibro04-1024x683.jpg\" alt=\"\" class=\"wp-image-299807\" srcset=\"https:\/\/www.tucomarca.com\/wordpress\/segunda\/wp-content\/uploads\/2026\/04\/ChesteLibro04-1024x683.jpg 1024w, https:\/\/www.tucomarca.com\/wordpress\/segunda\/wp-content\/uploads\/2026\/04\/ChesteLibro04-300x200.jpg 300w, https:\/\/www.tucomarca.com\/wordpress\/segunda\/wp-content\/uploads\/2026\/04\/ChesteLibro04-768x512.jpg 768w, https:\/\/www.tucomarca.com\/wordpress\/segunda\/wp-content\/uploads\/2026\/04\/ChesteLibro04.jpg 1344w\" sizes=\"auto, (max-width: 1024px) 100vw, 1024px\" \/><\/figure>\n<\/figure>\n","protected":false},"excerpt":{"rendered":"<div class=\"mh-excerpt\">El Centre de Formaci\u00f3 de Persones Adultes de Xest va acollir ahir, dijous 23 d&#8217;abril, el lliurament de premis del seu tradicional concurs de marcap\u00e1ginas, una iniciativa organitzada al costat de la regidoria de Cultura <a class=\"mh-excerpt-more\" href=\"https:\/\/www.tucomarca.com\/wordpress\/segunda\/ca\/fotogaleria-el-cfpa-celebra-el-dia-del-llibre-amb-el-lliurament-de-premis-del-seu-concurs-de-marcapaginas\/\" title=\"Fotogaler\u00eda: El CFPA celebra el Dia del Llibre amb el lliurament de premis del seu concurs de marcap\u00e1ginas\">[+] <\/a><\/div>\n","protected":false},"author":12,"featured_media":299820,"comment_status":"closed","ping_status":"open","sticky":false,"template":"","format":"gallery","meta":{"footnotes":""},"categories":[10894,10912,11007,10947,10896,10974],"tags":[11071,12007,10914],"class_list":{"0":"post-299832","1":"post","2":"type-post","3":"status-publish","4":"format-gallery","5":"has-post-thumbnail","7":"category-la-comarca-ca","8":"category-la-hoya-ca","9":"category-ocio-y-cultura-ca","10":"category-politica","11":"category-seccion-ca","12":"category-cheste-ca","13":"tag-cheste","14":"tag-dia-del-libro-ca","15":"tag-la-hoya-de-bunol-chiva-ca","16":"post_format-post-format-gallery"},"_links":{"self":[{"href":"https:\/\/www.tucomarca.com\/wordpress\/segunda\/ca\/wp-json\/wp\/v2\/posts\/299832","targetHints":{"allow":["GET"]}}],"collection":[{"href":"https:\/\/www.tucomarca.com\/wordpress\/segunda\/ca\/wp-json\/wp\/v2\/posts"}],"about":[{"href":"https:\/\/www.tucomarca.com\/wordpress\/segunda\/ca\/wp-json\/wp\/v2\/types\/post"}],"author":[{"embeddable":true,"href":"https:\/\/www.tucomarca.com\/wordpress\/segunda\/ca\/wp-json\/wp\/v2\/users\/12"}],"replies":[{"embeddable":true,"href":"https:\/\/www.tucomarca.com\/wordpress\/segunda\/ca\/wp-json\/wp\/v2\/comments?post=299832"}],"version-history":[{"count":1,"href":"https:\/\/www.tucomarca.com\/wordpress\/segunda\/ca\/wp-json\/wp\/v2\/posts\/299832\/revisions"}],"predecessor-version":[{"id":299833,"href":"https:\/\/www.tucomarca.com\/wordpress\/segunda\/ca\/wp-json\/wp\/v2\/posts\/299832\/revisions\/299833"}],"wp:featuredmedia":[{"embeddable":true,"href":"https:\/\/www.tucomarca.com\/wordpress\/segunda\/ca\/wp-json\/wp\/v2\/media\/299820"}],"wp:attachment":[{"href":"https:\/\/www.tucomarca.com\/wordpress\/segunda\/ca\/wp-json\/wp\/v2\/media?parent=299832"}],"wp:term":[{"taxonomy":"category","embeddable":true,"href":"https:\/\/www.tucomarca.com\/wordpress\/segunda\/ca\/wp-json\/wp\/v2\/categories?post=299832"},{"taxonomy":"post_tag","embeddable":true,"href":"https:\/\/www.tucomarca.com\/wordpress\/segunda\/ca\/wp-json\/wp\/v2\/tags?post=299832"}],"curies":[{"name":"wp","href":"https:\/\/api.w.org\/{rel}","templated":true}]}}