{"id":299845,"date":"2026-04-24T12:00:00","date_gmt":"2026-04-24T10:00:00","guid":{"rendered":"https:\/\/www.tucomarca.com\/wordpress\/segunda\/?p=299845"},"modified":"2026-04-24T20:23:08","modified_gmt":"2026-04-24T18:23:08","slug":"la-generalitat-finalitza-la-primera-fase-de-la-reconstruccio-a-xiva-despres-dinvertir-mes-de-40-milions-en-infraestructures-i-ajudes","status":"publish","type":"post","link":"https:\/\/www.tucomarca.com\/wordpress\/segunda\/ca\/la-generalitat-finalitza-la-primera-fase-de-la-reconstruccio-a-xiva-despres-dinvertir-mes-de-40-milions-en-infraestructures-i-ajudes\/","title":{"rendered":"La Generalitat finalitza la primera fase de la reconstrucci\u00f3 a Xiva despr\u00e9s d&#8217;invertir m\u00e9s de 40 milions en infraestructures i ajudes"},"content":{"rendered":"\n<h3 class=\"wp-block-heading\">Entre altres actuacions, s&#8217;han reposat dues passarel\u00b7les i dos ponts, s&#8217;han retirat 15.000 tones de residus i s&#8217;han reparat 22 camins rurals i 19 dics forestals.<\/h3>\n\n\n\n<h3 class=\"wp-block-heading\">Mart\u00ednez Mus ressalta que &#8220;del total invertit, 29 milions s&#8217;han destinat a ajudes directes a la poblaci\u00f3, per a facilitar-los la volta a la normalitat despr\u00e9s de la riuada\u201d.<\/h3>\n\n\n\n<p>La Generalitat ha finalitzat la primera fase de la reconstrucci\u00f3 a Xiva despr\u00e9s d&#8217;invertir m\u00e9s de 40 milions en el municipi, d&#8217;una banda, amb un programa de reconstrucci\u00f3 d&#8217;infraestructures i instal\u00b7lacions al qual s&#8217;han destinat 31 milions i, per una altra, amb la concessi\u00f3 d&#8217;ajudes a la ciutadania per valor, fins al moment, de 29 milions.<\/p>\n\n\n\n<p>Aix\u00ed ho ha manifestat el vicepresident tercer i conseller de Medi Ambient, Infraestructures, Territori i de la Recuperaci\u00f3, Vicente Mart\u00ednez Mus, qui ha visitat el municipi despr\u00e9s de la finalitzaci\u00f3 de la reconstrucci\u00f3 de la passarel\u00b7la que connecta el carrer Ram\u00f3n y Cajal amb el carrer Cruz de Pedra, una reposici\u00f3 que s&#8217;ha realitzat amb criteris m\u00e9s resilients. Aix\u00ed, la nova estructura s&#8217;ha elevat un metre respecte a l&#8217;anterior per a augmentar el pas de l&#8217;aigua.&nbsp;<\/p>\n\n\n\n<p>El vicepresident ha aprofitat la seua visita per a fer balan\u00e7 de les iniciatives desenvolupades pel Consell en el municipi i ha assenyalat que \u201cles actuacions dutes a terme permeten donar per finalitzada la primera fase de la recuperaci\u00f3 en la qual s&#8217;ha netejat el poble de tots els residus arrossegats per la riuada, s&#8217;han reposat les infraestructures m\u00e9s urgents i s&#8217;ha at\u00e9s, a trav\u00e9s de les ajudes, les necessitats m\u00e9s perempt\u00f2ries de la poblaci\u00f3\u201d.&nbsp;<\/p>\n\n\n\n<p>\u201cSom conscients que queda treball per fer, per aix\u00f2 a partir d&#8217;ara iniciem una segona fase de la recuperaci\u00f3 en la qual actuarem sobre altres infraestructures pendents i, sobretot, treballarem per impulsar la reactivaci\u00f3 econ\u00f2mica i social de tot el municipi, perqu\u00e8 torne a ser un nucli de creaci\u00f3 d&#8217;ocupaci\u00f3 i oportunitats per als seus ve\u00efns\u201d, ha assenyalat Mart\u00ednez Mus.&nbsp;<\/p>\n\n\n\n<figure class=\"wp-block-image size-large\"><img loading=\"lazy\" decoding=\"async\" width=\"1024\" height=\"768\" src=\"https:\/\/www.tucomarca.com\/wordpress\/segunda\/wp-content\/uploads\/2026\/04\/ChivaMusDanaPasarela2-1024x768.jpeg\" alt=\"\" class=\"wp-image-299836\" srcset=\"https:\/\/www.tucomarca.com\/wordpress\/segunda\/wp-content\/uploads\/2026\/04\/ChivaMusDanaPasarela2-1024x768.jpeg 1024w, https:\/\/www.tucomarca.com\/wordpress\/segunda\/wp-content\/uploads\/2026\/04\/ChivaMusDanaPasarela2-300x225.jpeg 300w, https:\/\/www.tucomarca.com\/wordpress\/segunda\/wp-content\/uploads\/2026\/04\/ChivaMusDanaPasarela2-768x576.jpeg 768w, https:\/\/www.tucomarca.com\/wordpress\/segunda\/wp-content\/uploads\/2026\/04\/ChivaMusDanaPasarela2-1536x1152.jpeg 1536w, https:\/\/www.tucomarca.com\/wordpress\/segunda\/wp-content\/uploads\/2026\/04\/ChivaMusDanaPasarela2-678x509.jpeg 678w, https:\/\/www.tucomarca.com\/wordpress\/segunda\/wp-content\/uploads\/2026\/04\/ChivaMusDanaPasarela2-326x245.jpeg 326w, https:\/\/www.tucomarca.com\/wordpress\/segunda\/wp-content\/uploads\/2026\/04\/ChivaMusDanaPasarela2-80x60.jpeg 80w, https:\/\/www.tucomarca.com\/wordpress\/segunda\/wp-content\/uploads\/2026\/04\/ChivaMusDanaPasarela2.jpeg 1600w\" sizes=\"auto, (max-width: 1024px) 100vw, 1024px\" \/><\/figure>\n\n\n\n<p><\/p>\n\n\n\n<p><strong>Infraestructures reposades<\/strong><\/p>\n\n\n\n<p>El vicepresident tercer ha detallat algunes de les obres en infraestructures danyades per les riuades que ha dut a terme la Generalitat, que ascendeixen a 3,1 milions i inclouen la reposici\u00f3 de dues passarel\u00b7les, l&#8217;esmentada del carrer Ram\u00f3n y Cajal i la del carrer Pintor Mora Yuste, i la reconstrucci\u00f3 de dos ponts, el del carrer Enrique Ponce i el del cam\u00ed Perenchiza.<\/p>\n\n\n\n<p>\u201cDes del Consell hem sigut capa\u00e7os d&#8217;executar aquestes infraestructures en poc m\u00e9s d&#8217;any i mig, en lloc dels m\u00e9s de tres anys de planificaci\u00f3, disseny i execuci\u00f3 que sol tindre aquest tipus d&#8217;obres, conscients de la seua import\u00e0ncia perqu\u00e8 la ciutadania poguera reprendre el seu dia a dia\u201d, ha assenyalat Mart\u00ednez Mus.<\/p>\n\n\n\n<p>Aix\u00ed mateix, el Consell tamb\u00e9 ha assistit a l&#8217;Ajuntament de Xiva en la retirada i gesti\u00f3 de 15.000 tones de residus generats per la riuada i d&#8217;enderrocs derivats de les obres de reconstrucci\u00f3, davant la impossibilitat del consistori de dur a terme aquesta tasca amb els seus propis mitjans. la Generalitat ha invertit en aquesta acci\u00f3, de compet\u00e8ncia municipal, 3,3 milions.&nbsp;<\/p>\n\n\n\n<p>D&#8217;altra banda, des del Govern valenci\u00e0 tamb\u00e9 s&#8217;han reparat, amb un pressupost de 1,5 milions, un total de 22 camins camins rurals en el terme municipal i el barranc de Xiva, s&#8217;han destinat prop de 900.000 euros a restaurar 19 dics hidrologicoforestals i s&#8217;han estabilitzat les muralles del Castell (400.000 euros).<\/p>\n\n\n\n<p>Per part seua, la directora general de Recuperaci\u00f3 i Reconstrucci\u00f3, Sandra Castillo, qui tamb\u00e9 ha assistit a l&#8217;acte, ha posat en valor les actuacions que ha dut a terme la Generalitat en el Espai Labora de Xiva per import de 300.000 euros i en quatre centres educatius (CEIP La Murta, CEIP Franciso Mart\u00ednez Culla, IES Mariana i l&#8217;Escola d&#8217;Adults) per 92.000 euros.&nbsp;<\/p>\n\n\n\n<p>Totes aquestes actuacions s&#8217;engloben en el Pla Endavant de Recuperaci\u00f3 que preveu un total de 343 actuacions per a la recuperaci\u00f3 econ\u00f2mic social de la Comunitat Valenciana despr\u00e9s de la riuada del 29 d&#8217;octubre de 2024.<\/p>\n\n\n\n<p><\/p>\n\n\n\n<figure class=\"wp-block-image size-large\"><img loading=\"lazy\" decoding=\"async\" width=\"1024\" height=\"576\" src=\"https:\/\/www.tucomarca.com\/wordpress\/segunda\/wp-content\/uploads\/2026\/04\/ChivaMusDanaPasarela3-1024x576.jpeg\" alt=\"\" class=\"wp-image-299838\" srcset=\"https:\/\/www.tucomarca.com\/wordpress\/segunda\/wp-content\/uploads\/2026\/04\/ChivaMusDanaPasarela3-1024x576.jpeg 1024w, https:\/\/www.tucomarca.com\/wordpress\/segunda\/wp-content\/uploads\/2026\/04\/ChivaMusDanaPasarela3-300x169.jpeg 300w, https:\/\/www.tucomarca.com\/wordpress\/segunda\/wp-content\/uploads\/2026\/04\/ChivaMusDanaPasarela3-768x432.jpeg 768w, https:\/\/www.tucomarca.com\/wordpress\/segunda\/wp-content\/uploads\/2026\/04\/ChivaMusDanaPasarela3-1536x864.jpeg 1536w, https:\/\/www.tucomarca.com\/wordpress\/segunda\/wp-content\/uploads\/2026\/04\/ChivaMusDanaPasarela3-2048x1152.jpeg 2048w, https:\/\/www.tucomarca.com\/wordpress\/segunda\/wp-content\/uploads\/2026\/04\/ChivaMusDanaPasarela3-678x381.jpeg 678w\" sizes=\"auto, (max-width: 1024px) 100vw, 1024px\" \/><\/figure>\n","protected":false},"excerpt":{"rendered":"<div class=\"mh-excerpt\">Entre altres actuacions, s&#8217;han reposat dues passarel\u00b7les i dos ponts, s&#8217;han retirat 15.000 tones de residus i s&#8217;han reparat 22 camins rurals i 19 dics forestals. Mart\u00ednez Mus ressalta que &#8220;del total invertit, 29 milions <a class=\"mh-excerpt-more\" href=\"https:\/\/www.tucomarca.com\/wordpress\/segunda\/ca\/la-generalitat-finalitza-la-primera-fase-de-la-reconstruccio-a-xiva-despres-dinvertir-mes-de-40-milions-en-infraestructures-i-ajudes\/\" title=\"La Generalitat finalitza la primera fase de la reconstrucci\u00f3 a Xiva despr\u00e9s d&#8217;invertir m\u00e9s de 40 milions en infraestructures i ajudes\">[+] <\/a><\/div>\n","protected":false},"author":1,"featured_media":299835,"comment_status":"closed","ping_status":"open","sticky":false,"template":"","format":"gallery","meta":{"footnotes":""},"categories":[21466,10898,10948,10894,10904,10912,10903,10947,10896,10897,10975],"tags":[11195,15409,10914],"class_list":{"0":"post-299845","1":"post","2":"type-post","3":"status-publish","4":"format-gallery","5":"has-post-thumbnail","7":"category-dana-ca","8":"category-ventana-ca","9":"category-infraestructuras-ca","10":"category-la-comarca-ca","11":"category-sin-categorizar-ca","12":"category-la-hoya-ca","13":"category-medio-ambiente-la-comarca-ca","14":"category-politica","15":"category-seccion-ca","16":"category-sucesos-la-comarca-ca","17":"category-chiva-ca","18":"tag-chiva-ca","19":"tag-dana-2-ca","20":"tag-la-hoya-de-bunol-chiva-ca","21":"post_format-post-format-gallery"},"_links":{"self":[{"href":"https:\/\/www.tucomarca.com\/wordpress\/segunda\/ca\/wp-json\/wp\/v2\/posts\/299845","targetHints":{"allow":["GET"]}}],"collection":[{"href":"https:\/\/www.tucomarca.com\/wordpress\/segunda\/ca\/wp-json\/wp\/v2\/posts"}],"about":[{"href":"https:\/\/www.tucomarca.com\/wordpress\/segunda\/ca\/wp-json\/wp\/v2\/types\/post"}],"author":[{"embeddable":true,"href":"https:\/\/www.tucomarca.com\/wordpress\/segunda\/ca\/wp-json\/wp\/v2\/users\/1"}],"replies":[{"embeddable":true,"href":"https:\/\/www.tucomarca.com\/wordpress\/segunda\/ca\/wp-json\/wp\/v2\/comments?post=299845"}],"version-history":[{"count":2,"href":"https:\/\/www.tucomarca.com\/wordpress\/segunda\/ca\/wp-json\/wp\/v2\/posts\/299845\/revisions"}],"predecessor-version":[{"id":299849,"href":"https:\/\/www.tucomarca.com\/wordpress\/segunda\/ca\/wp-json\/wp\/v2\/posts\/299845\/revisions\/299849"}],"wp:featuredmedia":[{"embeddable":true,"href":"https:\/\/www.tucomarca.com\/wordpress\/segunda\/ca\/wp-json\/wp\/v2\/media\/299835"}],"wp:attachment":[{"href":"https:\/\/www.tucomarca.com\/wordpress\/segunda\/ca\/wp-json\/wp\/v2\/media?parent=299845"}],"wp:term":[{"taxonomy":"category","embeddable":true,"href":"https:\/\/www.tucomarca.com\/wordpress\/segunda\/ca\/wp-json\/wp\/v2\/categories?post=299845"},{"taxonomy":"post_tag","embeddable":true,"href":"https:\/\/www.tucomarca.com\/wordpress\/segunda\/ca\/wp-json\/wp\/v2\/tags?post=299845"}],"curies":[{"name":"wp","href":"https:\/\/api.w.org\/{rel}","templated":true}]}}