{"id":299854,"date":"2026-04-24T08:45:00","date_gmt":"2026-04-24T06:45:00","guid":{"rendered":"https:\/\/www.tucomarca.com\/wordpress\/segunda\/?p=299854"},"modified":"2026-04-24T19:59:49","modified_gmt":"2026-04-24T17:59:49","slug":"turis-celebra-aquest-diumenge-la-xi-cavalcada-del-foc-organitzada-per-la-falla-placa-del-mercat","status":"publish","type":"post","link":"https:\/\/www.tucomarca.com\/wordpress\/segunda\/ca\/turis-celebra-aquest-diumenge-la-xi-cavalcada-del-foc-organitzada-per-la-falla-placa-del-mercat\/","title":{"rendered":"Tur\u00eds celebra aquest diumenge la XI Cavalcada del Foc, organitzada per la Falla Pla\u00e7a del Mercat"},"content":{"rendered":"\n<p>La XI Cavalcada del Foc de Tur\u00eds, organitzada per la Falla Pla\u00e7a del Mercat de Tur\u00eds, se celebrar\u00e0 finalment este diumenge 26 d&#8217;abril despr\u00e9s d&#8217;haver sigut ajornada el passat diumenge de falles a causa de l&#8217;activaci\u00f3 del nivell 3 del dispositiu Previfoc.<\/p>\n\n\n\n<p>Este esdeveniment, ja consolidat com un dels actes m\u00e9s simb\u00f2lics de les festes falleres a Tur\u00eds, posa el punt final a les celebracions amb un espectacle ple de m\u00fasica,&nbsp;llum, foc i emoci\u00f3. La Cavalcada del Foc representa un moment especialment significatiu, ja que \u00e9s l&#8217;acte en qu\u00e8 les Falleres Majors eixents transmeten el testimoni del foc a les actuals&nbsp;representants, simbolitzant la continu\u00eftat de la festa i el relleu dins del m\u00f3n faller.<\/p>\n\n\n\n<p>Enguany, la cavalcada estar\u00e0 inspirada en els Carnestoltes del m\u00f3n: Ven\u00e8cia, Rio de Janeiro, M\u00e8xic i \u00cdndia. Estos quatre escenaris ompliran els carrers i la pla\u00e7a, transportant el p\u00fablic a un univers m\u00e0gic d&#8217;il\u00b7lusi\u00f3 i fantasia, amb tota l&#8217;espectacularitat i eleg\u00e0ncia que caracteritza esta festa arreu del m\u00f3n.<\/p>\n\n\n\n<p>Amb el testimoni del foc ja en mans de les les Falleres Majors, Valentina i Elena encendran el final de festa amb un magn\u00edfic espectacle pirodigital a la Pla\u00e7a Vicent Ribes, a c\u00e0rrec de Pirot\u00e8cnia Tur\u00eds, que posar\u00e0 el fermall d&#8217;or a una jornada plena d&#8217;emoci\u00f3 i tradici\u00f3.<\/p>\n\n\n\n<p>Des de l&#8217;organitzaci\u00f3 s&#8217;anima a ve\u00efns, ve\u00efnes i visitants a participar en este acte tan especial, que combina cultura, tradici\u00f3 i sentiment faller en una cita imprescindible del calendari festiu local.<\/p>\n","protected":false},"excerpt":{"rendered":"<div class=\"mh-excerpt\">La XI Cavalcada del Foc de Tur\u00eds, organitzada per la Falla Pla\u00e7a del Mercat de Tur\u00eds, se celebrar\u00e0 finalment este diumenge 26 d&#8217;abril despr\u00e9s d&#8217;haver sigut ajornada el passat diumenge de falles a causa de <a class=\"mh-excerpt-more\" href=\"https:\/\/www.tucomarca.com\/wordpress\/segunda\/ca\/turis-celebra-aquest-diumenge-la-xi-cavalcada-del-foc-organitzada-per-la-falla-placa-del-mercat\/\" title=\"Tur\u00eds celebra aquest diumenge la XI Cavalcada del Foc, organitzada per la Falla Pla\u00e7a del Mercat\">[+] <\/a><\/div>\n","protected":false},"author":12,"featured_media":299852,"comment_status":"closed","ping_status":"open","sticky":false,"template":"","format":"standard","meta":{"footnotes":""},"categories":[11019,10894,10902,11007,10896,11047],"tags":[11776,11077,11093],"class_list":{"0":"post-299854","1":"post","2":"type-post","3":"status-publish","4":"format-standard","5":"has-post-thumbnail","7":"category-agenda-ca","8":"category-la-comarca-ca","9":"category-la-ribera-ca","10":"category-ocio-y-cultura-ca","11":"category-seccion-ca","12":"category-turis-ca","13":"tag-falla-ca","14":"tag-la-ribera-alta-ca","15":"tag-turis-ca"},"_links":{"self":[{"href":"https:\/\/www.tucomarca.com\/wordpress\/segunda\/ca\/wp-json\/wp\/v2\/posts\/299854","targetHints":{"allow":["GET"]}}],"collection":[{"href":"https:\/\/www.tucomarca.com\/wordpress\/segunda\/ca\/wp-json\/wp\/v2\/posts"}],"about":[{"href":"https:\/\/www.tucomarca.com\/wordpress\/segunda\/ca\/wp-json\/wp\/v2\/types\/post"}],"author":[{"embeddable":true,"href":"https:\/\/www.tucomarca.com\/wordpress\/segunda\/ca\/wp-json\/wp\/v2\/users\/12"}],"replies":[{"embeddable":true,"href":"https:\/\/www.tucomarca.com\/wordpress\/segunda\/ca\/wp-json\/wp\/v2\/comments?post=299854"}],"version-history":[{"count":2,"href":"https:\/\/www.tucomarca.com\/wordpress\/segunda\/ca\/wp-json\/wp\/v2\/posts\/299854\/revisions"}],"predecessor-version":[{"id":299857,"href":"https:\/\/www.tucomarca.com\/wordpress\/segunda\/ca\/wp-json\/wp\/v2\/posts\/299854\/revisions\/299857"}],"wp:featuredmedia":[{"embeddable":true,"href":"https:\/\/www.tucomarca.com\/wordpress\/segunda\/ca\/wp-json\/wp\/v2\/media\/299852"}],"wp:attachment":[{"href":"https:\/\/www.tucomarca.com\/wordpress\/segunda\/ca\/wp-json\/wp\/v2\/media?parent=299854"}],"wp:term":[{"taxonomy":"category","embeddable":true,"href":"https:\/\/www.tucomarca.com\/wordpress\/segunda\/ca\/wp-json\/wp\/v2\/categories?post=299854"},{"taxonomy":"post_tag","embeddable":true,"href":"https:\/\/www.tucomarca.com\/wordpress\/segunda\/ca\/wp-json\/wp\/v2\/tags?post=299854"}],"curies":[{"name":"wp","href":"https:\/\/api.w.org\/{rel}","templated":true}]}}