{"id":299858,"date":"2026-04-24T11:30:00","date_gmt":"2026-04-24T09:30:00","guid":{"rendered":"https:\/\/www.tucomarca.com\/wordpress\/segunda\/?p=299858"},"modified":"2026-04-24T19:15:39","modified_gmt":"2026-04-24T17:15:39","slug":"digital-ia-amplia-el-seu-abast-per-a-impulsar-la-recuperacio-digital-dels-municipis-afectats-per-la-dana","status":"publish","type":"post","link":"https:\/\/www.tucomarca.com\/wordpress\/segunda\/ca\/digital-ia-amplia-el-seu-abast-per-a-impulsar-la-recuperacio-digital-dels-municipis-afectats-per-la-dana\/","title":{"rendered":"Digital-IA amplia el seu abast per a impulsar la recuperaci\u00f3 digital dels municipis afectats per la DANA"},"content":{"rendered":"\n<h3 class=\"wp-block-heading\">M\u00e9s de 40 localitats valencianes, accedeixen ja a la formaci\u00f3 gratu\u00efta en intel\u00b7lig\u00e8ncia artificial impulsada per la Fundaci\u00f3 ValgrAI.<\/h3>\n\n\n\n<p>El programa de formaci\u00f3 d&#8217;Intel\u00b7lig\u00e8ncia Artificial per a la ciutadania Digital-IA, impulsat per la Fundaci\u00f3 ValgrAI fa un pas decisiu en el seu comprom\u00eds amb la transformaci\u00f3 digital inclusiva en ampliar el nombre de municipis beneficiaris, incorporant a m\u00e9s de 40 noves localitats de la Comunitat Valenciana, moltes d&#8217;elles greument afectades per la recent DANA.<\/p>\n\n\n\n<p>Aquesta ampliaci\u00f3 marca una fita rellevant en l&#8217;evoluci\u00f3 del programa, ja que, per primera vegada, els municipis s&#8217;incorporen amb independ\u00e8ncia de la seua grand\u00e0ria poblacional, atenent la seua especial situaci\u00f3 de vulnerabilitat territorial i social. En la fase anterior, Digital-IA ja inclo\u00efa municipis afectats per la DANA, per\u00f2 \u00fanicament aquells amb menys de 20.000 habitants de la Comunitat Valenciana que no formaven part d&#8217;una \u00e0rea urbana funcional. Ara, el criteri s&#8217;amplia per a garantir que cap territori quede arrere en l&#8217;acc\u00e9s a la formaci\u00f3 en intel\u00b7lig\u00e8ncia artificial.<\/p>\n\n\n\n<p>Entre els nous municipis incorporats es troben Alaqu\u00e0s, Albal, Alc\u00e0sser, l&#8217;Alc\u00fadia, Aldaia, Alfafar, Alfarb, Algemes\u00ed, Alginet, Almussafes, Alzira, Benet\u00fasser, Benifai\u00f3, Beniparrell, B\u00e9tera, Bunyol, Catarroja, Xest, Cullera, Loriguilla, Manises, Massanassa, Mislata, Montroi\/Montroi, Montserrat, Paiporta, Paterna, Picanya, Picassent, Quart de Poblet, Requena, Riba-roja de T\u00faria, Sedav\u00ed, Silla, Sollana, Sueca, Torrent, Xiva, Godelleta, Ll\u00edria i Llocnou de la Corona, aix\u00ed com les pedanies del sud de Val\u00e8ncia: Faitanar, La Torre, Forn d&#8217;Alcedo, Castellar-Oliveral, Pinedo, El Saler, El Perellonet i El Palmar.<\/p>\n\n\n\n<p>Tots aquests territoris poden accedir des d&#8217;aquest moment a l&#8217;oferta formativa gratu\u00efta disponible en la plataforma Digital-IA, orientada a millorar les compet\u00e8ncies digitals i el coneixement en intel\u00b7lig\u00e8ncia artificial de ciutadans, professionals i teixit empresarial.<\/p>\n\n\n\n<p>La inclusi\u00f3 d&#8217;aquests municipis no sols respon a criteris d&#8217;equitat territorial, sin\u00f3 tamb\u00e9 a una estrat\u00e8gia clara de recuperaci\u00f3 i resili\u00e8ncia. La DANA va deixar importants impactes econ\u00f2mics i socials en aquestes zones, i la capacitaci\u00f3 en tecnologies emergents es presenta com una eina clau per a reactivar l&#8217;activitat, fomentar l&#8217;ocupabilitat i enfortir el teixit productiu local.<\/p>\n\n\n\n<p>Digital-IA (<a href=\"https:\/\/digitalia.valgrai.eu\/\" target=\"_blank\" rel=\"noreferrer noopener\"><u>https:\/\/digitalia.valgrai.eu<\/u><\/a>) refor\u00e7a aix\u00ed el seu paper com a palanca de transformaci\u00f3, apostant per una digitalitzaci\u00f3 que no ent\u00e9n de l\u00edmits geogr\u00e0fics ni demogr\u00e0fics, i que situa a les persones en el centre del canvi. Aquesta nova fase del programa consolida un model m\u00e9s inclusiu, adaptat a les necessitats reals del territori i alineat amb els reptes actuals de la societat.<\/p>\n\n\n\n<p>Amb aquesta ampliaci\u00f3, la Comunitat Valenciana avan\u00e7a cap a un ecosistema m\u00e9s preparat, resilient i competitiu, on la intel\u00b7lig\u00e8ncia artificial es converteix en una oportunitat real per a tots.<\/p>\n","protected":false},"excerpt":{"rendered":"<div class=\"mh-excerpt\">M\u00e9s de 40 localitats valencianes, accedeixen ja a la formaci\u00f3 gratu\u00efta en intel\u00b7lig\u00e8ncia artificial impulsada per la Fundaci\u00f3 ValgrAI. El programa de formaci\u00f3 d&#8217;Intel\u00b7lig\u00e8ncia Artificial per a la ciutadania Digital-IA, impulsat per la Fundaci\u00f3 ValgrAI <a class=\"mh-excerpt-more\" href=\"https:\/\/www.tucomarca.com\/wordpress\/segunda\/ca\/digital-ia-amplia-el-seu-abast-per-a-impulsar-la-recuperacio-digital-dels-municipis-afectats-per-la-dana\/\" title=\"Digital-IA amplia el seu abast per a impulsar la recuperaci\u00f3 digital dels municipis afectats per la DANA\">[+] <\/a><\/div>\n","protected":false},"author":1,"featured_media":296766,"comment_status":"closed","ping_status":"open","sticky":false,"template":"","format":"standard","meta":{"footnotes":""},"categories":[10982,10983,10889,10987,10937,10911,10892,21466,10898,10977,10948,10894,10904,10912,10902,10928,11000,11001,11007,10908,10909,10896,10974,10975],"tags":[10899,15409,10914,11077,10910],"class_list":{"0":"post-299858","1":"post","2":"type-post","3":"status-publish","4":"format-standard","5":"has-post-thumbnail","7":"category-alfarp-ca","8":"category-algemesi-ca","9":"category-alzira-cat","10":"category-benifaio-ca","11":"category-betera-ca","12":"category-bunol-ca","13":"category-camp-de-turia-ca","14":"category-dana-ca","15":"category-ventana-ca","16":"category-godelleta-ca","17":"category-infraestructuras-ca","18":"category-la-comarca-ca","19":"category-sin-categorizar-ca","20":"category-la-hoya-ca","21":"category-la-ribera-ca","22":"category-lliria-ca","23":"category-monserrat-ca","24":"category-montroi-ca","25":"category-ocio-y-cultura-ca","26":"category-requena-ca","27":"category-requena-utiel-ca","28":"category-seccion-ca","29":"category-cheste-ca","30":"category-chiva-ca","31":"tag-camp-de-turia-ca","32":"tag-dana-2-ca","33":"tag-la-hoya-de-bunol-chiva-ca","34":"tag-la-ribera-alta-ca","35":"tag-requena-utiel-ca"},"_links":{"self":[{"href":"https:\/\/www.tucomarca.com\/wordpress\/segunda\/ca\/wp-json\/wp\/v2\/posts\/299858","targetHints":{"allow":["GET"]}}],"collection":[{"href":"https:\/\/www.tucomarca.com\/wordpress\/segunda\/ca\/wp-json\/wp\/v2\/posts"}],"about":[{"href":"https:\/\/www.tucomarca.com\/wordpress\/segunda\/ca\/wp-json\/wp\/v2\/types\/post"}],"author":[{"embeddable":true,"href":"https:\/\/www.tucomarca.com\/wordpress\/segunda\/ca\/wp-json\/wp\/v2\/users\/1"}],"replies":[{"embeddable":true,"href":"https:\/\/www.tucomarca.com\/wordpress\/segunda\/ca\/wp-json\/wp\/v2\/comments?post=299858"}],"version-history":[{"count":2,"href":"https:\/\/www.tucomarca.com\/wordpress\/segunda\/ca\/wp-json\/wp\/v2\/posts\/299858\/revisions"}],"predecessor-version":[{"id":299860,"href":"https:\/\/www.tucomarca.com\/wordpress\/segunda\/ca\/wp-json\/wp\/v2\/posts\/299858\/revisions\/299860"}],"wp:featuredmedia":[{"embeddable":true,"href":"https:\/\/www.tucomarca.com\/wordpress\/segunda\/ca\/wp-json\/wp\/v2\/media\/296766"}],"wp:attachment":[{"href":"https:\/\/www.tucomarca.com\/wordpress\/segunda\/ca\/wp-json\/wp\/v2\/media?parent=299858"}],"wp:term":[{"taxonomy":"category","embeddable":true,"href":"https:\/\/www.tucomarca.com\/wordpress\/segunda\/ca\/wp-json\/wp\/v2\/categories?post=299858"},{"taxonomy":"post_tag","embeddable":true,"href":"https:\/\/www.tucomarca.com\/wordpress\/segunda\/ca\/wp-json\/wp\/v2\/tags?post=299858"}],"curies":[{"name":"wp","href":"https:\/\/api.w.org\/{rel}","templated":true}]}}