{"id":299865,"date":"2026-04-24T11:31:00","date_gmt":"2026-04-24T09:31:00","guid":{"rendered":"https:\/\/www.tucomarca.com\/wordpress\/segunda\/?p=299865"},"modified":"2026-04-24T20:21:26","modified_gmt":"2026-04-24T18:21:26","slug":"la-diputacio-impulsa-la-formacio-en-gestio-de-laigua-per-a-municipis-de-menor-poblacio-amb-un-curs-en-la-upv","status":"publish","type":"post","link":"https:\/\/www.tucomarca.com\/wordpress\/segunda\/ca\/la-diputacio-impulsa-la-formacio-en-gestio-de-laigua-per-a-municipis-de-menor-poblacio-amb-un-curs-en-la-upv\/","title":{"rendered":"La Diputaci\u00f3 impulsa la formaci\u00f3 en gesti\u00f3 de l&#8217;aigua per a municipis de menor poblaci\u00f3 amb un curs en la UPV"},"content":{"rendered":"\n<h3 class=\"wp-block-heading\">El diputat de Cicle Integral de l&#8217;Aigua, Paco Comes, participa en la jornada apel\u00b7lant a &#8220;la formaci\u00f3 com a millor ferramenta per als responsables municipals puguen prendre decisions fonamentades i millorar aix\u00ed l&#8217;efici\u00e8ncia del servici&#8221;.<\/h3>\n\n\n\n<p>La Diputaci\u00f3 de Val\u00e8ncia ha inaugurat hui a la Universitat Polit\u00e8cnica de Val\u00e8ncia el curs Gesti\u00f3 del cicle integral de l&#8217;aigua en municipis menors de 20.000 habitants, una acci\u00f3 formativa dirigida a t\u00e8cnics i responsables municipals de la prov\u00edncia.<\/p>\n\n\n\n<p>El curs, de modalitat presencial i amb una duraci\u00f3 de 40 hores, es desenvolupa en el Sal\u00f3 de Graus de l&#8217;Escola T\u00e8cnica Superior d&#8217;Enginyers Industrials i est\u00e0 organitzat pel Servici d&#8217;Aig\u00fces, Residus i Empreses P\u00fabliques de la Diputaci\u00f3, en col\u00b7laboraci\u00f3 amb l&#8217;ITA de la UPV, dirigit pel Catedr\u00e0tic Dr. Enrique Cabrera Rochera.<\/p>\n\n\n\n<p>Durant la inauguraci\u00f3, el diputat del Cicle Integral de l&#8217;Aigua, Paco Comes, ha destacat que la gesti\u00f3 del cicle integral de l&#8217;aigua \u00e9s \u201cun dels servicis p\u00fablics essencials que han de garantir els ajuntaments, especialment en els municipis de menor poblaci\u00f3, on les dificultats t\u00e8cniques i econ\u00f2miques s\u00f3n majors\u201d. En este sentit, ha subratllat la import\u00e0ncia de \u201cdotar als responsables municipals de coneixements actualitzats que els permeten prendre decisions fonamentades i millorar l&#8217;efici\u00e8ncia del servici\u201d.<\/p>\n\n\n\n<p>L&#8217;acci\u00f3 formativa aborda aspectes clau com la gesti\u00f3 eficient del servici, el modelatge hidr\u00e0ulic de xarxes, el control de consums i p\u00e8rdues, la gesti\u00f3 d&#8217;actius, l&#8217;optimitzaci\u00f3 energ\u00e8tica, el sanejament i la sostenibilitat econ\u00f2mica del cicle integral de l&#8217;aigua; combinant continguts te\u00f2rics amb casos pr\u00e0ctics i atenci\u00f3 individualitzada als municipis participants.<\/p>\n\n\n\n<p>Comes ha posat en valor que este curs forma part d&#8217;una nova l\u00ednia de formaci\u00f3 impulsada en esta legislatura, centrada en la gesti\u00f3 dels servicis d&#8217;aigua i residus, desenrotllada des de l&#8217;\u00e0rea responsable i en coordinaci\u00f3 amb el Servici de Formaci\u00f3 de la Diputaci\u00f3: \u201ces tracta d&#8217;una aposta clara per la formaci\u00f3 com a ferramenta de suport directe als ajuntaments\u201d, ha assenyalat.<\/p>\n\n\n\n<p>&#8220;Amb esta iniciativa, -ha concl\u00f2s el diputat- la Diputaci\u00f3 reafirma el seu comprom\u00eds amb l&#8217;enfortiment de la capacitat t\u00e8cnica dels municipis i amb la millora cont\u00ednua dels servicis p\u00fablics locals&#8221;.<\/p>\n\n\n\n<p><\/p>\n","protected":false},"excerpt":{"rendered":"<div class=\"mh-excerpt\">El diputat de Cicle Integral de l&#8217;Aigua, Paco Comes, participa en la jornada apel\u00b7lant a &#8220;la formaci\u00f3 com a millor ferramenta per als responsables municipals puguen prendre decisions fonamentades i millorar aix\u00ed l&#8217;efici\u00e8ncia del servici&#8221;. <a class=\"mh-excerpt-more\" href=\"https:\/\/www.tucomarca.com\/wordpress\/segunda\/ca\/la-diputacio-impulsa-la-formacio-en-gestio-de-laigua-per-a-municipis-de-menor-poblacio-amb-un-curs-en-la-upv\/\" title=\"La Diputaci\u00f3 impulsa la formaci\u00f3 en gesti\u00f3 de l&#8217;aigua per a municipis de menor poblaci\u00f3 amb un curs en la UPV\">[+] <\/a><\/div>\n","protected":false},"author":12,"featured_media":299864,"comment_status":"closed","ping_status":"open","sticky":false,"template":"","format":"standard","meta":{"footnotes":""},"categories":[10898,10948,10894,10904,10903,10947,10896],"tags":[24207,11246,12693],"class_list":{"0":"post-299865","1":"post","2":"type-post","3":"status-publish","4":"format-standard","5":"has-post-thumbnail","7":"category-ventana-ca","8":"category-infraestructuras-ca","9":"category-la-comarca-ca","10":"category-sin-categorizar-ca","11":"category-medio-ambiente-la-comarca-ca","12":"category-politica","13":"category-seccion-ca","14":"tag-ciclo-integral-del-agua","15":"tag-diputacio-de-valencia-ca","16":"tag-upv-ca"},"_links":{"self":[{"href":"https:\/\/www.tucomarca.com\/wordpress\/segunda\/ca\/wp-json\/wp\/v2\/posts\/299865","targetHints":{"allow":["GET"]}}],"collection":[{"href":"https:\/\/www.tucomarca.com\/wordpress\/segunda\/ca\/wp-json\/wp\/v2\/posts"}],"about":[{"href":"https:\/\/www.tucomarca.com\/wordpress\/segunda\/ca\/wp-json\/wp\/v2\/types\/post"}],"author":[{"embeddable":true,"href":"https:\/\/www.tucomarca.com\/wordpress\/segunda\/ca\/wp-json\/wp\/v2\/users\/12"}],"replies":[{"embeddable":true,"href":"https:\/\/www.tucomarca.com\/wordpress\/segunda\/ca\/wp-json\/wp\/v2\/comments?post=299865"}],"version-history":[{"count":3,"href":"https:\/\/www.tucomarca.com\/wordpress\/segunda\/ca\/wp-json\/wp\/v2\/posts\/299865\/revisions"}],"predecessor-version":[{"id":299894,"href":"https:\/\/www.tucomarca.com\/wordpress\/segunda\/ca\/wp-json\/wp\/v2\/posts\/299865\/revisions\/299894"}],"wp:featuredmedia":[{"embeddable":true,"href":"https:\/\/www.tucomarca.com\/wordpress\/segunda\/ca\/wp-json\/wp\/v2\/media\/299864"}],"wp:attachment":[{"href":"https:\/\/www.tucomarca.com\/wordpress\/segunda\/ca\/wp-json\/wp\/v2\/media?parent=299865"}],"wp:term":[{"taxonomy":"category","embeddable":true,"href":"https:\/\/www.tucomarca.com\/wordpress\/segunda\/ca\/wp-json\/wp\/v2\/categories?post=299865"},{"taxonomy":"post_tag","embeddable":true,"href":"https:\/\/www.tucomarca.com\/wordpress\/segunda\/ca\/wp-json\/wp\/v2\/tags?post=299865"}],"curies":[{"name":"wp","href":"https:\/\/api.w.org\/{rel}","templated":true}]}}