{"id":299885,"date":"2026-04-24T11:50:00","date_gmt":"2026-04-24T09:50:00","guid":{"rendered":"https:\/\/www.tucomarca.com\/wordpress\/segunda\/?p=299885"},"modified":"2026-04-24T20:17:34","modified_gmt":"2026-04-24T18:17:34","slug":"mompo-apella-a-la-unitat-de-la-ciutadania-valenciana-cal-defendre-el-que-ens-correspon-sense-complexos","status":"publish","type":"post","link":"https:\/\/www.tucomarca.com\/wordpress\/segunda\/ca\/mompo-apella-a-la-unitat-de-la-ciutadania-valenciana-cal-defendre-el-que-ens-correspon-sense-complexos\/","title":{"rendered":"Momp\u00f3 apel\u00b7la a la unitat de la ciutadania valenciana: \u201cCal defendre el que ens correspon sense complexos\u201d"},"content":{"rendered":"\n<h3 class=\"wp-block-heading\">La Diputaci\u00f3 de Val\u00e8ncia acull la presentaci\u00f3 del Cicle de Jornades Jaume I organitzat pel F\u00f2rum Jaume I 2038.<\/h3>\n\n\n\n<h3 class=\"wp-block-heading\">El president, Vicent Momp\u00f3, assenyala la defensa de la identitat valenciana i la llengua pr\u00f2pia, i la reivindicaci\u00f3 d&#8217;un major finan\u00e7ament i del Dret Civil Valenci\u00e0 com a eixos sobre els quals actuar conjuntament.<\/h3>\n\n\n\n<p>La Diputaci\u00f3 de Val\u00e8ncia ha acollit este mat\u00ed la presentaci\u00f3 del Cicle de Jornades Jaume I organitzat pel F\u00f2rum Jaume I 2038 per a aprofundir en la figura del Conqueridor i el seu llegat en la societat valenciana quan es complix el 750 aniversari de la seua mort. \u201cUnes jornades per a reflexionar perqu\u00e8 saber d&#8217;on venim \u00e9s cultura, per\u00f2 decidir on anem \u00e9s llibertat\u201d, ha destacat el president de la Diputaci\u00f3 de Val\u00e8ncia, Vicent Momp\u00f3, qui ha advertit que \u201cno n&#8217;hi ha prou amb recordar, cal prendre posici\u00f3 per a defendre el que som\u201d.<\/p>\n\n\n\n<p>Aix\u00ed, baix l&#8217;her\u00e8ncia de Jaume I, que \u201cva construir integrant, sumant, articulant una societat diversa baix un mateix marc de drets i deures\u201d, Momp\u00f3 ha apel\u00b7lat a la unitat de la ciutadania valenciana perqu\u00e8 \u201cning\u00fa vindr\u00e0 a resoldre el que no siguem capa\u00e7os de defendre\u201d: \u201cHem d&#8217;estar units quan es tracta de l&#8217;important, en la defensa de les nostres tradicions, del valenci\u00e0 i de tot all\u00f2 que ens fa \u00fanics com a poble. Units en la den\u00fancia de l&#8217;infrafinan\u00e7ament que patim i en la recuperaci\u00f3 del Dret Civil Valenci\u00e0\u201d.<\/p>\n\n\n\n<p>De la mateixa manera, ha argumentat Momp\u00f3, \u201cla Comunitat Valenciana, que mereix m\u00e9s respecte i reconeixement, ser\u00e0 forta si tenim la capacitat d&#8217;estar units. Ser\u00e0 respectada si tenim la capacitat de fer-nos respectar. I ser\u00e0 influent si tenim la capacitat de defendre el que som sense complexos\u201d.<\/p>\n\n\n\n<figure class=\"wp-block-gallery has-nested-images columns-2 is-cropped wp-block-gallery-1 is-layout-flex wp-block-gallery-is-layout-flex\">\n<figure class=\"wp-block-image size-large\"><img loading=\"lazy\" decoding=\"async\" width=\"945\" height=\"614\" data-id=\"299871\" src=\"https:\/\/www.tucomarca.com\/wordpress\/segunda\/wp-content\/uploads\/2026\/04\/Dipu24Abril26_1.jpg\" alt=\"\" class=\"wp-image-299871\" srcset=\"https:\/\/www.tucomarca.com\/wordpress\/segunda\/wp-content\/uploads\/2026\/04\/Dipu24Abril26_1.jpg 945w, https:\/\/www.tucomarca.com\/wordpress\/segunda\/wp-content\/uploads\/2026\/04\/Dipu24Abril26_1-300x195.jpg 300w, https:\/\/www.tucomarca.com\/wordpress\/segunda\/wp-content\/uploads\/2026\/04\/Dipu24Abril26_1-768x499.jpg 768w\" sizes=\"auto, (max-width: 945px) 100vw, 945px\" \/><\/figure>\n\n\n\n<figure class=\"wp-block-image size-large\"><img loading=\"lazy\" decoding=\"async\" width=\"945\" height=\"614\" data-id=\"299875\" src=\"https:\/\/www.tucomarca.com\/wordpress\/segunda\/wp-content\/uploads\/2026\/04\/Dipu24Abril26.jpg\" alt=\"\" class=\"wp-image-299875\" srcset=\"https:\/\/www.tucomarca.com\/wordpress\/segunda\/wp-content\/uploads\/2026\/04\/Dipu24Abril26.jpg 945w, https:\/\/www.tucomarca.com\/wordpress\/segunda\/wp-content\/uploads\/2026\/04\/Dipu24Abril26-300x195.jpg 300w, https:\/\/www.tucomarca.com\/wordpress\/segunda\/wp-content\/uploads\/2026\/04\/Dipu24Abril26-768x499.jpg 768w\" sizes=\"auto, (max-width: 945px) 100vw, 945px\" \/><\/figure>\n\n\n\n<figure class=\"wp-block-image size-large\"><img loading=\"lazy\" decoding=\"async\" width=\"945\" height=\"614\" data-id=\"299877\" src=\"https:\/\/www.tucomarca.com\/wordpress\/segunda\/wp-content\/uploads\/2026\/04\/DipuJaumeI.jpg\" alt=\"\" class=\"wp-image-299877\" srcset=\"https:\/\/www.tucomarca.com\/wordpress\/segunda\/wp-content\/uploads\/2026\/04\/DipuJaumeI.jpg 945w, https:\/\/www.tucomarca.com\/wordpress\/segunda\/wp-content\/uploads\/2026\/04\/DipuJaumeI-300x195.jpg 300w, https:\/\/www.tucomarca.com\/wordpress\/segunda\/wp-content\/uploads\/2026\/04\/DipuJaumeI-768x499.jpg 768w\" sizes=\"auto, (max-width: 945px) 100vw, 945px\" \/><\/figure>\n<\/figure>\n\n\n\n<p><\/p>\n\n\n\n<p>Per aix\u00f2, el president de la Diputaci\u00f3 ha subratllat que no es pot esperar \u201cindefinidament\u201d i que \u201cning\u00fa ens regalar\u00e0 res\u201d, sin\u00f3 que \u201ccal avan\u00e7ar i activar totes les vies necess\u00e0ries per a defendre el que ens correspon\u201d. \u201cHo hem de guanyar nosaltres, colze a colze, institucions i societat civil, com un bloc impenetrable. Cal activar una unitat estrat\u00e8gica per a pensar en gran i entendre que el que est\u00e0 en joc \u00e9s la nostra identitat, la nostra capacitat de decidir i el nostre futur\u201d, ha esgrimit.<\/p>\n\n\n\n<p>La presentaci\u00f3 de la jornada, que ha servit d&#8217;acte de celebraci\u00f3 del 25 d\u2019Abril per a reivindicar l&#8217;autogovern, ha reunit al voltant de mig centenar de juristes, historiadors, polit\u00f2legs i periodistes, entre altres. Tamb\u00e9 han participat en la presentaci\u00f3 de la jornades la consellera de Just\u00edcia, Nuria Mart\u00ednez; la presidenta del F\u00f2rum Jaume I, Susi Boix; el president de l&#8217;Associaci\u00f3 Valenciana de Mitjans de Comunicaci\u00f3, Santiago Calaforra; i l&#8217;historiador i cronista oficial de Llombai, Vicente Sanz.<\/p>\n\n\n\n<p><\/p>\n","protected":false},"excerpt":{"rendered":"<div class=\"mh-excerpt\">La Diputaci\u00f3 de Val\u00e8ncia acull la presentaci\u00f3 del Cicle de Jornades Jaume I organitzat pel F\u00f2rum Jaume I 2038. El president, Vicent Momp\u00f3, assenyala la defensa de la identitat valenciana i la llengua pr\u00f2pia, i <a class=\"mh-excerpt-more\" href=\"https:\/\/www.tucomarca.com\/wordpress\/segunda\/ca\/mompo-apella-a-la-unitat-de-la-ciutadania-valenciana-cal-defendre-el-que-ens-correspon-sense-complexos\/\" title=\"Momp\u00f3 apel\u00b7la a la unitat de la ciutadania valenciana: \u201cCal defendre el que ens correspon sense complexos\u201d\">[+] <\/a><\/div>\n","protected":false},"author":12,"featured_media":299874,"comment_status":"closed","ping_status":"open","sticky":false,"template":"","format":"gallery","meta":{"footnotes":""},"categories":[10898,10894,10904,10947,10896],"tags":[24209,11246],"class_list":{"0":"post-299885","1":"post","2":"type-post","3":"status-publish","4":"format-gallery","5":"has-post-thumbnail","7":"category-ventana-ca","8":"category-la-comarca-ca","9":"category-sin-categorizar-ca","10":"category-politica","11":"category-seccion-ca","12":"tag-ciclo-de-jornadas-jaume-i","13":"tag-diputacio-de-valencia-ca","14":"post_format-post-format-gallery"},"_links":{"self":[{"href":"https:\/\/www.tucomarca.com\/wordpress\/segunda\/ca\/wp-json\/wp\/v2\/posts\/299885","targetHints":{"allow":["GET"]}}],"collection":[{"href":"https:\/\/www.tucomarca.com\/wordpress\/segunda\/ca\/wp-json\/wp\/v2\/posts"}],"about":[{"href":"https:\/\/www.tucomarca.com\/wordpress\/segunda\/ca\/wp-json\/wp\/v2\/types\/post"}],"author":[{"embeddable":true,"href":"https:\/\/www.tucomarca.com\/wordpress\/segunda\/ca\/wp-json\/wp\/v2\/users\/12"}],"replies":[{"embeddable":true,"href":"https:\/\/www.tucomarca.com\/wordpress\/segunda\/ca\/wp-json\/wp\/v2\/comments?post=299885"}],"version-history":[{"count":3,"href":"https:\/\/www.tucomarca.com\/wordpress\/segunda\/ca\/wp-json\/wp\/v2\/posts\/299885\/revisions"}],"predecessor-version":[{"id":299892,"href":"https:\/\/www.tucomarca.com\/wordpress\/segunda\/ca\/wp-json\/wp\/v2\/posts\/299885\/revisions\/299892"}],"wp:featuredmedia":[{"embeddable":true,"href":"https:\/\/www.tucomarca.com\/wordpress\/segunda\/ca\/wp-json\/wp\/v2\/media\/299874"}],"wp:attachment":[{"href":"https:\/\/www.tucomarca.com\/wordpress\/segunda\/ca\/wp-json\/wp\/v2\/media?parent=299885"}],"wp:term":[{"taxonomy":"category","embeddable":true,"href":"https:\/\/www.tucomarca.com\/wordpress\/segunda\/ca\/wp-json\/wp\/v2\/categories?post=299885"},{"taxonomy":"post_tag","embeddable":true,"href":"https:\/\/www.tucomarca.com\/wordpress\/segunda\/ca\/wp-json\/wp\/v2\/tags?post=299885"}],"curies":[{"name":"wp","href":"https:\/\/api.w.org\/{rel}","templated":true}]}}