{"id":299906,"date":"2026-04-25T10:00:00","date_gmt":"2026-04-25T08:00:00","guid":{"rendered":"https:\/\/www.tucomarca.com\/wordpress\/segunda\/?p=299906"},"modified":"2026-04-25T13:55:39","modified_gmt":"2026-04-25T11:55:39","slug":"bunyol-acollira-del-8-al-10-de-maig-la-seua-proxima-edicio-de-la-fira-del-comerc","status":"publish","type":"post","link":"https:\/\/www.tucomarca.com\/wordpress\/segunda\/ca\/bunyol-acollira-del-8-al-10-de-maig-la-seua-proxima-edicio-de-la-fira-del-comerc\/","title":{"rendered":"Bunyol acollir\u00e0 del 8 al 10 de maig la seua pr\u00f2xima edici\u00f3 de la Fira del Comer\u00e7"},"content":{"rendered":"\n<h3 class=\"wp-block-heading\">La fira suposa l\u2019inici de les activitats primaverals i estivals festives del municipi i se celebrar\u00e0 els dies 8 al 10 de maig al Parque del Planell.<\/h3>\n\n\n\n<p>L\u2019Associaci\u00f3 d\u2019Empresaris i Aut\u00f2noms de Bunyol i l\u2019Ajuntament de Bunyol presenten la pr\u00f2xima edici\u00f3 de la Feria del Comercio. Tal com assenyala Daniel Vicente, president de la ACYEB, la novetat m\u00e9s rellevant que presentar\u00e0 esta XIX edici\u00f3 ser\u00e0 la implantaci\u00f3 d\u2019un \u201cBONO FERIA DEL COMERCIO\u201d.<\/p>\n\n\n\n<figure class=\"wp-block-gallery has-nested-images columns-default is-cropped wp-block-gallery-1 is-layout-flex wp-block-gallery-is-layout-flex\">\n<figure class=\"wp-block-image size-large\"><img loading=\"lazy\" decoding=\"async\" width=\"780\" height=\"1024\" data-id=\"299901\" src=\"https:\/\/www.tucomarca.com\/wordpress\/segunda\/wp-content\/uploads\/2026\/04\/FeriaComercio26_3-780x1024.jpg\" alt=\"\" class=\"wp-image-299901\" srcset=\"https:\/\/www.tucomarca.com\/wordpress\/segunda\/wp-content\/uploads\/2026\/04\/FeriaComercio26_3-780x1024.jpg 780w, https:\/\/www.tucomarca.com\/wordpress\/segunda\/wp-content\/uploads\/2026\/04\/FeriaComercio26_3-229x300.jpg 229w, https:\/\/www.tucomarca.com\/wordpress\/segunda\/wp-content\/uploads\/2026\/04\/FeriaComercio26_3-768x1008.jpg 768w, https:\/\/www.tucomarca.com\/wordpress\/segunda\/wp-content\/uploads\/2026\/04\/FeriaComercio26_3-1170x1536.jpg 1170w, https:\/\/www.tucomarca.com\/wordpress\/segunda\/wp-content\/uploads\/2026\/04\/FeriaComercio26_3.jpg 1219w\" sizes=\"auto, (max-width: 780px) 100vw, 780px\" \/><\/figure>\n\n\n\n<figure class=\"wp-block-image size-large\"><img loading=\"lazy\" decoding=\"async\" width=\"728\" height=\"1024\" data-id=\"299897\" src=\"https:\/\/www.tucomarca.com\/wordpress\/segunda\/wp-content\/uploads\/2026\/04\/FeriaComercio26_1-728x1024.jpg\" alt=\"\" class=\"wp-image-299897\" srcset=\"https:\/\/www.tucomarca.com\/wordpress\/segunda\/wp-content\/uploads\/2026\/04\/FeriaComercio26_1-728x1024.jpg 728w, https:\/\/www.tucomarca.com\/wordpress\/segunda\/wp-content\/uploads\/2026\/04\/FeriaComercio26_1-213x300.jpg 213w, https:\/\/www.tucomarca.com\/wordpress\/segunda\/wp-content\/uploads\/2026\/04\/FeriaComercio26_1-768x1081.jpg 768w, https:\/\/www.tucomarca.com\/wordpress\/segunda\/wp-content\/uploads\/2026\/04\/FeriaComercio26_1-1092x1536.jpg 1092w, https:\/\/www.tucomarca.com\/wordpress\/segunda\/wp-content\/uploads\/2026\/04\/FeriaComercio26_1.jpg 1137w\" sizes=\"auto, (max-width: 728px) 100vw, 728px\" \/><\/figure>\n<\/figure>\n\n\n\n<p><br>Els 10.000 \u20ac del Bono Feria del Comercio es distribuiran en 400 targetes que eixiran a la venda al preu de 25 \u20ac i tindran cadascuna un valor de 50 \u20ac per a consumir \u00fanicament entre els associats participants en la fira eixe cap de setmana. El ve\u00efnat podr\u00e0 adquirir-les el dimecres dia 6 de maig a partir de les 17:30 hores a les instal\u00b7lacions de l\u2019antic institut. \u00danicament es podran adquirir 2 targetes per persona i DNI.<\/p>\n\n\n\n<p>Ajuntament i Associaci\u00f3 hem anat sempre de la m\u00e0 en totes les edicions de la Feria del Comercio i \u00e9s un cap de setmana que suposa una inversi\u00f3 molt quantiosa per ambdues parts.<\/p>\n\n\n\n<p>\u201cEl fet de crear este nou bo, esta nova acci\u00f3 d\u2019impuls als nostres associats, suposa un esfor\u00e7 molt important per a l\u2019associaci\u00f3, per\u00f2 sabem que el poble ho demana i estem disposats a invertir-lo a mantindre viu este esdeveniment tan arrelat al nostre municipi\u201d, destaca Daniel.<\/p>\n\n\n\n<p>Per la seua part, tant Virginia Sanz, alcaldessa de Bu\u00f1ol, com Mario Al\u00eds, responsable de l\u2019\u00e0rea de Comer\u00e7, posen en valor l\u2019esfor\u00e7 de tots els associats participants que permeten que la fira es mantinga viva, aix\u00ed com agra\u00efxen la col\u00b7laboraci\u00f3 i predisposici\u00f3 en tot moment de la ACYEB per impulsar esta nova proposta de fira que, estem conven\u00e7uts, ser\u00e0 molt ben acollida a la localitat.<\/p>\n\n\n\n<p>Com \u00e9s habitual, l\u2019Associaci\u00f3 de Comerciants ha preparat una programaci\u00f3 d\u2019activitats molt completa i diversa que arrancar\u00e0 amb la inauguraci\u00f3 del recinte el divendres 8 a les 19:00 hores, acompanyats de la banda juvenil de la SM &#8220;La Art\u00edstica&#8221;, que conclour\u00e0 a la pla\u00e7a central amb un lunch preparat per diferents forns, pastisseries i associats hostalers.<\/p>\n\n\n\n<p>Ser\u00e0 l\u2019inici d\u2019un cap de setmana carregat d\u2019activitats, degustacions i espectacles per a tots els nostres ve\u00efns i visitants.<\/p>\n\n\n\n<p>Des de l\u2019Associaci\u00f3 de Comerciants, s\u2019ha volgut destacar tamb\u00e9, assenyala Daniel Vicente, la incorporaci\u00f3 dins de la programaci\u00f3 d\u2019un \u201cCampeonato de Futbol\u00edn\u201d el dissabte a la vesprada, amb la intenci\u00f3 d\u2019atraure especialment un p\u00fablic juvenil fins al recinte i el xicotet comer\u00e7 local all\u00ed present.<\/p>\n\n\n\n<p>Tant des de la ACYEB com per part de l\u2019Ajuntament de Bunyol s\u2019espera una gran participaci\u00f3 del ve\u00efnat perqu\u00e8 esta edici\u00f3 siga tot un \u00e8xit.<\/p>\n","protected":false},"excerpt":{"rendered":"<div class=\"mh-excerpt\">La fira suposa l\u2019inici de les activitats primaverals i estivals festives del municipi i se celebrar\u00e0 els dies 8 al 10 de maig al Parque del Planell. L\u2019Associaci\u00f3 d\u2019Empresaris i Aut\u00f2noms de Bunyol i l\u2019Ajuntament <a class=\"mh-excerpt-more\" href=\"https:\/\/www.tucomarca.com\/wordpress\/segunda\/ca\/bunyol-acollira-del-8-al-10-de-maig-la-seua-proxima-edicio-de-la-fira-del-comerc\/\" title=\"Bunyol acollir\u00e0 del 8 al 10 de maig la seua pr\u00f2xima edici\u00f3 de la Fira del Comer\u00e7\">[+] <\/a><\/div>\n","protected":false},"author":12,"featured_media":299904,"comment_status":"closed","ping_status":"open","sticky":false,"template":"","format":"standard","meta":{"footnotes":""},"categories":[11019,10911,10894,10912,11007,10896],"tags":[24211,10914],"class_list":{"0":"post-299906","1":"post","2":"type-post","3":"status-publish","4":"format-standard","5":"has-post-thumbnail","7":"category-agenda-ca","8":"category-bunol-ca","9":"category-la-comarca-ca","10":"category-la-hoya-ca","11":"category-ocio-y-cultura-ca","12":"category-seccion-ca","13":"tag-feria-del-comercio-2026","14":"tag-la-hoya-de-bunol-chiva-ca"},"_links":{"self":[{"href":"https:\/\/www.tucomarca.com\/wordpress\/segunda\/ca\/wp-json\/wp\/v2\/posts\/299906","targetHints":{"allow":["GET"]}}],"collection":[{"href":"https:\/\/www.tucomarca.com\/wordpress\/segunda\/ca\/wp-json\/wp\/v2\/posts"}],"about":[{"href":"https:\/\/www.tucomarca.com\/wordpress\/segunda\/ca\/wp-json\/wp\/v2\/types\/post"}],"author":[{"embeddable":true,"href":"https:\/\/www.tucomarca.com\/wordpress\/segunda\/ca\/wp-json\/wp\/v2\/users\/12"}],"replies":[{"embeddable":true,"href":"https:\/\/www.tucomarca.com\/wordpress\/segunda\/ca\/wp-json\/wp\/v2\/comments?post=299906"}],"version-history":[{"count":2,"href":"https:\/\/www.tucomarca.com\/wordpress\/segunda\/ca\/wp-json\/wp\/v2\/posts\/299906\/revisions"}],"predecessor-version":[{"id":299917,"href":"https:\/\/www.tucomarca.com\/wordpress\/segunda\/ca\/wp-json\/wp\/v2\/posts\/299906\/revisions\/299917"}],"wp:featuredmedia":[{"embeddable":true,"href":"https:\/\/www.tucomarca.com\/wordpress\/segunda\/ca\/wp-json\/wp\/v2\/media\/299904"}],"wp:attachment":[{"href":"https:\/\/www.tucomarca.com\/wordpress\/segunda\/ca\/wp-json\/wp\/v2\/media?parent=299906"}],"wp:term":[{"taxonomy":"category","embeddable":true,"href":"https:\/\/www.tucomarca.com\/wordpress\/segunda\/ca\/wp-json\/wp\/v2\/categories?post=299906"},{"taxonomy":"post_tag","embeddable":true,"href":"https:\/\/www.tucomarca.com\/wordpress\/segunda\/ca\/wp-json\/wp\/v2\/tags?post=299906"}],"curies":[{"name":"wp","href":"https:\/\/api.w.org\/{rel}","templated":true}]}}