{"id":299912,"date":"2026-04-25T12:00:00","date_gmt":"2026-04-25T10:00:00","guid":{"rendered":"https:\/\/www.tucomarca.com\/wordpress\/segunda\/?p=299912"},"modified":"2026-04-25T14:00:58","modified_gmt":"2026-04-25T12:00:58","slug":"la-guardia-civil-dete-al-lladre-dalmenys-sis-robatoris-de-cosmetica-de-luxe-a-xest-per-valor-de-300-000-euros","status":"publish","type":"post","link":"https:\/\/www.tucomarca.com\/wordpress\/segunda\/ca\/la-guardia-civil-dete-al-lladre-dalmenys-sis-robatoris-de-cosmetica-de-luxe-a-xest-per-valor-de-300-000-euros\/","title":{"rendered":"La Gu\u00e0rdia Civil det\u00e9 al lladre d&#8217;almenys sis robatoris de cosm\u00e8tica de luxe a Xest per valor de 300.000 euros"},"content":{"rendered":"\n<p>La Gu\u00e0rdia Civil det\u00e9 a l&#8217;autor de sis robatoris amb for\u00e7a en naus industrials. El detingut hauria sostret productes de maquillatge per valor d&#8217;uns 300.000 euros.<\/p>\n\n\n\n<p>La investigaci\u00f3 va comen\u00e7ar a la fi de setembre de 2025, quan es va rebre una den\u00fancia d&#8217;una nau en la localitat de Cheste. Pel que sembla, s&#8217;havia sostret cosm\u00e8tics de luxe for\u00e7ant el pany de la porta d&#8217;acc\u00e9s a la nau.<\/p>\n\n\n\n<p>Darrere l&#8217;altre fet similar, una patrulla va aconseguir interceptar la furgoneta amb qu\u00e8 l&#8217;autor dels fets havia com\u00e9s un dels il\u00b7l\u00edcits, per\u00f2 va emprendre la fugida i va evitar ser detingut en eixe moment. Despr\u00e9s d&#8217;aconseguir identificar al conductor es va poder verificar la identitat de l&#8217;autor.<\/p>\n\n\n\n<p>Igualment, es va poder establir que eixa persona havia centrat la seua activitat delictiva en el robatori d&#8217;aquesta mena de material en naus industrials. S&#8217;han aconseguit acreditar, fins al moment, sis robatoris comesos en tres naus diferents, b\u00e9 mitjan\u00e7ant alunizaje emprant vehicles sostrets, b\u00e9 mitjan\u00e7ant butr\u00f3 accedint des dels murs exteriors o directament for\u00e7ant el pany de la porta.<\/p>\n\n\n\n<p>Finalment, es va aconseguir detindre a aquest home espanyol de 29 anys i nacionalitat espanyola, al qual se li van imputar sis delictes de robatori amb for\u00e7a. Actualment la investigaci\u00f3 segueix oberta per si pogueren vincular-se a aquest autor altres fets addicionals de la mateixa naturalesa.<\/p>\n\n\n\n<p>La investigaci\u00f3 ha sigut duta a terme per agents del Lloc Principal de Chiva. Les dilig\u00e8ncies van ser entregades en la Secci\u00f3 Civil i d&#8217;Instrucci\u00f3 del Tribunal de Requena Plaza n\u00famero 4.<\/p>\n\n\n\n<p><\/p>\n","protected":false},"excerpt":{"rendered":"<div class=\"mh-excerpt\">La Gu\u00e0rdia Civil det\u00e9 a l&#8217;autor de sis robatoris amb for\u00e7a en naus industrials. El detingut hauria sostret productes de maquillatge per valor d&#8217;uns 300.000 euros. La investigaci\u00f3 va comen\u00e7ar a la fi de setembre <a class=\"mh-excerpt-more\" href=\"https:\/\/www.tucomarca.com\/wordpress\/segunda\/ca\/la-guardia-civil-dete-al-lladre-dalmenys-sis-robatoris-de-cosmetica-de-luxe-a-xest-per-valor-de-300-000-euros\/\" title=\"La Gu\u00e0rdia Civil det\u00e9 al lladre d&#8217;almenys sis robatoris de cosm\u00e8tica de luxe a Xest per valor de 300.000 euros\">[+] <\/a><\/div>\n","protected":false},"author":12,"featured_media":299910,"comment_status":"closed","ping_status":"open","sticky":false,"template":"","format":"standard","meta":{"footnotes":""},"categories":[10898,10894,10912,10896,10897,10974],"tags":[11195,11118,10914],"class_list":{"0":"post-299912","1":"post","2":"type-post","3":"status-publish","4":"format-standard","5":"has-post-thumbnail","7":"category-ventana-ca","8":"category-la-comarca-ca","9":"category-la-hoya-ca","10":"category-seccion-ca","11":"category-sucesos-la-comarca-ca","12":"category-cheste-ca","13":"tag-chiva-ca","14":"tag-guardia-civil-ca","15":"tag-la-hoya-de-bunol-chiva-ca"},"_links":{"self":[{"href":"https:\/\/www.tucomarca.com\/wordpress\/segunda\/ca\/wp-json\/wp\/v2\/posts\/299912","targetHints":{"allow":["GET"]}}],"collection":[{"href":"https:\/\/www.tucomarca.com\/wordpress\/segunda\/ca\/wp-json\/wp\/v2\/posts"}],"about":[{"href":"https:\/\/www.tucomarca.com\/wordpress\/segunda\/ca\/wp-json\/wp\/v2\/types\/post"}],"author":[{"embeddable":true,"href":"https:\/\/www.tucomarca.com\/wordpress\/segunda\/ca\/wp-json\/wp\/v2\/users\/12"}],"replies":[{"embeddable":true,"href":"https:\/\/www.tucomarca.com\/wordpress\/segunda\/ca\/wp-json\/wp\/v2\/comments?post=299912"}],"version-history":[{"count":3,"href":"https:\/\/www.tucomarca.com\/wordpress\/segunda\/ca\/wp-json\/wp\/v2\/posts\/299912\/revisions"}],"predecessor-version":[{"id":299921,"href":"https:\/\/www.tucomarca.com\/wordpress\/segunda\/ca\/wp-json\/wp\/v2\/posts\/299912\/revisions\/299921"}],"wp:featuredmedia":[{"embeddable":true,"href":"https:\/\/www.tucomarca.com\/wordpress\/segunda\/ca\/wp-json\/wp\/v2\/media\/299910"}],"wp:attachment":[{"href":"https:\/\/www.tucomarca.com\/wordpress\/segunda\/ca\/wp-json\/wp\/v2\/media?parent=299912"}],"wp:term":[{"taxonomy":"category","embeddable":true,"href":"https:\/\/www.tucomarca.com\/wordpress\/segunda\/ca\/wp-json\/wp\/v2\/categories?post=299912"},{"taxonomy":"post_tag","embeddable":true,"href":"https:\/\/www.tucomarca.com\/wordpress\/segunda\/ca\/wp-json\/wp\/v2\/tags?post=299912"}],"curies":[{"name":"wp","href":"https:\/\/api.w.org\/{rel}","templated":true}]}}