{"id":299941,"date":"2026-04-27T10:15:00","date_gmt":"2026-04-27T08:15:00","guid":{"rendered":"https:\/\/www.tucomarca.com\/wordpress\/segunda\/?p=299941"},"modified":"2026-04-27T19:54:42","modified_gmt":"2026-04-27T17:54:42","slug":"carmen-amoraga-i-aquilles-contra-la-guerra-converteixen-xest-en-un-referent-de-memoria-i-cultura","status":"publish","type":"post","link":"https:\/\/www.tucomarca.com\/wordpress\/segunda\/ca\/carmen-amoraga-i-aquilles-contra-la-guerra-converteixen-xest-en-un-referent-de-memoria-i-cultura\/","title":{"rendered":"Carmen Amoraga i \u201cAquil\u00b7les contra la guerra\u201d converteixen Xest en un referent de mem\u00f2ria i cultura"},"content":{"rendered":"\n<h3 class=\"wp-block-heading\">L&#8217;Ajuntament de Xest va celebrar divendres passat 24 d&#8217;abril una intensa jornada cultural emmarcada en la Fira del Llibre&nbsp;Xest llig, sota el lema \u201cXest \u00e9s mem\u00f2ria\u201d, amb dues propostes que van unir literatura, hist\u00f2ria i comprom\u00eds social.<\/h3>\n\n\n\n<p>El Sal\u00f3 de Plens va acollir la presentaci\u00f3 del llibre&nbsp;Ll\u00e0grimes de fang, de Carmen Amoraga i Maxi Rold\u00e1n, una obra profundament commovedora que arreplega, des de la proximitat i l&#8217;emoci\u00f3, l&#8217;impacte de la DANA viscut en primera persona. A trav\u00e9s d&#8217;un relat carregat de sensibilitat, el llibre reconstrueix experi\u00e8ncies marcades per la p\u00e8rdua, la solidaritat i la resili\u00e8ncia, convertint-se en un testimoniatge que interpel\u00b7la a la societat i subratlla la import\u00e0ncia de la mem\u00f2ria, la responsabilitat col\u00b7lectiva i la cerca de just\u00edcia.<\/p>\n\n\n\n<p>Els autors van explicar que Ll\u00e0grimes de fang naix de la necessitat de donar sentit a una experi\u00e8ncia traum\u00e0tica i convertir-la en mem\u00f2ria compartida. Carmen Amoraga resumeix eixa convicci\u00f3 afirmant que \u201cla literatura ordena sempre\u201d i que eixe ordre ajuda al fet que \u201cla vida real siga millor\u201d, fins i tot despr\u00e9s d&#8217;una cat\u00e0strofe. El projecte va sorgir de manera inesperada, a partir d&#8217;una proposta audiovisual que els va obligar a reconstruir els fets amb rapidesa, i prompte van entendre que havia de ser un treball conjunt: \u201cL&#8217;\u00fanica manera de tirar-ho avant era fer-ho junts\u201d. Tots dos van subratllar que van prendre una decisi\u00f3 conscient de desapar\u00e9ixer com a narradors: \u00abNosaltres no estem en el llibre: estan els fets\u00bb, perqu\u00e8 la hist\u00f2ria \u00e9s prou forta per si mateixa i havia d&#8217;explicar-se \u201camb rigor i amb respecte\u201d.<\/p>\n\n\n\n<figure class=\"wp-block-gallery has-nested-images columns-default is-cropped wp-block-gallery-1 is-layout-flex wp-block-gallery-is-layout-flex\">\n<figure class=\"wp-block-image size-large\"><img loading=\"lazy\" decoding=\"async\" width=\"945\" height=\"638\" data-id=\"299928\" src=\"https:\/\/www.tucomarca.com\/wordpress\/segunda\/wp-content\/uploads\/2026\/04\/ChesteAquiles_3.jpg\" alt=\"\" class=\"wp-image-299928\" srcset=\"https:\/\/www.tucomarca.com\/wordpress\/segunda\/wp-content\/uploads\/2026\/04\/ChesteAquiles_3.jpg 945w, https:\/\/www.tucomarca.com\/wordpress\/segunda\/wp-content\/uploads\/2026\/04\/ChesteAquiles_3-300x203.jpg 300w, https:\/\/www.tucomarca.com\/wordpress\/segunda\/wp-content\/uploads\/2026\/04\/ChesteAquiles_3-768x519.jpg 768w\" sizes=\"auto, (max-width: 945px) 100vw, 945px\" \/><\/figure>\n\n\n\n<figure class=\"wp-block-image size-large\"><img loading=\"lazy\" decoding=\"async\" width=\"945\" height=\"638\" data-id=\"299926\" src=\"https:\/\/www.tucomarca.com\/wordpress\/segunda\/wp-content\/uploads\/2026\/04\/ChesteAquiles_2.jpg\" alt=\"\" class=\"wp-image-299926\" srcset=\"https:\/\/www.tucomarca.com\/wordpress\/segunda\/wp-content\/uploads\/2026\/04\/ChesteAquiles_2.jpg 945w, https:\/\/www.tucomarca.com\/wordpress\/segunda\/wp-content\/uploads\/2026\/04\/ChesteAquiles_2-300x203.jpg 300w, https:\/\/www.tucomarca.com\/wordpress\/segunda\/wp-content\/uploads\/2026\/04\/ChesteAquiles_2-768x519.jpg 768w\" sizes=\"auto, (max-width: 945px) 100vw, 945px\" \/><\/figure>\n<\/figure>\n\n\n\n<p><\/p>\n\n\n\n<p><strong>Aquil\u00b7les presa els carrers de Xest en un crit contra la guerra<\/strong><\/p>\n\n\n\n<p>La jornada va continuar a la vesprada als carrers de Xest amb l&#8217;espectacle itinerant \u201cAquil\u00b7les\u201d, de La Fam Teatre, una experi\u00e8ncia esc\u00e8nica que no va deixar indiferent al p\u00fablic. El recorregut va partir des de La B\u00e0scula i va disc\u00f3rrer pels carrers Xiva, Federico Garc\u00eda Lorca, Blasco Ib\u00e1\u00f1ez, Doctor Fleming i Avinguda de Castella, fins a finalitzar en la pla\u00e7a de la II Rep\u00fablica.<\/p>\n\n\n\n<figure class=\"wp-block-gallery has-nested-images columns-2 is-cropped wp-block-gallery-2 is-layout-flex wp-block-gallery-is-layout-flex\">\n<figure class=\"wp-block-image size-large\"><img loading=\"lazy\" decoding=\"async\" width=\"945\" height=\"638\" data-id=\"299932\" src=\"https:\/\/www.tucomarca.com\/wordpress\/segunda\/wp-content\/uploads\/2026\/04\/ChesteAquiles_5.jpg\" alt=\"\" class=\"wp-image-299932\" srcset=\"https:\/\/www.tucomarca.com\/wordpress\/segunda\/wp-content\/uploads\/2026\/04\/ChesteAquiles_5.jpg 945w, https:\/\/www.tucomarca.com\/wordpress\/segunda\/wp-content\/uploads\/2026\/04\/ChesteAquiles_5-300x203.jpg 300w, https:\/\/www.tucomarca.com\/wordpress\/segunda\/wp-content\/uploads\/2026\/04\/ChesteAquiles_5-768x519.jpg 768w\" sizes=\"auto, (max-width: 945px) 100vw, 945px\" \/><\/figure>\n\n\n\n<figure class=\"wp-block-image size-large\"><img loading=\"lazy\" decoding=\"async\" width=\"945\" height=\"638\" data-id=\"299930\" src=\"https:\/\/www.tucomarca.com\/wordpress\/segunda\/wp-content\/uploads\/2026\/04\/ChesteAquiles_4.jpg\" alt=\"\" class=\"wp-image-299930\" srcset=\"https:\/\/www.tucomarca.com\/wordpress\/segunda\/wp-content\/uploads\/2026\/04\/ChesteAquiles_4.jpg 945w, https:\/\/www.tucomarca.com\/wordpress\/segunda\/wp-content\/uploads\/2026\/04\/ChesteAquiles_4-300x203.jpg 300w, https:\/\/www.tucomarca.com\/wordpress\/segunda\/wp-content\/uploads\/2026\/04\/ChesteAquiles_4-768x519.jpg 768w\" sizes=\"auto, (max-width: 945px) 100vw, 945px\" \/><\/figure>\n\n\n\n<figure class=\"wp-block-image size-large\"><img loading=\"lazy\" decoding=\"async\" width=\"945\" height=\"638\" data-id=\"299934\" src=\"https:\/\/www.tucomarca.com\/wordpress\/segunda\/wp-content\/uploads\/2026\/04\/ChesteAquiles_6.jpg\" alt=\"\" class=\"wp-image-299934\" srcset=\"https:\/\/www.tucomarca.com\/wordpress\/segunda\/wp-content\/uploads\/2026\/04\/ChesteAquiles_6.jpg 945w, https:\/\/www.tucomarca.com\/wordpress\/segunda\/wp-content\/uploads\/2026\/04\/ChesteAquiles_6-300x203.jpg 300w, https:\/\/www.tucomarca.com\/wordpress\/segunda\/wp-content\/uploads\/2026\/04\/ChesteAquiles_6-768x519.jpg 768w\" sizes=\"auto, (max-width: 945px) 100vw, 945px\" \/><\/figure>\n\n\n\n<figure class=\"wp-block-image size-large\"><img loading=\"lazy\" decoding=\"async\" width=\"945\" height=\"638\" data-id=\"299936\" src=\"https:\/\/www.tucomarca.com\/wordpress\/segunda\/wp-content\/uploads\/2026\/04\/ChesteAquiles_7.jpg\" alt=\"\" class=\"wp-image-299936\" srcset=\"https:\/\/www.tucomarca.com\/wordpress\/segunda\/wp-content\/uploads\/2026\/04\/ChesteAquiles_7.jpg 945w, https:\/\/www.tucomarca.com\/wordpress\/segunda\/wp-content\/uploads\/2026\/04\/ChesteAquiles_7-300x203.jpg 300w, https:\/\/www.tucomarca.com\/wordpress\/segunda\/wp-content\/uploads\/2026\/04\/ChesteAquiles_7-768x519.jpg 768w\" sizes=\"auto, (max-width: 945px) 100vw, 945px\" \/><\/figure>\n\n\n\n<figure class=\"wp-block-image size-large\"><img loading=\"lazy\" decoding=\"async\" width=\"945\" height=\"638\" data-id=\"299938\" src=\"https:\/\/www.tucomarca.com\/wordpress\/segunda\/wp-content\/uploads\/2026\/04\/ChesteAquiles_8.jpg\" alt=\"\" class=\"wp-image-299938\" srcset=\"https:\/\/www.tucomarca.com\/wordpress\/segunda\/wp-content\/uploads\/2026\/04\/ChesteAquiles_8.jpg 945w, https:\/\/www.tucomarca.com\/wordpress\/segunda\/wp-content\/uploads\/2026\/04\/ChesteAquiles_8-300x203.jpg 300w, https:\/\/www.tucomarca.com\/wordpress\/segunda\/wp-content\/uploads\/2026\/04\/ChesteAquiles_8-768x519.jpg 768w\" sizes=\"auto, (max-width: 945px) 100vw, 945px\" \/><\/figure>\n<\/figure>\n\n\n\n<p><\/p>\n\n\n\n<p>L&#8217;espectacle, protagonitzat per un imponent Aquil\u00b7les articulat de m\u00e9s de cinc metres d&#8217;altura, va transformar l&#8217;espai urb\u00e0 en un escenari viu, convidant a la ciutadania a reflexionar sobre el sentit de la hist\u00f2ria i les conseq\u00fc\u00e8ncies dels conflictes b\u00e8l\u00b7lics. La proposta es va erigir com un potent crit contra la guerra, recordant que els conflictes mai deixen vencedors, sin\u00f3 dolor i p\u00e8rdua.<\/p>\n\n\n\n<p>Al final de la representaci\u00f3, la pla\u00e7a de la II Rep\u00fablica va acollir un acte contra la guerra en el qual es va refor\u00e7ar el missatge de pau i mem\u00f2ria. Llorente va assenyalar durant la seua intervenci\u00f3 que \u201ccom a municipi, tenim l&#8217;oportunitat \u2014i la responsabilitat\u2014 de construir espais on aquestes reflexions tinguen lloc, on la paraula substitu\u00efsca al silenci i on la cultura siga un punt de trobada. La lectura i l&#8217;escriptura, hui m\u00e9s que mai, continuen sent les nostres aliades per a entendre el m\u00f3n i per a imaginar un millor.<\/p>\n\n\n\n<p>&#8220;Xest demostra, una vegada m\u00e9s, el seu comprom\u00eds amb la cultura, la mem\u00f2ria i els valors democr\u00e0tics. Actes com els de hui ens conviden a reflexionar sobre el nostre passat per a construir un futur m\u00e9s just i hum\u00e0\u201d, va subratllar l&#8217;alcalde, Jos\u00e9 Morell.<\/p>\n\n\n\n<p>Amb aquesta jornada, l&#8217;Ajuntament de Xest reafirma la seua aposta per una programaci\u00f3 cultural que connecta a la ciutadania amb la mem\u00f2ria, la literatura i la reflexi\u00f3 col\u00b7lectiva, consolidant la Fira del Llibre&nbsp;Xest llig&nbsp;com un espai de trobada, aprenentatge i comprom\u00eds social.<\/p>\n","protected":false},"excerpt":{"rendered":"<div class=\"mh-excerpt\">L&#8217;Ajuntament de Xest va celebrar divendres passat 24 d&#8217;abril una intensa jornada cultural emmarcada en la Fira del Llibre&nbsp;Xest llig, sota el lema \u201cXest \u00e9s mem\u00f2ria\u201d, amb dues propostes que van unir literatura, hist\u00f2ria i <a class=\"mh-excerpt-more\" href=\"https:\/\/www.tucomarca.com\/wordpress\/segunda\/ca\/carmen-amoraga-i-aquilles-contra-la-guerra-converteixen-xest-en-un-referent-de-memoria-i-cultura\/\" title=\"Carmen Amoraga i \u201cAquil\u00b7les contra la guerra\u201d converteixen Xest en un referent de mem\u00f2ria i cultura\">[+] <\/a><\/div>\n","protected":false},"author":12,"featured_media":299925,"comment_status":"closed","ping_status":"open","sticky":false,"template":"","format":"gallery","meta":{"footnotes":""},"categories":[10894,10912,11007,10896,10974],"tags":[11071,24120,24212,10914],"class_list":{"0":"post-299941","1":"post","2":"type-post","3":"status-publish","4":"format-gallery","5":"has-post-thumbnail","7":"category-la-comarca-ca","8":"category-la-hoya-ca","9":"category-ocio-y-cultura-ca","10":"category-seccion-ca","11":"category-cheste-ca","12":"tag-cheste","13":"tag-cheste-lee","14":"tag-feria-del-libro-de-cheste","15":"tag-la-hoya-de-bunol-chiva-ca","16":"post_format-post-format-gallery"},"_links":{"self":[{"href":"https:\/\/www.tucomarca.com\/wordpress\/segunda\/ca\/wp-json\/wp\/v2\/posts\/299941","targetHints":{"allow":["GET"]}}],"collection":[{"href":"https:\/\/www.tucomarca.com\/wordpress\/segunda\/ca\/wp-json\/wp\/v2\/posts"}],"about":[{"href":"https:\/\/www.tucomarca.com\/wordpress\/segunda\/ca\/wp-json\/wp\/v2\/types\/post"}],"author":[{"embeddable":true,"href":"https:\/\/www.tucomarca.com\/wordpress\/segunda\/ca\/wp-json\/wp\/v2\/users\/12"}],"replies":[{"embeddable":true,"href":"https:\/\/www.tucomarca.com\/wordpress\/segunda\/ca\/wp-json\/wp\/v2\/comments?post=299941"}],"version-history":[{"count":1,"href":"https:\/\/www.tucomarca.com\/wordpress\/segunda\/ca\/wp-json\/wp\/v2\/posts\/299941\/revisions"}],"predecessor-version":[{"id":299942,"href":"https:\/\/www.tucomarca.com\/wordpress\/segunda\/ca\/wp-json\/wp\/v2\/posts\/299941\/revisions\/299942"}],"wp:featuredmedia":[{"embeddable":true,"href":"https:\/\/www.tucomarca.com\/wordpress\/segunda\/ca\/wp-json\/wp\/v2\/media\/299925"}],"wp:attachment":[{"href":"https:\/\/www.tucomarca.com\/wordpress\/segunda\/ca\/wp-json\/wp\/v2\/media?parent=299941"}],"wp:term":[{"taxonomy":"category","embeddable":true,"href":"https:\/\/www.tucomarca.com\/wordpress\/segunda\/ca\/wp-json\/wp\/v2\/categories?post=299941"},{"taxonomy":"post_tag","embeddable":true,"href":"https:\/\/www.tucomarca.com\/wordpress\/segunda\/ca\/wp-json\/wp\/v2\/tags?post=299941"}],"curies":[{"name":"wp","href":"https:\/\/api.w.org\/{rel}","templated":true}]}}