{"id":299966,"date":"2026-04-26T12:00:00","date_gmt":"2026-04-26T10:00:00","guid":{"rendered":"https:\/\/www.tucomarca.com\/wordpress\/segunda\/?p=299966"},"modified":"2026-04-27T12:36:30","modified_gmt":"2026-04-27T10:36:30","slug":"la-generalitat-i-la-diputacio-feliciten-el-municipi-dalpuente-per-la-seua-capacitat-de-protegir-les-coses-propies-despres-del-reconeixement-com-un-dels-pobles-mes-bonics-despanya","status":"publish","type":"post","link":"https:\/\/www.tucomarca.com\/wordpress\/segunda\/ca\/la-generalitat-i-la-diputacio-feliciten-el-municipi-dalpuente-per-la-seua-capacitat-de-protegir-les-coses-propies-despres-del-reconeixement-com-un-dels-pobles-mes-bonics-despanya\/","title":{"rendered":"La Generalitat i la Diputaci\u00f3 feliciten el municipi d\u2019Alpuente per la seua capacitat de protegir les coses pr\u00f2pies despr\u00e9s del reconeixement com un dels pobles m\u00e9s bonics d\u2019Espanya"},"content":{"rendered":"\n<h3 class=\"wp-block-heading\">El secretari auton\u00f2mic de Cohesi\u00f3 Territorial ha participat en l\u2019acte de proclamaci\u00f3 i de descoberta del cartell oficial que acredita la qualificaci\u00f3 a este municipi de la Serrania.<\/h3>\n\n\n\n<p>El secretari auton\u00f2mic de Pol\u00edtica Institucional i Cohesi\u00f3 Territorial, Carlos Gil, ha felicitat en nom del Consell el municipi d\u2019Alpuente per la seua manera de ser i protegir les coses pr\u00f2pies.<\/p>\n\n\n\n<p>Carlos Gil, ha participat en l\u2019acte de proclamaci\u00f3 d\u2019Alpuente com un dels pobles m\u00e9s bonics d\u2019Espanya. Un reconeixement de l\u2019associaci\u00f3 Los Pueblos M\u00e1s Bonitos de Espa\u00f1a, que valora la seua hist\u00f2ria, el patrimoni i la bellesa, i en el qual s\u2019ha descobert un cartell oficial que acredita el municipi com a part d\u2019esta associaci\u00f3.<\/p>\n\n\n\n<p>En l\u2019acte tamb\u00e9 han participat el president de la Diputaci\u00f3, Vicent Momp\u00f3; l\u2019alcaldessa d\u2019Alpuente, Itziar M\u00e9ndez, i el president de l\u2019associaci\u00f3, Francisco Mestre.&nbsp;<\/p>\n\n\n\n<p>El secretari auton\u00f2mic ha manifestat que \u201chui no es reconeix un poble bonic, sin\u00f3 tamb\u00e9 el treball acumulat de moltes generacions que es van negar al fet que la seua hist\u00f2ria fora oblit. Este segell \u00e9s un homenatge als vostres avis i besavis, per\u00f2, sobretot, \u00e9s un tribut als qui sosteniu el poble cada dia\u201d.<\/p>\n\n\n\n<p>Carlos Gil ha destacat la import\u00e0ncia dels pobles d\u2019interior: \u201cno hi ha Comunitat Valenciana forta si no tenim un interior fort i vibrant. La igualtat d\u2019oportunitats no pot dependre de la ubicaci\u00f3 geogr\u00e0fica ni del codi postal\u201d.<\/p>\n\n\n\n<p>El secretari auton\u00f2mic ha ressaltat que \u201cquedar-se en un poble, emprendre i viure ac\u00ed \u00e9s una decisi\u00f3 valenta i la forma m\u00e9s pura de comprom\u00eds amb el territori\u201d.<\/p>\n\n\n\n<p>La localitat d\u2019Alpuente s\u2019ha convertit en el primer municipi de la prov\u00edncia de Val\u00e8ncia a ingressar en la xarxa \u2018Los Pueblos M\u00e1s Bonitos de Espa\u00f1a\u2019, que promou l\u2019associaci\u00f3 que t\u00e9 el mateix nom.&nbsp;<\/p>\n\n\n\n<p>L\u2019associaci\u00f3 Los Pueblos M\u00e1s Bonitos de Espa\u00f1a ressalta d\u2019este municipi de la Serrania \u201cel seu extraordinari llegat hist\u00f2ric, el castell d\u2019origen andalus\u00ed, l\u2019antic recinte emmurallat i el tra\u00e7at medieval dels seus carrers\u201d. A aix\u00f2 se sumen \u201cl\u2019impressionant aq\u00fceducte, les petjades de dinosaures trobades en el seu entorn i el museu paleontol\u00f2gic\u201d. En ple paisatge de muntanya, Alpuente oferix un equilibri \u00fanic entre naturalesa, patrimoni i identitat rural\u201d.<\/p>\n\n\n\n<figure class=\"wp-block-image size-large\"><img loading=\"lazy\" decoding=\"async\" width=\"1024\" height=\"778\" src=\"https:\/\/www.tucomarca.com\/wordpress\/segunda\/wp-content\/uploads\/2026\/04\/AlpuenteDipuGVA2-1024x778.jpeg\" alt=\"\" class=\"wp-image-299963\" srcset=\"https:\/\/www.tucomarca.com\/wordpress\/segunda\/wp-content\/uploads\/2026\/04\/AlpuenteDipuGVA2-1024x778.jpeg 1024w, https:\/\/www.tucomarca.com\/wordpress\/segunda\/wp-content\/uploads\/2026\/04\/AlpuenteDipuGVA2-300x228.jpeg 300w, https:\/\/www.tucomarca.com\/wordpress\/segunda\/wp-content\/uploads\/2026\/04\/AlpuenteDipuGVA2-768x584.jpeg 768w, https:\/\/www.tucomarca.com\/wordpress\/segunda\/wp-content\/uploads\/2026\/04\/AlpuenteDipuGVA2-1536x1167.jpeg 1536w, https:\/\/www.tucomarca.com\/wordpress\/segunda\/wp-content\/uploads\/2026\/04\/AlpuenteDipuGVA2-80x60.jpeg 80w, https:\/\/www.tucomarca.com\/wordpress\/segunda\/wp-content\/uploads\/2026\/04\/AlpuenteDipuGVA2.jpeg 2048w\" sizes=\"auto, (max-width: 1024px) 100vw, 1024px\" \/><\/figure>\n","protected":false},"excerpt":{"rendered":"<div class=\"mh-excerpt\">El secretari auton\u00f2mic de Cohesi\u00f3 Territorial ha participat en l\u2019acte de proclamaci\u00f3 i de descoberta del cartell oficial que acredita la qualificaci\u00f3 a este municipi de la Serrania. El secretari auton\u00f2mic de Pol\u00edtica Institucional i <a class=\"mh-excerpt-more\" href=\"https:\/\/www.tucomarca.com\/wordpress\/segunda\/ca\/la-generalitat-i-la-diputacio-feliciten-el-municipi-dalpuente-per-la-seua-capacitat-de-protegir-les-coses-propies-despres-del-reconeixement-com-un-dels-pobles-mes-bonics-despanya\/\" title=\"La Generalitat i la Diputaci\u00f3 feliciten el municipi d\u2019Alpuente per la seua capacitat de protegir les coses pr\u00f2pies despr\u00e9s del reconeixement com un dels pobles m\u00e9s bonics d\u2019Espanya\">[+] <\/a><\/div>\n","protected":false},"author":1,"featured_media":299962,"comment_status":"closed","ping_status":"open","sticky":false,"template":"","format":"standard","meta":{"footnotes":""},"categories":[11044,11046,10898,10948,10894,10904,11007,10947,10896],"tags":[11187,11246,11080],"class_list":{"0":"post-299966","1":"post","2":"type-post","3":"status-publish","4":"format-standard","5":"has-post-thumbnail","7":"category-alpuente-ca","8":"category-los-serranos-ca","9":"category-ventana-ca","10":"category-infraestructuras-ca","11":"category-la-comarca-ca","12":"category-sin-categorizar-ca","13":"category-ocio-y-cultura-ca","14":"category-politica","15":"category-seccion-ca","16":"tag-alpuente-ca","17":"tag-diputacio-de-valencia-ca","18":"tag-los-serranos-ca"},"_links":{"self":[{"href":"https:\/\/www.tucomarca.com\/wordpress\/segunda\/ca\/wp-json\/wp\/v2\/posts\/299966","targetHints":{"allow":["GET"]}}],"collection":[{"href":"https:\/\/www.tucomarca.com\/wordpress\/segunda\/ca\/wp-json\/wp\/v2\/posts"}],"about":[{"href":"https:\/\/www.tucomarca.com\/wordpress\/segunda\/ca\/wp-json\/wp\/v2\/types\/post"}],"author":[{"embeddable":true,"href":"https:\/\/www.tucomarca.com\/wordpress\/segunda\/ca\/wp-json\/wp\/v2\/users\/1"}],"replies":[{"embeddable":true,"href":"https:\/\/www.tucomarca.com\/wordpress\/segunda\/ca\/wp-json\/wp\/v2\/comments?post=299966"}],"version-history":[{"count":2,"href":"https:\/\/www.tucomarca.com\/wordpress\/segunda\/ca\/wp-json\/wp\/v2\/posts\/299966\/revisions"}],"predecessor-version":[{"id":299968,"href":"https:\/\/www.tucomarca.com\/wordpress\/segunda\/ca\/wp-json\/wp\/v2\/posts\/299966\/revisions\/299968"}],"wp:featuredmedia":[{"embeddable":true,"href":"https:\/\/www.tucomarca.com\/wordpress\/segunda\/ca\/wp-json\/wp\/v2\/media\/299962"}],"wp:attachment":[{"href":"https:\/\/www.tucomarca.com\/wordpress\/segunda\/ca\/wp-json\/wp\/v2\/media?parent=299966"}],"wp:term":[{"taxonomy":"category","embeddable":true,"href":"https:\/\/www.tucomarca.com\/wordpress\/segunda\/ca\/wp-json\/wp\/v2\/categories?post=299966"},{"taxonomy":"post_tag","embeddable":true,"href":"https:\/\/www.tucomarca.com\/wordpress\/segunda\/ca\/wp-json\/wp\/v2\/tags?post=299966"}],"curies":[{"name":"wp","href":"https:\/\/api.w.org\/{rel}","templated":true}]}}