{"id":299974,"date":"2026-04-27T09:15:00","date_gmt":"2026-04-27T07:15:00","guid":{"rendered":"https:\/\/www.tucomarca.com\/wordpress\/segunda\/?p=299974"},"modified":"2026-04-27T19:39:09","modified_gmt":"2026-04-27T17:39:09","slug":"el-cd-bunol-cau-a-casa-davant-el-cd-roda-i-complica-la-seua-situacio-quan-nomes-queden-dos-partits","status":"publish","type":"post","link":"https:\/\/www.tucomarca.com\/wordpress\/segunda\/ca\/el-cd-bunol-cau-a-casa-davant-el-cd-roda-i-complica-la-seua-situacio-quan-nomes-queden-dos-partits\/","title":{"rendered":"El CD Bu\u00f1ol cau a casa davant el CD Roda i complica la seua situaci\u00f3 quan nom\u00e9s queden dos partits"},"content":{"rendered":"\n<p>El CD Bu\u00f1ol va patir una derrota per la m\u00ednima (0-1) davant el CD Roda en l\u2019encontre disputat a casa, en un partit marcat per la falta d\u2019encert de cara a porteria per part del conjunt local.<\/p>\n\n\n\n<p>L\u2019equip bu\u00f1olenc va tindre les seues millors oportunitats en les botes de Pastor, que en el minut 32 va fregar el gol en una ocasi\u00f3 clara, i de Pablo, que en el 76 va protagonitzar una altra arribada perillosa que va poder canviar el signe del partit. No obstant aix\u00f2, la falta d\u2019efic\u00e0cia va penalitzar els locals, que van acabar cedint els tres punts davant un rival que va saber aprofitar les seues opcions.<\/p>\n\n\n\n<p>Esta derrota suposa un pas arrere per al CD Bu\u00f1ol en la classificaci\u00f3, on es mant\u00e9 en la zona mitjana-baixa, perdent una oportunitat clau per a allunyar-se dels llocs compromesos. El resultat deixa l\u2019equip amb la necessitat de reaccionar en les pr\u00f2ximes jornades si no vol vore\u2019s immers en la lluita per evitar el descens.<\/p>\n\n\n\n<p>De cara als pr\u00f2xims encontres, el marge d\u2019error es redu\u00efx. Una nova derrota podria acostar perillosament l\u2019equip a la zona roja de la taula, mentre que una vict\u00f2ria permetria recuperar confian\u00e7a, sumar punts vitals i escalar posicions en la classificaci\u00f3. Amb diversos partits encara per disputar-se, el CD Bu\u00f1ol continua depenent de si mateix, per\u00f2 haur\u00e0 de millorar la seua efic\u00e0cia ofensiva si vol revertir la din\u00e0mica i assegurar la perman\u00e8ncia amb m\u00e9s tranquil\u00b7litat.<\/p>\n\n\n\n<p>Actualment el CD Bunyol ocupa la huitena posici\u00f3 gr\u00e0cies als seus 47 punts.<\/p>\n","protected":false},"excerpt":{"rendered":"<div class=\"mh-excerpt\">El CD Bu\u00f1ol va patir una derrota per la m\u00ednima (0-1) davant el CD Roda en l\u2019encontre disputat a casa, en un partit marcat per la falta d\u2019encert de cara a porteria per part del <a class=\"mh-excerpt-more\" href=\"https:\/\/www.tucomarca.com\/wordpress\/segunda\/ca\/el-cd-bunol-cau-a-casa-davant-el-cd-roda-i-complica-la-seua-situacio-quan-nomes-queden-dos-partits\/\" title=\"El CD Bu\u00f1ol cau a casa davant el CD Roda i complica la seua situaci\u00f3 quan nom\u00e9s queden dos partits\">[+] <\/a><\/div>\n","protected":false},"author":12,"featured_media":299973,"comment_status":"closed","ping_status":"open","sticky":false,"template":"","format":"standard","meta":{"footnotes":""},"categories":[10911,11015,11003,10894,10912,10896],"tags":[10913,11126,10914],"class_list":{"0":"post-299974","1":"post","2":"type-post","3":"status-publish","4":"format-standard","5":"has-post-thumbnail","7":"category-bunol-ca","8":"category-canal-futbol","9":"category-sports","10":"category-la-comarca-ca","11":"category-la-hoya-ca","12":"category-seccion-ca","13":"tag-bunol-ca","14":"tag-cd-bunol-ca","15":"tag-la-hoya-de-bunol-chiva-ca"},"_links":{"self":[{"href":"https:\/\/www.tucomarca.com\/wordpress\/segunda\/ca\/wp-json\/wp\/v2\/posts\/299974","targetHints":{"allow":["GET"]}}],"collection":[{"href":"https:\/\/www.tucomarca.com\/wordpress\/segunda\/ca\/wp-json\/wp\/v2\/posts"}],"about":[{"href":"https:\/\/www.tucomarca.com\/wordpress\/segunda\/ca\/wp-json\/wp\/v2\/types\/post"}],"author":[{"embeddable":true,"href":"https:\/\/www.tucomarca.com\/wordpress\/segunda\/ca\/wp-json\/wp\/v2\/users\/12"}],"replies":[{"embeddable":true,"href":"https:\/\/www.tucomarca.com\/wordpress\/segunda\/ca\/wp-json\/wp\/v2\/comments?post=299974"}],"version-history":[{"count":2,"href":"https:\/\/www.tucomarca.com\/wordpress\/segunda\/ca\/wp-json\/wp\/v2\/posts\/299974\/revisions"}],"predecessor-version":[{"id":300094,"href":"https:\/\/www.tucomarca.com\/wordpress\/segunda\/ca\/wp-json\/wp\/v2\/posts\/299974\/revisions\/300094"}],"wp:featuredmedia":[{"embeddable":true,"href":"https:\/\/www.tucomarca.com\/wordpress\/segunda\/ca\/wp-json\/wp\/v2\/media\/299973"}],"wp:attachment":[{"href":"https:\/\/www.tucomarca.com\/wordpress\/segunda\/ca\/wp-json\/wp\/v2\/media?parent=299974"}],"wp:term":[{"taxonomy":"category","embeddable":true,"href":"https:\/\/www.tucomarca.com\/wordpress\/segunda\/ca\/wp-json\/wp\/v2\/categories?post=299974"},{"taxonomy":"post_tag","embeddable":true,"href":"https:\/\/www.tucomarca.com\/wordpress\/segunda\/ca\/wp-json\/wp\/v2\/tags?post=299974"}],"curies":[{"name":"wp","href":"https:\/\/api.w.org\/{rel}","templated":true}]}}