{"id":300003,"date":"2026-04-27T10:30:00","date_gmt":"2026-04-27T08:30:00","guid":{"rendered":"https:\/\/www.tucomarca.com\/wordpress\/segunda\/?p=300003"},"modified":"2026-04-27T19:51:59","modified_gmt":"2026-04-27T17:51:59","slug":"alborache-celebra-el-dia-del-llibre-amb-alta-participacio-de-totes-les-edats","status":"publish","type":"post","link":"https:\/\/www.tucomarca.com\/wordpress\/segunda\/ca\/alborache-celebra-el-dia-del-llibre-amb-alta-participacio-de-totes-les-edats\/","title":{"rendered":"Alborache celebra el Dia del Llibre amb alta participaci\u00f3 de totes les edats"},"content":{"rendered":"\n<p>El municipi d&#8217;Alborache ha commemorat el Dia del Llibre amb una jornada cultural centrada en la lectura i la creativitat liter\u00e0ria dels m\u00e9s joves, organitzada per la regidoria de Cultura, que gestiona Javier Gilabert Juan.<\/p>\n\n\n\n<p>La localitat ha tornat a demostrar la seua vitalitat cultural amb una destacada participaci\u00f3 en el concurs de relats infantil, que ha reunit a m\u00e9s de 80 participants.<\/p>\n\n\n\n<p>L&#8217;acte ha incl\u00f2s una lectura en veu alta i el lliurament de premis del certamen, en el qual s&#8217;ha posat de manifest l&#8217;alt nivell dels treballs presentats. Des de l&#8217;organitzaci\u00f3 han volgut agrair l&#8217;assist\u00e8ncia del p\u00fablic i la implicaci\u00f3 de totes les persones que han fet possible l&#8217;activitat.<\/p>\n\n\n\n<p>Especial reconeixement ha rebut Amparo per la seua lectura d&#8217;un llibre infantil durant la jornada, aix\u00ed com el CRA Alboraig-Macastre, que ha col\u00b7laborat en la valoraci\u00f3 a cegues dels relats.<\/p>\n\n\n\n<p>Els premis han recaigut en Andrea, Aitana, Thomas, Emma, Ian i Ritedj, els treballs dels quals han sigut destacats entre el conjunt de propostes presentades.<\/p>\n\n\n\n<figure class=\"wp-block-gallery has-nested-images columns-2 is-cropped wp-block-gallery-1 is-layout-flex wp-block-gallery-is-layout-flex\">\n<figure class=\"wp-block-image size-large\"><img loading=\"lazy\" decoding=\"async\" width=\"945\" height=\"945\" data-id=\"299994\" src=\"https:\/\/www.tucomarca.com\/wordpress\/segunda\/wp-content\/uploads\/2026\/04\/AlboracheDiaLibro07.jpg\" alt=\"\" class=\"wp-image-299994\" srcset=\"https:\/\/www.tucomarca.com\/wordpress\/segunda\/wp-content\/uploads\/2026\/04\/AlboracheDiaLibro07.jpg 945w, https:\/\/www.tucomarca.com\/wordpress\/segunda\/wp-content\/uploads\/2026\/04\/AlboracheDiaLibro07-300x300.jpg 300w, https:\/\/www.tucomarca.com\/wordpress\/segunda\/wp-content\/uploads\/2026\/04\/AlboracheDiaLibro07-290x290.jpg 290w, https:\/\/www.tucomarca.com\/wordpress\/segunda\/wp-content\/uploads\/2026\/04\/AlboracheDiaLibro07-768x768.jpg 768w\" sizes=\"auto, (max-width: 945px) 100vw, 945px\" \/><\/figure>\n\n\n\n<figure class=\"wp-block-image size-large\"><img loading=\"lazy\" decoding=\"async\" width=\"945\" height=\"945\" data-id=\"299992\" src=\"https:\/\/www.tucomarca.com\/wordpress\/segunda\/wp-content\/uploads\/2026\/04\/AlboracheDiaLibro06.jpg\" alt=\"\" class=\"wp-image-299992\" srcset=\"https:\/\/www.tucomarca.com\/wordpress\/segunda\/wp-content\/uploads\/2026\/04\/AlboracheDiaLibro06.jpg 945w, https:\/\/www.tucomarca.com\/wordpress\/segunda\/wp-content\/uploads\/2026\/04\/AlboracheDiaLibro06-300x300.jpg 300w, https:\/\/www.tucomarca.com\/wordpress\/segunda\/wp-content\/uploads\/2026\/04\/AlboracheDiaLibro06-290x290.jpg 290w, https:\/\/www.tucomarca.com\/wordpress\/segunda\/wp-content\/uploads\/2026\/04\/AlboracheDiaLibro06-768x768.jpg 768w\" sizes=\"auto, (max-width: 945px) 100vw, 945px\" \/><\/figure>\n\n\n\n<figure class=\"wp-block-image size-large\"><img loading=\"lazy\" decoding=\"async\" width=\"945\" height=\"945\" data-id=\"299990\" src=\"https:\/\/www.tucomarca.com\/wordpress\/segunda\/wp-content\/uploads\/2026\/04\/AlboracheDiaLibro05.jpg\" alt=\"\" class=\"wp-image-299990\" srcset=\"https:\/\/www.tucomarca.com\/wordpress\/segunda\/wp-content\/uploads\/2026\/04\/AlboracheDiaLibro05.jpg 945w, https:\/\/www.tucomarca.com\/wordpress\/segunda\/wp-content\/uploads\/2026\/04\/AlboracheDiaLibro05-300x300.jpg 300w, https:\/\/www.tucomarca.com\/wordpress\/segunda\/wp-content\/uploads\/2026\/04\/AlboracheDiaLibro05-290x290.jpg 290w, https:\/\/www.tucomarca.com\/wordpress\/segunda\/wp-content\/uploads\/2026\/04\/AlboracheDiaLibro05-768x768.jpg 768w\" sizes=\"auto, (max-width: 945px) 100vw, 945px\" \/><\/figure>\n\n\n\n<figure class=\"wp-block-image size-large\"><img loading=\"lazy\" decoding=\"async\" width=\"945\" height=\"945\" data-id=\"299988\" src=\"https:\/\/www.tucomarca.com\/wordpress\/segunda\/wp-content\/uploads\/2026\/04\/AlboracheDiaLibro04.jpg\" alt=\"\" class=\"wp-image-299988\" srcset=\"https:\/\/www.tucomarca.com\/wordpress\/segunda\/wp-content\/uploads\/2026\/04\/AlboracheDiaLibro04.jpg 945w, https:\/\/www.tucomarca.com\/wordpress\/segunda\/wp-content\/uploads\/2026\/04\/AlboracheDiaLibro04-300x300.jpg 300w, https:\/\/www.tucomarca.com\/wordpress\/segunda\/wp-content\/uploads\/2026\/04\/AlboracheDiaLibro04-290x290.jpg 290w, https:\/\/www.tucomarca.com\/wordpress\/segunda\/wp-content\/uploads\/2026\/04\/AlboracheDiaLibro04-768x768.jpg 768w\" sizes=\"auto, (max-width: 945px) 100vw, 945px\" \/><\/figure>\n\n\n\n<figure class=\"wp-block-image size-large\"><img loading=\"lazy\" decoding=\"async\" width=\"945\" height=\"638\" data-id=\"299986\" src=\"https:\/\/www.tucomarca.com\/wordpress\/segunda\/wp-content\/uploads\/2026\/04\/AlboracheDiaLibro03.jpg\" alt=\"\" class=\"wp-image-299986\" srcset=\"https:\/\/www.tucomarca.com\/wordpress\/segunda\/wp-content\/uploads\/2026\/04\/AlboracheDiaLibro03.jpg 945w, https:\/\/www.tucomarca.com\/wordpress\/segunda\/wp-content\/uploads\/2026\/04\/AlboracheDiaLibro03-300x203.jpg 300w, https:\/\/www.tucomarca.com\/wordpress\/segunda\/wp-content\/uploads\/2026\/04\/AlboracheDiaLibro03-768x519.jpg 768w\" sizes=\"auto, (max-width: 945px) 100vw, 945px\" \/><\/figure>\n\n\n\n<figure class=\"wp-block-image size-large\"><img loading=\"lazy\" decoding=\"async\" width=\"945\" height=\"638\" data-id=\"299996\" src=\"https:\/\/www.tucomarca.com\/wordpress\/segunda\/wp-content\/uploads\/2026\/04\/AlboracheDiaLibro08.jpg\" alt=\"\" class=\"wp-image-299996\" srcset=\"https:\/\/www.tucomarca.com\/wordpress\/segunda\/wp-content\/uploads\/2026\/04\/AlboracheDiaLibro08.jpg 945w, https:\/\/www.tucomarca.com\/wordpress\/segunda\/wp-content\/uploads\/2026\/04\/AlboracheDiaLibro08-300x203.jpg 300w, https:\/\/www.tucomarca.com\/wordpress\/segunda\/wp-content\/uploads\/2026\/04\/AlboracheDiaLibro08-768x519.jpg 768w\" sizes=\"auto, (max-width: 945px) 100vw, 945px\" \/><\/figure>\n<\/figure>\n\n\n\n<p>Tamb\u00e9 el Club de Lectura ha commemorat el Dia del Llibre amb una interessant sessi\u00f3 en la qual els participants han compartit impressions i recomanacions liter\u00e0ries. L&#8217;activitat, celebrada en un ambient pr\u00f2xim i participatiu, ha servit per a fomentar la lectura i l&#8217;intercanvi cultural entre els assistents.<\/p>\n\n\n\n<figure class=\"wp-block-gallery has-nested-images columns-default is-cropped wp-block-gallery-2 is-layout-flex wp-block-gallery-is-layout-flex\">\n<figure class=\"wp-block-image size-large\"><img loading=\"lazy\" decoding=\"async\" width=\"945\" height=\"638\" data-id=\"299998\" src=\"https:\/\/www.tucomarca.com\/wordpress\/segunda\/wp-content\/uploads\/2026\/04\/AlboracheDiaLibro09.jpg\" alt=\"\" class=\"wp-image-299998\" srcset=\"https:\/\/www.tucomarca.com\/wordpress\/segunda\/wp-content\/uploads\/2026\/04\/AlboracheDiaLibro09.jpg 945w, https:\/\/www.tucomarca.com\/wordpress\/segunda\/wp-content\/uploads\/2026\/04\/AlboracheDiaLibro09-300x203.jpg 300w, https:\/\/www.tucomarca.com\/wordpress\/segunda\/wp-content\/uploads\/2026\/04\/AlboracheDiaLibro09-768x519.jpg 768w\" sizes=\"auto, (max-width: 945px) 100vw, 945px\" \/><\/figure>\n\n\n\n<figure class=\"wp-block-image size-large\"><img loading=\"lazy\" decoding=\"async\" width=\"945\" height=\"638\" data-id=\"300000\" src=\"https:\/\/www.tucomarca.com\/wordpress\/segunda\/wp-content\/uploads\/2026\/04\/AlboracheDiaLibro10.jpg\" alt=\"\" class=\"wp-image-300000\" srcset=\"https:\/\/www.tucomarca.com\/wordpress\/segunda\/wp-content\/uploads\/2026\/04\/AlboracheDiaLibro10.jpg 945w, https:\/\/www.tucomarca.com\/wordpress\/segunda\/wp-content\/uploads\/2026\/04\/AlboracheDiaLibro10-300x203.jpg 300w, https:\/\/www.tucomarca.com\/wordpress\/segunda\/wp-content\/uploads\/2026\/04\/AlboracheDiaLibro10-768x519.jpg 768w\" sizes=\"auto, (max-width: 945px) 100vw, 945px\" \/><\/figure>\n<\/figure>\n\n\n\n<p>Amb iniciatives com aquestes, Alborache aposta per la promoci\u00f3 de la lectura i el foment del talent literari des d&#8217;edats primerenques. Informa,<strong> P. Ferrer<\/strong>.<\/p>\n","protected":false},"excerpt":{"rendered":"<div class=\"mh-excerpt\">El municipi d&#8217;Alborache ha commemorat el Dia del Llibre amb una jornada cultural centrada en la lectura i la creativitat liter\u00e0ria dels m\u00e9s joves, organitzada per la regidoria de Cultura, que gestiona Javier Gilabert Juan. <a class=\"mh-excerpt-more\" href=\"https:\/\/www.tucomarca.com\/wordpress\/segunda\/ca\/alborache-celebra-el-dia-del-llibre-amb-alta-participacio-de-totes-les-edats\/\" title=\"Alborache celebra el Dia del Llibre amb alta participaci\u00f3 de totes les edats\">[+] <\/a><\/div>\n","protected":false},"author":12,"featured_media":299985,"comment_status":"closed","ping_status":"open","sticky":false,"template":"","format":"gallery","meta":{"footnotes":""},"categories":[10973,10894,10912,11007,10896],"tags":[11224,12007,10914],"class_list":{"0":"post-300003","1":"post","2":"type-post","3":"status-publish","4":"format-gallery","5":"has-post-thumbnail","7":"category-alborache-ca","8":"category-la-comarca-ca","9":"category-la-hoya-ca","10":"category-ocio-y-cultura-ca","11":"category-seccion-ca","12":"tag-alborache-ca","13":"tag-dia-del-libro-ca","14":"tag-la-hoya-de-bunol-chiva-ca","15":"post_format-post-format-gallery"},"_links":{"self":[{"href":"https:\/\/www.tucomarca.com\/wordpress\/segunda\/ca\/wp-json\/wp\/v2\/posts\/300003","targetHints":{"allow":["GET"]}}],"collection":[{"href":"https:\/\/www.tucomarca.com\/wordpress\/segunda\/ca\/wp-json\/wp\/v2\/posts"}],"about":[{"href":"https:\/\/www.tucomarca.com\/wordpress\/segunda\/ca\/wp-json\/wp\/v2\/types\/post"}],"author":[{"embeddable":true,"href":"https:\/\/www.tucomarca.com\/wordpress\/segunda\/ca\/wp-json\/wp\/v2\/users\/12"}],"replies":[{"embeddable":true,"href":"https:\/\/www.tucomarca.com\/wordpress\/segunda\/ca\/wp-json\/wp\/v2\/comments?post=300003"}],"version-history":[{"count":4,"href":"https:\/\/www.tucomarca.com\/wordpress\/segunda\/ca\/wp-json\/wp\/v2\/posts\/300003\/revisions"}],"predecessor-version":[{"id":300107,"href":"https:\/\/www.tucomarca.com\/wordpress\/segunda\/ca\/wp-json\/wp\/v2\/posts\/300003\/revisions\/300107"}],"wp:featuredmedia":[{"embeddable":true,"href":"https:\/\/www.tucomarca.com\/wordpress\/segunda\/ca\/wp-json\/wp\/v2\/media\/299985"}],"wp:attachment":[{"href":"https:\/\/www.tucomarca.com\/wordpress\/segunda\/ca\/wp-json\/wp\/v2\/media?parent=300003"}],"wp:term":[{"taxonomy":"category","embeddable":true,"href":"https:\/\/www.tucomarca.com\/wordpress\/segunda\/ca\/wp-json\/wp\/v2\/categories?post=300003"},{"taxonomy":"post_tag","embeddable":true,"href":"https:\/\/www.tucomarca.com\/wordpress\/segunda\/ca\/wp-json\/wp\/v2\/tags?post=300003"}],"curies":[{"name":"wp","href":"https:\/\/api.w.org\/{rel}","templated":true}]}}