{"id":300014,"date":"2026-04-27T11:30:00","date_gmt":"2026-04-27T09:30:00","guid":{"rendered":"https:\/\/www.tucomarca.com\/wordpress\/segunda\/?p=300014"},"modified":"2026-04-27T18:23:17","modified_gmt":"2026-04-27T16:23:17","slug":"la-diputacio-de-valencia-inicia-les-obres-de-millora-de-la-cv-470-entre-utiel-i-camporrobles","status":"publish","type":"post","link":"https:\/\/www.tucomarca.com\/wordpress\/segunda\/ca\/la-diputacio-de-valencia-inicia-les-obres-de-millora-de-la-cv-470-entre-utiel-i-camporrobles\/","title":{"rendered":"La Diputaci\u00f3 de Val\u00e8ncia inicia les obres de millora de la CV-470 entre Utiel i Camporrobles"},"content":{"rendered":"\n<h3 class=\"wp-block-heading\">La plataforma s&#8217;ampliar\u00e0 per a arribar als 8 metres d&#8217;ample, introduint-se millores puntuals en el tra\u00e7at, renovant el ferm en tot el tram i millorant el drenatge.<\/h3>\n\n\n\n<p>La Diputaci\u00f3 de Val\u00e8ncia ha iniciat ja les obres de millora de la carretera CV-470, en el tram compr\u00e9s entre Les Cuevas d&#8217;Utiel i Loberuela, una actuaci\u00f3 que compta amb un pressupost de 4,8 milions d&#8217;euros i un termini estimat d&#8217;execuci\u00f3 de 10 mesos.<\/p>\n\n\n\n<p>La intervenci\u00f3 es desenvolupar\u00e0 entre els punts quilom\u00e8trics 9+180 i 15+200 de la via, afectant els termes municipals d&#8217;Utiel i Camporrobles, sobre una longitud total de 6 quil\u00f2metres.<\/p>\n\n\n\n<p>\u201cEs tracta d&#8217;una carretera que complix una funci\u00f3 vital per a facilitar la comunicaci\u00f3 dels llogarets de la zona amb els nuclis de poblaci\u00f3 m\u00e9s grans. La nova CV-470 ser\u00e0 m\u00e9s c\u00f2moda, m\u00e9s segura i estar\u00e0 adaptada a les necessitats actuals del tr\u00e0nsit perqu\u00e8 en zones d&#8217;interior disposar d&#8217;unes comunicacions segures i confortables \u00e9s una de les millors maneres de lluitar contra el fenomen de la despoblaci\u00f3&#8221; apunta la diputada de Carreteres, Reme Mazzorali.<\/p>\n\n\n\n<p>L&#8217;alcalde de Camporrobles, Faustino Pozuelo, celebra que &#8220;es done inici ja a esta intervenci\u00f3, ja que l&#8217;ample de la via s&#8217;havia quedat clarament insuficient, alguna cosa que fins i tot ha generat en els \u00faltims mesos situacions de perill quan s&#8217;han creuat dos camions&#8221;.<\/p>\n\n\n\n<p>Per part seua, l&#8217;alcalde d&#8217;Utiel, Ricardo Gabald\u00f3n, ha remarcat que \u201cesta intervenci\u00f3 vi\u00e0ria \u00e9s especialment necess\u00e0ria per a millorar les comunicacions per carretera entre les poblacions de la nostra comarca ja que compta amb un tr\u00e0nsit considerable, tant de turismes com de vehicles pesants, i que permetr\u00e0 adequar este tram a unes condicions de seguretat \u00f2ptimes\u201d<\/p>\n\n\n\n<p><strong>Millora integral de la plataforma<\/strong><\/p>\n\n\n\n<p>El projecte contempla l&#8217;ampliaci\u00f3 de l&#8217;actual plataforma de la carretera per a dotar-la d&#8217;una secci\u00f3 tipus de 8 metres, amb dos carrils de 3 metres, vorals d&#8217;1 metre i bermes laterals. L&#8217;actuaci\u00f3 s&#8217;executar\u00e0 majorit\u00e0riament pel marge esquerre de la via, aprofitant al m\u00e0xim el ferm existent i minimitzant afeccions.&nbsp;<\/p>\n\n\n\n<p>Aix\u00ed mateix, s&#8217;introduiran millores puntuals en el tra\u00e7at per a incrementar la seguretat de circulaci\u00f3 i es renovar\u00e0 el ferm en tot el tram.<\/p>\n\n\n\n<p>A m\u00e9s, un dels apartats m\u00e9s rellevants del projecte ser\u00e0 la millora del drenatge longitudinal i transversal, amb l&#8217;augment de la capacitat hidr\u00e0ulica de diferents obres de pas i l&#8217;execuci\u00f3 de noves cunetes de seguretat, refor\u00e7ant aix\u00ed la resposta de la carretera davant episodis de pluges intenses.<\/p>\n","protected":false},"excerpt":{"rendered":"<div class=\"mh-excerpt\">La plataforma s&#8217;ampliar\u00e0 per a arribar als 8 metres d&#8217;ample, introduint-se millores puntuals en el tra\u00e7at, renovant el ferm en tot el tram i millorant el drenatge. La Diputaci\u00f3 de Val\u00e8ncia ha iniciat ja les <a class=\"mh-excerpt-more\" href=\"https:\/\/www.tucomarca.com\/wordpress\/segunda\/ca\/la-diputacio-de-valencia-inicia-les-obres-de-millora-de-la-cv-470-entre-utiel-i-camporrobles\/\" title=\"La Diputaci\u00f3 de Val\u00e8ncia inicia les obres de millora de la CV-470 entre Utiel i Camporrobles\">[+] <\/a><\/div>\n","protected":false},"author":12,"featured_media":300013,"comment_status":"closed","ping_status":"open","sticky":false,"template":"","format":"standard","meta":{"footnotes":""},"categories":[11031,10898,10948,10894,10904,10903,10947,10909,10896,11059],"tags":[11098,24213,10910,11174],"class_list":{"0":"post-300014","1":"post","2":"type-post","3":"status-publish","4":"format-standard","5":"has-post-thumbnail","7":"category-camporrobles-ca","8":"category-ventana-ca","9":"category-infraestructuras-ca","10":"category-la-comarca-ca","11":"category-sin-categorizar-ca","12":"category-medio-ambiente-la-comarca-ca","13":"category-politica","14":"category-requena-utiel-ca","15":"category-seccion-ca","16":"category-utiel-ca","17":"tag-camporrobles-ca","18":"tag-mejora-de-la-cv-470","19":"tag-requena-utiel-ca","20":"tag-utiel-ca"},"_links":{"self":[{"href":"https:\/\/www.tucomarca.com\/wordpress\/segunda\/ca\/wp-json\/wp\/v2\/posts\/300014","targetHints":{"allow":["GET"]}}],"collection":[{"href":"https:\/\/www.tucomarca.com\/wordpress\/segunda\/ca\/wp-json\/wp\/v2\/posts"}],"about":[{"href":"https:\/\/www.tucomarca.com\/wordpress\/segunda\/ca\/wp-json\/wp\/v2\/types\/post"}],"author":[{"embeddable":true,"href":"https:\/\/www.tucomarca.com\/wordpress\/segunda\/ca\/wp-json\/wp\/v2\/users\/12"}],"replies":[{"embeddable":true,"href":"https:\/\/www.tucomarca.com\/wordpress\/segunda\/ca\/wp-json\/wp\/v2\/comments?post=300014"}],"version-history":[{"count":2,"href":"https:\/\/www.tucomarca.com\/wordpress\/segunda\/ca\/wp-json\/wp\/v2\/posts\/300014\/revisions"}],"predecessor-version":[{"id":300027,"href":"https:\/\/www.tucomarca.com\/wordpress\/segunda\/ca\/wp-json\/wp\/v2\/posts\/300014\/revisions\/300027"}],"wp:featuredmedia":[{"embeddable":true,"href":"https:\/\/www.tucomarca.com\/wordpress\/segunda\/ca\/wp-json\/wp\/v2\/media\/300013"}],"wp:attachment":[{"href":"https:\/\/www.tucomarca.com\/wordpress\/segunda\/ca\/wp-json\/wp\/v2\/media?parent=300014"}],"wp:term":[{"taxonomy":"category","embeddable":true,"href":"https:\/\/www.tucomarca.com\/wordpress\/segunda\/ca\/wp-json\/wp\/v2\/categories?post=300014"},{"taxonomy":"post_tag","embeddable":true,"href":"https:\/\/www.tucomarca.com\/wordpress\/segunda\/ca\/wp-json\/wp\/v2\/tags?post=300014"}],"curies":[{"name":"wp","href":"https:\/\/api.w.org\/{rel}","templated":true}]}}