{"id":300017,"date":"2026-04-27T11:00:00","date_gmt":"2026-04-27T09:00:00","guid":{"rendered":"https:\/\/www.tucomarca.com\/wordpress\/segunda\/?p=300017"},"modified":"2026-04-27T20:00:32","modified_gmt":"2026-04-27T18:00:32","slug":"la-generalitat-mante-actiu-el-proces-gratuit-i-automatic-per-a-renovar-la-targeta-de-transport-recuperem-valencia-per-als-municipis-afectats-per-la-dana","status":"publish","type":"post","link":"https:\/\/www.tucomarca.com\/wordpress\/segunda\/ca\/la-generalitat-mante-actiu-el-proces-gratuit-i-automatic-per-a-renovar-la-targeta-de-transport-recuperem-valencia-per-als-municipis-afectats-per-la-dana\/","title":{"rendered":"La Generalitat mant\u00e9 actiu el proc\u00e9s gratu\u00eft i autom\u00e0tic per a renovar la targeta de transport \u2018Recuperem Val\u00e8ncia\u2019 per als municipis afectats per la DANA"},"content":{"rendered":"\n<h3 class=\"wp-block-heading\">La simple validaci\u00f3 de la targeta abans del dijous 30 d&#8217;abril renova el t\u00edtol fins al 31 de desembre, encara que s&#8217;habiliten altres mecanismes davant t\u00edtols inactius o que detecten problemes.<\/h3>\n\n\n\n<h3 class=\"wp-block-heading\">Fins a la data s&#8217;han distribu\u00eft 246.146 targetes entre els ve\u00efns dels 31 municipis inclosos en aquesta iniciativa de la Generalitat amb m\u00e9s de 6 milions de despla\u00e7aments.<\/h3>\n\n\n\n<h3 class=\"wp-block-heading\">El t\u00edtol permet viatjar sense cap cost en Metrovalencia, Rodalia, EMT, Metrob\u00fas i autobusos auton\u00f2mics.<\/h3>\n\n\n\n<p>La Generalitat mant\u00e9 actiu el proc\u00e9s per a renovar la validesa de la targeta de transport \u2018Recuperem Val\u00e8ncia\u2019, destinada per als ve\u00efns dels municipis afectats per la dana del 29 d&#8217;octubre de 2024, i avan\u00e7a gr\u00e0cies a la validaci\u00f3 autom\u00e0tica que permet continuar gaudint dels serveis.<\/p>\n\n\n\n<p>Es tracta d&#8217;un proc\u00e9s totalment gratu\u00eft i autom\u00e0tic abans del pr\u00f2xim dijous 30 d&#8217;abril, ja que, per norma general, es renova amb la simple acci\u00f3 de validar. Fins a la data s&#8217;han distribu\u00eft 246.146 targetes entre els ve\u00efns dels 31 municipis inclosos en aquesta iniciativa.&nbsp;<\/p>\n\n\n\n<p>Cal recordar que la Generalitat va llan\u00e7ar al febrer de 2025 la targeta de transport gratu\u00eft \u2018Recuperem Val\u00e8ncia\u2019 per als afectats per la dana. Aquesta targeta permet als beneficiaris viatjar gratis en Metrovalencia, Rodalia, EMT, Metrob\u00fas i autobusos auton\u00f2mics fins al 31 de desembre de 2026.&nbsp;<\/p>\n\n\n\n<p>La targeta \u00e9s v\u00e0lida per als residents que l&#8217;han sol\u00b7licitada de Sedav\u00ed, Paiporta, Massanassa, Alfafar, Llocnou de la Corona, Benet\u00fasser, Picanya, Catarroja, Algemes\u00ed, Beniparrell, Aldaia, l&#8217;Alc\u00fadia, Albal, Guadassuar, Riba-roja de T\u00faria, Alaqu\u00e0s, Sot de Xera, Riola, Xiva, Loriguilla, Xest, Catadau, Pedralba, Utiel, Llombai, Montserrat, Godelleta, Quart de Poblet, Xirivella, Benicull de X\u00faquer i Xestalgar, aix\u00ed com les pedanies de Val\u00e8ncia: Castellar-Oliveral, Forn d\u2019Alcedo i La Torre.<\/p>\n\n\n\n<p><strong>Actualitzaci\u00f3<\/strong><\/p>\n\n\n\n<p>Per a accelerar l&#8217;actualitzaci\u00f3 de la targeta, l&#8217;usuari pot utilitzar tres opcions, totes elles gratu\u00eftes. La m\u00e9s senzilla \u00e9s simplement validar la targeta actual, la qual cosa servir\u00e0 per a la renovaci\u00f3 fins al 31 de desembre, per la qual cosa no \u00e9s necessari realitzar cap gesti\u00f3 addicional. Simplement s&#8217;ha de continuar utilitzant-la amb normalitat i conservar-la adequadament per a evitar p\u00e8rdua o deterioraci\u00f3.&nbsp;<\/p>\n\n\n\n<p>En el cas que la targeta haja estat inactiva, que no s&#8217;haja validat o que registre algun problema s&#8217;han activat altres alternatives per a garantir que es puga utilitzar amb normalitat. La principal \u00e9s a trav\u00e9s d&#8217;un tel\u00e8fon m\u00f2bil Android. Cal instal\u00b7lar l&#8217;aplicaci\u00f3 Rec\u00e0rrega SUMA o usar el tel\u00e8fon d&#8217;alg\u00fa que la tinga instal\u00b7lada. Despr\u00e9s cal llegir la targeta amb el m\u00f2bil i l&#8217;aplicaci\u00f3 indicar\u00e0 si existeix una operaci\u00f3 pendent de renovaci\u00f3. Finalment, cal acceptar l&#8217;operaci\u00f3 per a actualitzar la validesa de la targeta.<\/p>\n\n\n\n<p>La instal\u00b7laci\u00f3 de l&#8217;aplicaci\u00f3 i la renovaci\u00f3 no tenen cap cost. Un mateix m\u00f2bil pot utilitzar-se per a actualitzar diverses targetes. Si la targeta no s&#8217;actualitza mitjan\u00e7ant l&#8217;aplicaci\u00f3 o no apareix cap operaci\u00f3 pendent, pot comunicar la incid\u00e8ncia a l&#8217;Autoritat del Transport Metropolit\u00e0 de Val\u00e8ncia (ATMV) indicant el n\u00famero de targeta.&nbsp;<\/p>\n\n\n\n<p>La tercera opci\u00f3 es pot dur a terme en estancs o punts de venda autoritzats o qualsevol punt de venda habitual de t\u00edtols SUMA (estancs, quioscos o comer\u00e7os autoritzats). Nom\u00e9s cal demanar que lligen la targeta. La renovaci\u00f3 es realitzar\u00e0 autom\u00e0ticament i de manera gratu\u00efta. Aquest servei no ha de tindre cap cost ni exigir la compra de cap t\u00edtol de transport.&nbsp;<\/p>\n\n\n\n<p>Les targetes que no s&#8217;hagen actualitzat per cap dels procediments indicats deixaran de ser v\u00e0lides a partir del 30 d&#8217;abril, per la qual cosa es recomana comprovar la data de caducitat i realitzar l&#8217;actualitzaci\u00f3 si fora necessari. Per a qualsevol consulta pot contactar amb la ATMV a trav\u00e9s de la web atmv.gva.es<\/p>\n\n\n\n<p><strong>Robatori o p\u00e8rdua de la targeta<\/strong><\/p>\n\n\n\n<p>En cas de p\u00e8rdua o robatori ser\u00e0 necessari sol\u00b7licitar una nova targeta. Si l&#8217;ajuntament no presta aquest servei, la sol\u00b7licitud ha de realitzar-se a trav\u00e9s de la web de la ATMV: https:\/\/atmv.gva.es. La nova targeta s&#8217;enviar\u00e0 per correu postal al domicili del sol\u00b7licitant. L\u00f2gicament, abans de sol\u00b7licitar una nova targeta, assegure&#8217;s que no conserva l&#8217;anterior.&nbsp;<\/p>\n\n\n\n<p>En el moment de realitzar la sol\u00b7licitud, totes les targetes associades al seu nom quedaran bloquejades autom\u00e0ticament per a evitar usos indeguts per terceres persones. Les persones que sol\u00b7liciten la targeta per primera vegada tamb\u00e9 hauran de realitzar la sol\u00b7licitud a trav\u00e9s de la web.&nbsp;<\/p>\n\n\n\n<p>El t\u00edtol \u2018Recuperem Val\u00e8ncia\u2019 va ser en 2025 l&#8217;habitaci\u00f3 m\u00e9s usada en Metrovalencia. Va comen\u00e7ar a distribuir-se al febrer per\u00f2 la seua pres\u00e8ncia efectiva va ser al mar\u00e7. En total, l&#8217;any passat es van registrar amb ella 6.505.206 moviments, el 7,07% del total de la xarxa.<\/p>\n","protected":false},"excerpt":{"rendered":"<div class=\"mh-excerpt\">La simple validaci\u00f3 de la targeta abans del dijous 30 d&#8217;abril renova el t\u00edtol fins al 31 de desembre, encara que s&#8217;habiliten altres mecanismes davant t\u00edtols inactius o que detecten problemes. Fins a la data <a class=\"mh-excerpt-more\" href=\"https:\/\/www.tucomarca.com\/wordpress\/segunda\/ca\/la-generalitat-mante-actiu-el-proces-gratuit-i-automatic-per-a-renovar-la-targeta-de-transport-recuperem-valencia-per-als-municipis-afectats-per-la-dana\/\" title=\"La Generalitat mant\u00e9 actiu el proc\u00e9s gratu\u00eft i autom\u00e0tic per a renovar la targeta de transport \u2018Recuperem Val\u00e8ncia\u2019 per als municipis afectats per la DANA\">[+] <\/a><\/div>\n","protected":false},"author":1,"featured_media":300011,"comment_status":"closed","ping_status":"open","sticky":false,"template":"","format":"standard","meta":{"footnotes":""},"categories":[10983,10892,21466,11046,10898,11034,10977,10994,10948,10995,10894,10904,10912,10902,10997,10903,11000,11025,10947,10909,10906,11057,10896,11026,10897,11059,10974,10975],"tags":[10899,15409,10914,10910],"class_list":{"0":"post-300017","1":"post","2":"type-post","3":"status-publish","4":"format-standard","5":"has-post-thumbnail","7":"category-algemesi-ca","8":"category-camp-de-turia-ca","9":"category-dana-ca","10":"category-los-serranos-ca","11":"category-ventana-ca","12":"category-gestalgar-ca","13":"category-godelleta-ca","14":"category-guadassuar-ca","15":"category-infraestructuras-ca","16":"category-lalcudia-ca","17":"category-la-comarca-ca","18":"category-sin-categorizar-ca","19":"category-la-hoya-ca","20":"category-la-ribera-ca","21":"category-llombai-ca","22":"category-medio-ambiente-la-comarca-ca","23":"category-monserrat-ca","24":"category-pedralba-ca","25":"category-politica","26":"category-requena-utiel-ca","27":"category-riba-roja-ca","28":"category-san-antonio-ca","29":"category-seccion-ca","30":"category-sot-de-chera-ca","31":"category-sucesos-la-comarca-ca","32":"category-utiel-ca","33":"category-cheste-ca","34":"category-chiva-ca","35":"tag-camp-de-turia-ca","36":"tag-dana-2-ca","37":"tag-la-hoya-de-bunol-chiva-ca","38":"tag-requena-utiel-ca"},"_links":{"self":[{"href":"https:\/\/www.tucomarca.com\/wordpress\/segunda\/ca\/wp-json\/wp\/v2\/posts\/300017","targetHints":{"allow":["GET"]}}],"collection":[{"href":"https:\/\/www.tucomarca.com\/wordpress\/segunda\/ca\/wp-json\/wp\/v2\/posts"}],"about":[{"href":"https:\/\/www.tucomarca.com\/wordpress\/segunda\/ca\/wp-json\/wp\/v2\/types\/post"}],"author":[{"embeddable":true,"href":"https:\/\/www.tucomarca.com\/wordpress\/segunda\/ca\/wp-json\/wp\/v2\/users\/1"}],"replies":[{"embeddable":true,"href":"https:\/\/www.tucomarca.com\/wordpress\/segunda\/ca\/wp-json\/wp\/v2\/comments?post=300017"}],"version-history":[{"count":2,"href":"https:\/\/www.tucomarca.com\/wordpress\/segunda\/ca\/wp-json\/wp\/v2\/posts\/300017\/revisions"}],"predecessor-version":[{"id":300020,"href":"https:\/\/www.tucomarca.com\/wordpress\/segunda\/ca\/wp-json\/wp\/v2\/posts\/300017\/revisions\/300020"}],"wp:featuredmedia":[{"embeddable":true,"href":"https:\/\/www.tucomarca.com\/wordpress\/segunda\/ca\/wp-json\/wp\/v2\/media\/300011"}],"wp:attachment":[{"href":"https:\/\/www.tucomarca.com\/wordpress\/segunda\/ca\/wp-json\/wp\/v2\/media?parent=300017"}],"wp:term":[{"taxonomy":"category","embeddable":true,"href":"https:\/\/www.tucomarca.com\/wordpress\/segunda\/ca\/wp-json\/wp\/v2\/categories?post=300017"},{"taxonomy":"post_tag","embeddable":true,"href":"https:\/\/www.tucomarca.com\/wordpress\/segunda\/ca\/wp-json\/wp\/v2\/tags?post=300017"}],"curies":[{"name":"wp","href":"https:\/\/api.w.org\/{rel}","templated":true}]}}