{"id":300028,"date":"2026-04-27T11:15:00","date_gmt":"2026-04-27T09:15:00","guid":{"rendered":"https:\/\/www.tucomarca.com\/wordpress\/segunda\/?p=300028"},"modified":"2026-04-27T18:38:03","modified_gmt":"2026-04-27T16:38:03","slug":"la-diputacio-instara-el-govern-a-mantindre-lemergencia-i-suspendre-les-regles-fiscals-per-als-municipis-dana","status":"publish","type":"post","link":"https:\/\/www.tucomarca.com\/wordpress\/segunda\/ca\/la-diputacio-instara-el-govern-a-mantindre-lemergencia-i-suspendre-les-regles-fiscals-per-als-municipis-dana\/","title":{"rendered":"La Diputaci\u00f3 instar\u00e0 el Govern a mantindre l&#8217;emerg\u00e8ncia i suspendre les regles fiscals per als municipis DANA"},"content":{"rendered":"\n<h3 class=\"wp-block-heading\">Una moci\u00f3 impulsada per Ens Uneix en el ple provincial i defensada per la vicepresidenta de la Diputaci\u00f3 demana modificar la llei de contractes p\u00fablics per a facilitar les obres de reconstrucci\u00f3 amb mecanismes d&#8217;emerg\u00e8ncia.<\/h3>\n\n\n\n<h3 class=\"wp-block-heading\">\u201c\u00c9s una situaci\u00f3 injustificable que els ajuntaments tinguen els recursos econ\u00f2mics per\u00f2 no puguen executar-los per traves administratives. Cal actuar amb mesures excepcionals com en la pand\u00e8mia\u201d, considera Enguix.<\/h3>\n\n\n\n<h3 class=\"wp-block-heading\">Alcaldes i alcaldesses tenen previst acudir al ple provincial d&#8217;este dimarts per a sumar-se a la reivindicaci\u00f3 exposada per la vicepresidenta.<\/h3>\n\n\n\n<p>En un ple d&#8217;abril que arriba carregat de noves inversions a les comarques valencianes, una de les propostes m\u00e9s destacades que se sotmetr\u00e0 a debat este dimarts \u00e9s la que insta el Govern d&#8217;Espanya a modificar la Llei de Contractes del Sector P\u00fablic i suspendre temporalment les regles fiscals per als municipis afectats per la dana. Alcaldes i alcaldesses de la prov\u00edncia tenen previst assistir a una sessi\u00f3 plen\u00e0ria en la qual la vicepresidenta primera de la Diputaci\u00f3, Nat\u00e0lia Enguix, tractar\u00e0 de sumar suports per a reactivar la contractaci\u00f3 d&#8217;emerg\u00e8ncia durant el temps que dure la reconstrucci\u00f3.<\/p>\n\n\n\n<p>Enguix defensar\u00e0 la moci\u00f3 impulsada per Ens Uneix, que es basa en \u201cuna de les majors cat\u00e0strofes naturals recents a Espanya, amb importants danys en infraestructures h\u00eddriques, vi\u00e0ries, servicis urbans i equipaments p\u00fablics\u201d. Superada una primera fase de resposta immediata, on els contractes d&#8217;emerg\u00e8ncia van permetre actuar amb rapidesa per a restablir servicis b\u00e0sics i garantir la seguretat de la poblaci\u00f3, \u201cla realitat \u00e9s que estem en una fase de reconstrucci\u00f3 a mitj\u00e0 i llarg termini en la qual els pobles afectats patixen retards en l&#8217;execuci\u00f3 d&#8217;obres per la volta a la burocr\u00e0cia i els procediments ordinaris, un greu problema que, junt amb la falta de personal t\u00e8cnic, alentix la volta a la normalitat\u201d.<\/p>\n\n\n\n<p>En opini\u00f3 de la vicepresidenta Enguix, que compta amb el suport del president Momp\u00f3 i l&#8217;equip de govern a l&#8217;hora de portar la proposta a ple, \u201c\u00e9s una situaci\u00f3 dif\u00edcilment justificable que els ajuntaments tinguen recursos econ\u00f2mics disponibles, entre ells els propis fons destinats a la reconstrucci\u00f3 pel Govern, i que no tinguen capacitat efectiva per a executar-los\u201d. En este sentit, la responsable provincial lamenta que el marc jur\u00eddic actual \u201cno reconeix eixa emerg\u00e8ncia que continua existint, amb c\u00e0rregues burocr\u00e0tiques i limitacions legals que no responen a les necessitats dels municipis\u201d.<\/p>\n\n\n\n<p><strong>La proposta<\/strong><\/p>\n\n\n\n<p>Nat\u00e0lia Enguix recorda que durant la pand\u00e8mia de la COVID-19, i tamb\u00e9 arran de la crisi energ\u00e8tica derivada de la guerra a Ucra\u00efna, \u201cestes regles fiscals es van suspendre per a donar major agilitat als procediments\u201d. La vicepresidenta considera \u201ccoherent i jur\u00eddicament viable aplicar un criteri similar davant una cat\u00e0strofe natural de gran magnitud com ha sigut la dana\u201d, i per a aix\u00f2 posa com a exemple els marcs normatius de pa\u00efsos com Fran\u00e7a, It\u00e0lia i Alemanya, que permeten \u201cestendre els mecanismes excepcionals durant la fase de reconstrucci\u00f3\u201d.<\/p>\n\n\n\n<p>La proposta de l&#8217;equip de govern provincial per a facilitar als ajuntaments afectats el proc\u00e9s de reconstrucci\u00f3 post dana se centra en la suspensi\u00f3 temporal de les regles fiscals de la llei org\u00e0nica 2\/2012, i en la modificaci\u00f3 de la llei 9\/2017 de contractaci\u00f3 p\u00fablica, per a permetre eixa prolongaci\u00f3 dels contractes d&#8217;emerg\u00e8ncia durant la fase de reconstrucci\u00f3. Mentre es tramita la reforma de la llei, la moci\u00f3 que es debatr\u00e0 este dimarts en el ple reclama la reactivaci\u00f3 immediata i transit\u00f2ria dels mecanismes de contractaci\u00f3 d&#8217;emerg\u00e8ncia per als municipis de la dana.<\/p>\n\n\n\n<p>La Diputaci\u00f3 va liderar eixa resposta immediata als municipis afectats amb importants actuacions en infraestructures i servicis de primera necessitat com el cicle de l&#8217;aigua, intervenint en la resoluci\u00f3 de problemes en els quals no tenia una compet\u00e8ncia directa, cas de la neteja de fang als garatges i soterranis. La corporaci\u00f3 va activar una inversi\u00f3 extraordin\u00e0ria per damunt dels 100 milions d&#8217;euros per a cobrir la resposta immediata i va posar els seus recursos a la disposici\u00f3 de tots els municipis afectats, inclosos aquells que no van ser reconeguts en el llistat estatal. Com a mostra, les ajudes per a la contractaci\u00f3 de personal t\u00e8cnic dirigida a agilitzar la reconstrucci\u00f3.<\/p>\n\n\n\n<p>Una vegada cobertes les necessitats immediates, des de la corporaci\u00f3 tenen clar que l&#8217;emerg\u00e8ncia persistix i que ara toca adaptar la llei i flexibilitzar les mesures perqu\u00e8 els ajuntaments afectats puguen agilitzar el proc\u00e9s de reconstrucci\u00f3. \u201cEl repte \u00e9s recuperar com m\u00e9s prompte millor les condicions de vida que disfrutaven les seues ve\u00efnes i ve\u00efns abans de la cat\u00e0strofe natural del 29 d&#8217;octubre de 2024\u201d, conclou Enguix.<\/p>\n\n\n\n<p><\/p>\n","protected":false},"excerpt":{"rendered":"<div class=\"mh-excerpt\">Una moci\u00f3 impulsada per Ens Uneix en el ple provincial i defensada per la vicepresidenta de la Diputaci\u00f3 demana modificar la llei de contractes p\u00fablics per a facilitar les obres de reconstrucci\u00f3 amb mecanismes d&#8217;emerg\u00e8ncia. <a class=\"mh-excerpt-more\" href=\"https:\/\/www.tucomarca.com\/wordpress\/segunda\/ca\/la-diputacio-instara-el-govern-a-mantindre-lemergencia-i-suspendre-les-regles-fiscals-per-als-municipis-dana\/\" title=\"La Diputaci\u00f3 instar\u00e0 el Govern a mantindre l&#8217;emerg\u00e8ncia i suspendre les regles fiscals per als municipis DANA\">[+] <\/a><\/div>\n","protected":false},"author":12,"featured_media":300024,"comment_status":"closed","ping_status":"open","sticky":false,"template":"","format":"standard","meta":{"footnotes":""},"categories":[21466,10898,10948,10894,10904,10903,10947,10896,10897],"tags":[15409,11246,20186,24215],"class_list":{"0":"post-300028","1":"post","2":"type-post","3":"status-publish","4":"format-standard","5":"has-post-thumbnail","7":"category-dana-ca","8":"category-ventana-ca","9":"category-infraestructuras-ca","10":"category-la-comarca-ca","11":"category-sin-categorizar-ca","12":"category-medio-ambiente-la-comarca-ca","13":"category-politica","14":"category-seccion-ca","15":"category-sucesos-la-comarca-ca","16":"tag-dana-2-ca","17":"tag-diputacio-de-valencia-ca","18":"tag-ens-uneix-ca","19":"tag-reglas-fiscales"},"_links":{"self":[{"href":"https:\/\/www.tucomarca.com\/wordpress\/segunda\/ca\/wp-json\/wp\/v2\/posts\/300028","targetHints":{"allow":["GET"]}}],"collection":[{"href":"https:\/\/www.tucomarca.com\/wordpress\/segunda\/ca\/wp-json\/wp\/v2\/posts"}],"about":[{"href":"https:\/\/www.tucomarca.com\/wordpress\/segunda\/ca\/wp-json\/wp\/v2\/types\/post"}],"author":[{"embeddable":true,"href":"https:\/\/www.tucomarca.com\/wordpress\/segunda\/ca\/wp-json\/wp\/v2\/users\/12"}],"replies":[{"embeddable":true,"href":"https:\/\/www.tucomarca.com\/wordpress\/segunda\/ca\/wp-json\/wp\/v2\/comments?post=300028"}],"version-history":[{"count":3,"href":"https:\/\/www.tucomarca.com\/wordpress\/segunda\/ca\/wp-json\/wp\/v2\/posts\/300028\/revisions"}],"predecessor-version":[{"id":300035,"href":"https:\/\/www.tucomarca.com\/wordpress\/segunda\/ca\/wp-json\/wp\/v2\/posts\/300028\/revisions\/300035"}],"wp:featuredmedia":[{"embeddable":true,"href":"https:\/\/www.tucomarca.com\/wordpress\/segunda\/ca\/wp-json\/wp\/v2\/media\/300024"}],"wp:attachment":[{"href":"https:\/\/www.tucomarca.com\/wordpress\/segunda\/ca\/wp-json\/wp\/v2\/media?parent=300028"}],"wp:term":[{"taxonomy":"category","embeddable":true,"href":"https:\/\/www.tucomarca.com\/wordpress\/segunda\/ca\/wp-json\/wp\/v2\/categories?post=300028"},{"taxonomy":"post_tag","embeddable":true,"href":"https:\/\/www.tucomarca.com\/wordpress\/segunda\/ca\/wp-json\/wp\/v2\/tags?post=300028"}],"curies":[{"name":"wp","href":"https:\/\/api.w.org\/{rel}","templated":true}]}}