{"id":300039,"date":"2026-04-27T11:45:00","date_gmt":"2026-04-27T09:45:00","guid":{"rendered":"https:\/\/www.tucomarca.com\/wordpress\/segunda\/?p=300039"},"modified":"2026-04-27T19:41:48","modified_gmt":"2026-04-27T17:41:48","slug":"la-diputacio-duplicara-els-bons-comerc-i-destina-105-milions-per-a-arribar-a-totes-les-comarques-valencianes","status":"publish","type":"post","link":"https:\/\/www.tucomarca.com\/wordpress\/segunda\/ca\/la-diputacio-duplicara-els-bons-comerc-i-destina-105-milions-per-a-arribar-a-totes-les-comarques-valencianes\/","title":{"rendered":"La Diputaci\u00f3 duplicar\u00e0 els bons comer\u00e7 i destina 10,5 milions per a arribar a totes les comarques valencianes"},"content":{"rendered":"\n<h3 class=\"wp-block-heading\">La iniciativa de l&#8217;\u00e0rea de Comarcalitzaci\u00f3 arriba al ple d&#8217;abril amb la intenci\u00f3 de duplicar els recursos i l&#8217;impacte de la campanya de 2025, que es va destinar a municipis dana amb m\u00e9s de 10 milions de retorn econ\u00f2mic.<\/h3>\n\n\n\n<h3 class=\"wp-block-heading\">El president Momp\u00f3 i la vicepresidenta Enguix destaquen la import\u00e0ncia del bo comer\u00e7 com a \u201caposta estrat\u00e8gica de promoci\u00f3 econ\u00f2mica\u201d. Ara s&#8217;amplia a tots els municipis amb un impacte esperat de 20 milions.<\/h3>\n\n\n\n<p>El ple de la Diputaci\u00f3 del mes d&#8217;abril, que tindr\u00e0 lloc este dimarts, inclou en l&#8217;ordre del dia l&#8217;ampliaci\u00f3 de la campanya de bons comer\u00e7 a tots els municipis de la prov\u00edncia. La iniciativa del departament de Comarcalitzaci\u00f3 que coordina la vicepresidenta primera, Nat\u00e0lia Enguix, va tindre un retorn superior als 10 milions d&#8217;euros en la seua anterior edici\u00f3, centrada en els pobles amb el comer\u00e7 local m\u00e9s afectat per la dana. Ara, Enguix ha sol\u00b7licitat un cr\u00e8dit extraordinari per a duplicar la partida i arribar a tot el territori.<\/p>\n\n\n\n<p>Nat\u00e0lia Enguix coincidix amb el president, Vicent Momp\u00f3, en la import\u00e0ncia dels bons comer\u00e7 com a \u201caposta estrat\u00e8gica de promoci\u00f3 econ\u00f2mica als nostres pobles i ciutats\u201d. En esta l\u00ednia d&#8217;actuaci\u00f3, Presid\u00e8ncia ha concedit un cr\u00e8dit de cinc milions d&#8217;euros, que es complementa amb altres 5,5 milions dels romanents de l&#8217;anterior exercici. Els 10,5 milions \u201cdupliquen els recursos aportats per la Diputaci\u00f3 en l&#8217;anterior campanya, per a donar resposta a l&#8217;increment de les sol\u00b7licituds i poder ajudar al xicotet comer\u00e7 de qualsevol municipi\u201d.<\/p>\n\n\n\n<p>La campanya que coordina Comarcalitzaci\u00f3 portar\u00e0 per nom \u2018Bons Comer\u00e7 2026 de la Diputaci\u00f3 de Val\u00e8ncia\u2019, i si es complixen les previsions i es repetix l&#8217;\u00e8xit de la primera edici\u00f3 \u201ctindr\u00e0 un impacte econ\u00f2mic en el xicotet comer\u00e7 dels nostres pobles superior als 20 milions d&#8217;euros\u201d, estimen els responsables provincials. \u201cL&#8217;any passat vam decidir centrar la campanya en el teixit comercial m\u00e9s afectat per la dana, i creiem que ara \u00e9s moment d&#8217;incloure en el programa a tots els xicotets comerciants dels nostres pobles, visibilitzant la important labor que realitzen a trav\u00e9s dels seus negocis de proximitat\u201d, assenyala Enguix.<\/p>\n\n\n\n<p>Per part seua, el president Momp\u00f3 destaca \u201cla gran resposta que va tindre la ciutadania en l&#8217;anterior campanya, on es van esgotar tots els bons emesos per a ajudar als m\u00e9s de mil establiments que es van sumar en les 26 localitats que va seleccionar C\u00e1mara Val\u00e8ncia\u201d. En opini\u00f3 de Momp\u00f3, \u201cel resultat d&#8217;aquell programa, en el qual varem invertir cinc milions d&#8217;euros, ens anima a estendre la proposta a tota la prov\u00edncia, donant continu\u00eftat a la gran faena realitzada per l&#8217;equip de la vicepresidenta en col\u00b7laboraci\u00f3 amb la C\u00e1mara, Caixa Popular, els ajuntaments i les associacions de comerciants\u201d.<\/p>\n\n\n\n<p><strong>95.000 bons i 10 milions de retorn<\/strong><\/p>\n\n\n\n<p>La campanya de Bons Comer\u00e7 Dana 2025 va ser tot un \u00e8xit en la seua primera convocat\u00f2ria, on una de les claus va ser, en opini\u00f3 de Momp\u00f3 i Enguix, \u201cl&#8217;eliminaci\u00f3 de la burocr\u00e0cia per als ajuntaments, els comerciants i els usuaris\u201d. La iniciativa va ser gestionada directament per la Diputaci\u00f3 en col\u00b7laboraci\u00f3 amb C\u00e1mara Val\u00e8ncia i Caixa Popular, que es van encarregar de la coordinaci\u00f3, el funcionament de la plataforma, el repartiment de targetes i els costos d&#8217;emissi\u00f3 dels bons, que van ser consumits entre setembre i desembre del passat any.<\/p>\n\n\n\n<p>Les xifres de la campanya demostren l&#8217;impacte positiu en el teixit comercial dels municipis que van formar part del programa. Un total de 95.000 targetes venudes, cadascuna amb un cost per al comprador de 50 euros i un cr\u00e8dit de 100 euros per a gastar en els 1.300 establiments adherits. Nat\u00e0lia Enguix ja va avan\u00e7ar, despr\u00e9s de celebrar l&#8217;impacte de m\u00e9s de 10 milions d&#8217;euros en el teixit comercial m\u00e9s afectat per la dana, que la intenci\u00f3 era \u201ccontinuar amb el projecte junt amb C\u00e1mara Val\u00e8ncia i ampliar la campanya a altres municipis\u201d.<\/p>\n\n\n\n<p>Segons les dades aportades per C\u00e1mara Val\u00e8ncia, Aldaia va ser el municipi que va registrar m\u00e9s compradors, amb m\u00e9s de 9.000 bons adquirits per persones empadronades en la localitat. Li van seguir Alaqu\u00e0s, Algemes\u00ed i Paiporta amb 8.691, 7.818 i 7.804 targetes venudes respectivament, i Catarroja amb 6.591. Totes estes targetes, amb un cr\u00e8dit superior als 10 milions d&#8217;euros, es van consumir en \u201cestabliments que contribu\u00efxen a donar vida i enriquir l&#8217;entramat social dels nostres pobles, garantixen els servicis i s\u00f3n un gran actiu contra la despoblaci\u00f3\u201d, apunta el president Momp\u00f3.<\/p>\n\n\n\n<p>La intenci\u00f3 ara \u00e9s repetir un model que va funcionar i estendre&#8217;l a totes les comarques valencianes, amb una emissi\u00f3 de bons amb els quals la Diputaci\u00f3 i la ciutadania tornaran a impulsar el xicotet comer\u00e7. En esta ocasi\u00f3, de tots els municipis de la prov\u00edncia.<\/p>\n","protected":false},"excerpt":{"rendered":"<div class=\"mh-excerpt\">La iniciativa de l&#8217;\u00e0rea de Comarcalitzaci\u00f3 arriba al ple d&#8217;abril amb la intenci\u00f3 de duplicar els recursos i l&#8217;impacte de la campanya de 2025, que es va destinar a municipis dana amb m\u00e9s de 10 <a class=\"mh-excerpt-more\" href=\"https:\/\/www.tucomarca.com\/wordpress\/segunda\/ca\/la-diputacio-duplicara-els-bons-comerc-i-destina-105-milions-per-a-arribar-a-totes-les-comarques-valencianes\/\" title=\"La Diputaci\u00f3 duplicar\u00e0 els bons comer\u00e7 i destina 10,5 milions per a arribar a totes les comarques valencianes\">[+] <\/a><\/div>\n","protected":false},"author":12,"featured_media":300037,"comment_status":"closed","ping_status":"open","sticky":false,"template":"","format":"standard","meta":{"footnotes":""},"categories":[10898,10948,10894,10904,10947,10896],"tags":[22987,11246],"class_list":{"0":"post-300039","1":"post","2":"type-post","3":"status-publish","4":"format-standard","5":"has-post-thumbnail","7":"category-ventana-ca","8":"category-infraestructuras-ca","9":"category-la-comarca-ca","10":"category-sin-categorizar-ca","11":"category-politica","12":"category-seccion-ca","13":"tag-bonos-comercio-ca","14":"tag-diputacio-de-valencia-ca"},"_links":{"self":[{"href":"https:\/\/www.tucomarca.com\/wordpress\/segunda\/ca\/wp-json\/wp\/v2\/posts\/300039","targetHints":{"allow":["GET"]}}],"collection":[{"href":"https:\/\/www.tucomarca.com\/wordpress\/segunda\/ca\/wp-json\/wp\/v2\/posts"}],"about":[{"href":"https:\/\/www.tucomarca.com\/wordpress\/segunda\/ca\/wp-json\/wp\/v2\/types\/post"}],"author":[{"embeddable":true,"href":"https:\/\/www.tucomarca.com\/wordpress\/segunda\/ca\/wp-json\/wp\/v2\/users\/12"}],"replies":[{"embeddable":true,"href":"https:\/\/www.tucomarca.com\/wordpress\/segunda\/ca\/wp-json\/wp\/v2\/comments?post=300039"}],"version-history":[{"count":2,"href":"https:\/\/www.tucomarca.com\/wordpress\/segunda\/ca\/wp-json\/wp\/v2\/posts\/300039\/revisions"}],"predecessor-version":[{"id":300096,"href":"https:\/\/www.tucomarca.com\/wordpress\/segunda\/ca\/wp-json\/wp\/v2\/posts\/300039\/revisions\/300096"}],"wp:featuredmedia":[{"embeddable":true,"href":"https:\/\/www.tucomarca.com\/wordpress\/segunda\/ca\/wp-json\/wp\/v2\/media\/300037"}],"wp:attachment":[{"href":"https:\/\/www.tucomarca.com\/wordpress\/segunda\/ca\/wp-json\/wp\/v2\/media?parent=300039"}],"wp:term":[{"taxonomy":"category","embeddable":true,"href":"https:\/\/www.tucomarca.com\/wordpress\/segunda\/ca\/wp-json\/wp\/v2\/categories?post=300039"},{"taxonomy":"post_tag","embeddable":true,"href":"https:\/\/www.tucomarca.com\/wordpress\/segunda\/ca\/wp-json\/wp\/v2\/tags?post=300039"}],"curies":[{"name":"wp","href":"https:\/\/api.w.org\/{rel}","templated":true}]}}