{"id":300048,"date":"2026-04-27T09:00:00","date_gmt":"2026-04-27T07:00:00","guid":{"rendered":"https:\/\/www.tucomarca.com\/wordpress\/segunda\/?p=300048"},"modified":"2026-04-27T19:21:49","modified_gmt":"2026-04-27T17:21:49","slug":"natalia-enguix-definix-els-gay-games-com-el-gran-referent-de-la-llibertat-i-la-convivencia-a-la-provincia-de-valencia","status":"publish","type":"post","link":"https:\/\/www.tucomarca.com\/wordpress\/segunda\/ca\/natalia-enguix-definix-els-gay-games-com-el-gran-referent-de-la-llibertat-i-la-convivencia-a-la-provincia-de-valencia\/","title":{"rendered":"Nat\u00e0lia Enguix definix els Gay Games com el gran referent de la &#8220;llibertat i la conviv\u00e8ncia&#8221; a la prov\u00edncia de Val\u00e8ncia"},"content":{"rendered":"\n<h3 class=\"wp-block-heading\">La vicepresidenta destaca la col\u00b7laboraci\u00f3 de la Diputaci\u00f3 en un esdeveniment que consolida l&#8217;aposta provincial per la inclusi\u00f3 en tot el territori i anima a la ciutadania a sumar-se a &#8220;una experi\u00e8ncia per a tota la vida\u201d.<\/h3>\n\n\n\n<h3 class=\"wp-block-heading\">La regidora d&#8217;Esports i Igualtat, Roc\u00edo Gil, destaca la \u201cmagnitud t\u00e8cnica i esportiva d&#8217;una competici\u00f3 amb 9.000 esportistes de 76 nacionalitats\u201d. La cerim\u00f2nia inaugural ser\u00e0 el 27 de juny en l&#8217;Estadi Ciutat de Val\u00e8ncia.<\/h3>\n\n\n\n<p>La vicepresidenta primera de la Diputaci\u00f3 de Val\u00e8ncia, Nat\u00e0lia Enguix, ha reafirmat este dilluns la implicaci\u00f3 total de la instituci\u00f3 amb els Gay Games Val\u00e8ncia 2026, un esdeveniment que convertir\u00e0 a la prov\u00edncia en l&#8217;epicentre mundial de la diversitat i l&#8217;esport inclusiu entre el 27 de juny i el 4 de juliol de 2026. En la roda de premsa celebrada en l&#8217;Estadi Ciutat de Val\u00e8ncia, Enguix ha liderat la presentaci\u00f3 al costat de la regidora d&#8217;Esports i Igualtat de l&#8217;Ajuntament de Val\u00e8ncia i diputada provincial, Roc\u00edo Gil, i el president d&#8217;AVEGAL, Juan Velasco, junt amb representants de federacions esportives i el comit\u00e9 organitzador.<\/p>\n\n\n\n<p>Enguix ha subratllat que la corporaci\u00f3 ha assumit des del primer moment la responsabilitat de col\u00b7laborar activament perqu\u00e8 esta cita, que representa el m\u00e9s semblant a unes olimp\u00edades que es podran disfrutar en territori valenci\u00e0 en molt de temps, siga un \u00e8xit absolut de cohesi\u00f3 social, orgull i projecci\u00f3 internacional.<\/p>\n\n\n\n<figure class=\"wp-block-image size-full\"><img loading=\"lazy\" decoding=\"async\" width=\"945\" height=\"638\" src=\"https:\/\/www.tucomarca.com\/wordpress\/segunda\/wp-content\/uploads\/2026\/04\/DipuGAYGAMES1.jpg\" alt=\"\" class=\"wp-image-300043\" srcset=\"https:\/\/www.tucomarca.com\/wordpress\/segunda\/wp-content\/uploads\/2026\/04\/DipuGAYGAMES1.jpg 945w, https:\/\/www.tucomarca.com\/wordpress\/segunda\/wp-content\/uploads\/2026\/04\/DipuGAYGAMES1-300x203.jpg 300w, https:\/\/www.tucomarca.com\/wordpress\/segunda\/wp-content\/uploads\/2026\/04\/DipuGAYGAMES1-768x519.jpg 768w\" sizes=\"auto, (max-width: 945px) 100vw, 945px\" \/><\/figure>\n\n\n\n<p>En este sentit, la vicepresidenta Nat\u00e0lia Enguix ha volgut posar el focus en el valor hum\u00e0 que sustenta l&#8217;esdeveniment, fent una crida directa a la societat valenciana per a sumar-se al programa de voluntariat que ja compta amb m\u00e9s de 500 col\u00b7laboradors. Enguix ha destacat que ser part activa d&#8217;estos jocs \u00e9s una &#8220;experi\u00e8ncia per a tota la vida&#8221; i ha recordat que la Diputaci\u00f3, en col\u00b7laboraci\u00f3 amb l&#8217;Ajuntament i la Generalitat, mant\u00e9 obertes les \u00faltimes sessions de formaci\u00f3 en l\u00ednia els dies 30 d&#8217;abril i 6 de maig per a assegurar que la prov\u00edncia compte amb el millor equip de suport possible.<\/p>\n\n\n\n<p><strong>Desplegament t\u00e8cnic i esportiu<\/strong><\/p>\n\n\n\n<p>Durant la presentaci\u00f3, la regidora Roc\u00edo Gil ha detallat la imponent magnitud t\u00e8cnica i esportiva d&#8217;uns jocs que ja compten amb m\u00e9s de 9.000 persones inscrites procedents de 76 nacionalitats diferents, amb una pres\u00e8ncia destacada d&#8217;esportistes de pa\u00efsos com els Estats Units, el Regne Unit, Austr\u00e0lia o el Canad\u00e0. Gil ha explicat que la competici\u00f3 mobilitzar\u00e0 desenes de seus i fins a 39 disciplines esportives que inundaran espais emblem\u00e0tics de la ciutat i la prov\u00edncia, des del Poliesportiu del Cabanyal i Natzaret fins al Jard\u00ed del T\u00faria, consolidant a Val\u00e8ncia com un referent de l&#8217;esport inclusiu a nivell global.<\/p>\n\n\n\n<p>Aix\u00ed mateix, el president d&#8217;AVEGAL, Juan Velasco, ha desgranat els detalls de la jornada inaugural del 27 de juny en l&#8217;Estadi Ciutat de Val\u00e8ncia, on una gran cerim\u00f2nia d&#8217;obertura donar\u00e0 el tret d&#8217;eixida amb un cartell art\u00edstic de primer nivell que inclou a figures com M\u00f3nica Naranjo i Soraya Arnelas. Velasco ha incidit en qu\u00e8 tant la log\u00edstica d&#8217;entrades com els horaris estan dissenyats perqu\u00e8 tota la ciutadania participe d&#8217;una celebraci\u00f3 que transcendix l&#8217;esportiu per a convertir-se en un manifest de respecte i llibertat.<\/p>\n\n\n\n<p>El ferm suport de la Diputaci\u00f3 de Val\u00e8ncia a la celebraci\u00f3 dels Gay Games s&#8217;emmarca de manera coherent dins de les pol\u00edtiques transversals que la instituci\u00f3 desenvolupa en tot el territori, com s\u00f3n les ajudes destinades a promoure la diversitat sexual en municipis de menys de 15.000 habitants. Tal com ha recordat la mateixa Enguix, responsable de Diversitat en la Diputaci\u00f3, l&#8217;objectiu d&#8217;estes accions \u00e9s \u201cgarantir que la llibertat d&#8217;estimar o de ser qui un vulga no depenga del lloc on s&#8217;haja nascut, reafirmant la implicaci\u00f3 de la Diputaci\u00f3 amb la dignitat de totes les persones i la vertebraci\u00f3 d&#8217;una prov\u00edncia moderna, oberta i valenta\u201d.<\/p>\n","protected":false},"excerpt":{"rendered":"<div class=\"mh-excerpt\">La vicepresidenta destaca la col\u00b7laboraci\u00f3 de la Diputaci\u00f3 en un esdeveniment que consolida l&#8217;aposta provincial per la inclusi\u00f3 en tot el territori i anima a la ciutadania a sumar-se a &#8220;una experi\u00e8ncia per a tota <a class=\"mh-excerpt-more\" href=\"https:\/\/www.tucomarca.com\/wordpress\/segunda\/ca\/natalia-enguix-definix-els-gay-games-com-el-gran-referent-de-la-llibertat-i-la-convivencia-a-la-provincia-de-valencia\/\" title=\"Nat\u00e0lia Enguix definix els Gay Games com el gran referent de la &#8220;llibertat i la conviv\u00e8ncia&#8221; a la prov\u00edncia de Val\u00e8ncia\">[+] <\/a><\/div>\n","protected":false},"author":12,"featured_media":300046,"comment_status":"closed","ping_status":"open","sticky":false,"template":"","format":"standard","meta":{"footnotes":""},"categories":[11003,10898,10894,10904,11007,10947,10896],"tags":[11246,24217,20262],"class_list":{"0":"post-300048","1":"post","2":"type-post","3":"status-publish","4":"format-standard","5":"has-post-thumbnail","7":"category-sports","8":"category-ventana-ca","9":"category-la-comarca-ca","10":"category-sin-categorizar-ca","11":"category-ocio-y-cultura-ca","12":"category-politica","13":"category-seccion-ca","14":"tag-diputacio-de-valencia-ca","15":"tag-gay-games","16":"tag-natalia-enguix-ca"},"_links":{"self":[{"href":"https:\/\/www.tucomarca.com\/wordpress\/segunda\/ca\/wp-json\/wp\/v2\/posts\/300048","targetHints":{"allow":["GET"]}}],"collection":[{"href":"https:\/\/www.tucomarca.com\/wordpress\/segunda\/ca\/wp-json\/wp\/v2\/posts"}],"about":[{"href":"https:\/\/www.tucomarca.com\/wordpress\/segunda\/ca\/wp-json\/wp\/v2\/types\/post"}],"author":[{"embeddable":true,"href":"https:\/\/www.tucomarca.com\/wordpress\/segunda\/ca\/wp-json\/wp\/v2\/users\/12"}],"replies":[{"embeddable":true,"href":"https:\/\/www.tucomarca.com\/wordpress\/segunda\/ca\/wp-json\/wp\/v2\/comments?post=300048"}],"version-history":[{"count":2,"href":"https:\/\/www.tucomarca.com\/wordpress\/segunda\/ca\/wp-json\/wp\/v2\/posts\/300048\/revisions"}],"predecessor-version":[{"id":300074,"href":"https:\/\/www.tucomarca.com\/wordpress\/segunda\/ca\/wp-json\/wp\/v2\/posts\/300048\/revisions\/300074"}],"wp:featuredmedia":[{"embeddable":true,"href":"https:\/\/www.tucomarca.com\/wordpress\/segunda\/ca\/wp-json\/wp\/v2\/media\/300046"}],"wp:attachment":[{"href":"https:\/\/www.tucomarca.com\/wordpress\/segunda\/ca\/wp-json\/wp\/v2\/media?parent=300048"}],"wp:term":[{"taxonomy":"category","embeddable":true,"href":"https:\/\/www.tucomarca.com\/wordpress\/segunda\/ca\/wp-json\/wp\/v2\/categories?post=300048"},{"taxonomy":"post_tag","embeddable":true,"href":"https:\/\/www.tucomarca.com\/wordpress\/segunda\/ca\/wp-json\/wp\/v2\/tags?post=300048"}],"curies":[{"name":"wp","href":"https:\/\/api.w.org\/{rel}","templated":true}]}}