{"id":300053,"date":"2026-04-27T12:00:00","date_gmt":"2026-04-27T10:00:00","guid":{"rendered":"https:\/\/www.tucomarca.com\/wordpress\/segunda\/?p=300053"},"modified":"2026-04-27T19:13:19","modified_gmt":"2026-04-27T17:13:19","slug":"la-guardia-civil-investiga-a-14-persones-per-desordres-publics-amenaces-i-cantics-racistes-a-alginet","status":"publish","type":"post","link":"https:\/\/www.tucomarca.com\/wordpress\/segunda\/ca\/la-guardia-civil-investiga-a-14-persones-per-desordres-publics-amenaces-i-cantics-racistes-a-alginet\/","title":{"rendered":"La Gu\u00e0rdia Civil investiga a 14 persones per desordres p\u00fablics, amenaces i c\u00e0ntics racistes a Alginet"},"content":{"rendered":"\n<h3 class=\"wp-block-heading\">Un menor de 13 anys va participar en els fets, per\u00f2 resulta penalment inimputable.<\/h3>\n\n\n\n<p>La Gu\u00e0rdia Civil ha investigat a 14 homes per prendre diversos carrers d&#8217;Alginet colpejant mobiliari p\u00fablic i realitzar amenaces i c\u00e0ntics racistes. En els fets est\u00e0 implicat tamb\u00e9 un menor de 13 anys inimputable penalment.<\/p>\n\n\n\n<p>Els fets van tindre lloc al gener de 2026, quan components de Gu\u00e0rdia Civil i Policia Local d&#8217;Alginet van trobar un grup de persones amb passamuntanyes en els voltants de l&#8217;estaci\u00f3 del metro d&#8217;eixa localitat. Algunes d&#8217;aquestes persones portaven bats i altres colpejaven el mobiliari urb\u00e0 mentre emetien amenaces de mort i expressions d&#8217;odi al col\u00b7lectiu \u00e0rab. A m\u00e9s, cridaven pel carrer i llan\u00e7aven artefactes pirot\u00e8cnics de gran pot\u00e8ncia.<\/p>\n\n\n\n<p>Quan van actuar conjuntament, els encaputxats van fugir de manera dispersa, per\u00f2 la labor policial va aconseguir identificar in situ a part dels autors i el posterior visionat d&#8217;imatges de seguretat va permetre identificar a molts altres. Es van aprehendre dos bats de beisbol.<\/p>\n\n\n\n<p>En total, s&#8217;ha identificat a quinze persones en dies posteriors als fets. Cinc d&#8217;elles menors d&#8217;edat (un d&#8217;ells menor de 13 anys i, per tant, inimputable). Es tracta d&#8217;homes espanyols d&#8217;entre 40 i 13 anys. Se&#8217;ls imputa un delicte de promoci\u00f3 i incitaci\u00f3 p\u00fablica a l&#8217;odi i un altre de desordres p\u00fablics.<\/p>\n\n\n\n<p>La investigaci\u00f3 ha sigut duta a terme per agents del Lloc Principal de Carlet.\u00a0Les dilig\u00e8ncies van ser entregades en la Secci\u00f3 Civil i d&#8217;Instrucci\u00f3 del Tribunal de Carlet en funcions de Gu\u00e0rdia i a la Fiscalia de menors.<\/p>\n","protected":false},"excerpt":{"rendered":"<div class=\"mh-excerpt\">Un menor de 13 anys va participar en els fets, per\u00f2 resulta penalment inimputable. La Gu\u00e0rdia Civil ha investigat a 14 homes per prendre diversos carrers d&#8217;Alginet colpejant mobiliari p\u00fablic i realitzar amenaces i c\u00e0ntics <a class=\"mh-excerpt-more\" href=\"https:\/\/www.tucomarca.com\/wordpress\/segunda\/ca\/la-guardia-civil-investiga-a-14-persones-per-desordres-publics-amenaces-i-cantics-racistes-a-alginet\/\" title=\"La Gu\u00e0rdia Civil investiga a 14 persones per desordres p\u00fablics, amenaces i c\u00e0ntics racistes a Alginet\">[+] <\/a><\/div>\n","protected":false},"author":1,"featured_media":300050,"comment_status":"closed","ping_status":"open","sticky":false,"template":"","format":"standard","meta":{"footnotes":""},"categories":[10898,10894,10904,10902,10896,10897],"tags":[20577,11118,11077],"class_list":{"0":"post-300053","1":"post","2":"type-post","3":"status-publish","4":"format-standard","5":"has-post-thumbnail","7":"category-ventana-ca","8":"category-la-comarca-ca","9":"category-sin-categorizar-ca","10":"category-la-ribera-ca","11":"category-seccion-ca","12":"category-sucesos-la-comarca-ca","13":"tag-alginet-ca","14":"tag-guardia-civil-ca","15":"tag-la-ribera-alta-ca"},"_links":{"self":[{"href":"https:\/\/www.tucomarca.com\/wordpress\/segunda\/ca\/wp-json\/wp\/v2\/posts\/300053","targetHints":{"allow":["GET"]}}],"collection":[{"href":"https:\/\/www.tucomarca.com\/wordpress\/segunda\/ca\/wp-json\/wp\/v2\/posts"}],"about":[{"href":"https:\/\/www.tucomarca.com\/wordpress\/segunda\/ca\/wp-json\/wp\/v2\/types\/post"}],"author":[{"embeddable":true,"href":"https:\/\/www.tucomarca.com\/wordpress\/segunda\/ca\/wp-json\/wp\/v2\/users\/1"}],"replies":[{"embeddable":true,"href":"https:\/\/www.tucomarca.com\/wordpress\/segunda\/ca\/wp-json\/wp\/v2\/comments?post=300053"}],"version-history":[{"count":2,"href":"https:\/\/www.tucomarca.com\/wordpress\/segunda\/ca\/wp-json\/wp\/v2\/posts\/300053\/revisions"}],"predecessor-version":[{"id":300057,"href":"https:\/\/www.tucomarca.com\/wordpress\/segunda\/ca\/wp-json\/wp\/v2\/posts\/300053\/revisions\/300057"}],"wp:featuredmedia":[{"embeddable":true,"href":"https:\/\/www.tucomarca.com\/wordpress\/segunda\/ca\/wp-json\/wp\/v2\/media\/300050"}],"wp:attachment":[{"href":"https:\/\/www.tucomarca.com\/wordpress\/segunda\/ca\/wp-json\/wp\/v2\/media?parent=300053"}],"wp:term":[{"taxonomy":"category","embeddable":true,"href":"https:\/\/www.tucomarca.com\/wordpress\/segunda\/ca\/wp-json\/wp\/v2\/categories?post=300053"},{"taxonomy":"post_tag","embeddable":true,"href":"https:\/\/www.tucomarca.com\/wordpress\/segunda\/ca\/wp-json\/wp\/v2\/tags?post=300053"}],"curies":[{"name":"wp","href":"https:\/\/api.w.org\/{rel}","templated":true}]}}