{"id":300071,"date":"2026-04-27T10:10:00","date_gmt":"2026-04-27T08:10:00","guid":{"rendered":"https:\/\/www.tucomarca.com\/wordpress\/segunda\/?p=300071"},"modified":"2026-04-27T19:57:25","modified_gmt":"2026-04-27T17:57:25","slug":"mes-dun-centenar-de-persones-participen-en-xest-en-marxa-una-aposta-per-la-lectura-la-naturalesa-i-el-benestar","status":"publish","type":"post","link":"https:\/\/www.tucomarca.com\/wordpress\/segunda\/ca\/mes-dun-centenar-de-persones-participen-en-xest-en-marxa-una-aposta-per-la-lectura-la-naturalesa-i-el-benestar\/","title":{"rendered":"M\u00e9s d&#8217;un centenar de persones participen en \u201cXest en marxa\u201d, una aposta per la lectura, la naturalesa i el benestar"},"content":{"rendered":"\n<p>L&#8217;Ajuntament de Xest va celebrar dissabte passat 25 d&#8217;abril l&#8217;activitat \u201cXest en marxa: naturalesa i salut\u201d, una iniciativa impulsada conjuntament per les regidories de Cultura i Medi Ambient dins de la programaci\u00f3 de la Fira del Llibre&nbsp;Xest llig, sota el lema \u201cXest llig naturalesa\u201d.<\/p>\n\n\n\n<p>El Parc de la Lomiquia es va convertir durant el mat\u00ed en un espai de trobada, salut i connexi\u00f3 amb l&#8217;entorn, reunint m\u00e9s d&#8217;un centenar de persones que van participar activament en les diferents propostes programades. L&#8217;activitat va combinar exercici f\u00edsic i benestar emocional a trav\u00e9s de sessions de ioga, bodycombat, nordic walking, entrenament funcional i musicoter\u00e0pia, oferint una experi\u00e8ncia integral dirigida a tots els p\u00fablics.<\/p>\n\n\n\n<p>Sota el concepte que la lectura tamb\u00e9 pot entendre&#8217;s com una manera d&#8217;interpretar i connectar amb el m\u00f3n que ens envolta, la jornada va convidar a la ciutadania a \u201cllegir\u201d la naturalesa des del cos, el moviment i l&#8217;escolta activa.<\/p>\n\n\n\n<figure class=\"wp-block-gallery has-nested-images columns-2 is-cropped wp-block-gallery-1 is-layout-flex wp-block-gallery-is-layout-flex\">\n<figure class=\"wp-block-image size-large\"><img loading=\"lazy\" decoding=\"async\" width=\"945\" height=\"638\" data-id=\"300064\" src=\"https:\/\/www.tucomarca.com\/wordpress\/segunda\/wp-content\/uploads\/2026\/04\/cheste_en_marcha_04.jpg\" alt=\"\" class=\"wp-image-300064\" srcset=\"https:\/\/www.tucomarca.com\/wordpress\/segunda\/wp-content\/uploads\/2026\/04\/cheste_en_marcha_04.jpg 945w, https:\/\/www.tucomarca.com\/wordpress\/segunda\/wp-content\/uploads\/2026\/04\/cheste_en_marcha_04-300x203.jpg 300w, https:\/\/www.tucomarca.com\/wordpress\/segunda\/wp-content\/uploads\/2026\/04\/cheste_en_marcha_04-768x519.jpg 768w\" sizes=\"auto, (max-width: 945px) 100vw, 945px\" \/><\/figure>\n\n\n\n<figure class=\"wp-block-image size-large\"><img loading=\"lazy\" decoding=\"async\" width=\"945\" height=\"638\" data-id=\"300062\" src=\"https:\/\/www.tucomarca.com\/wordpress\/segunda\/wp-content\/uploads\/2026\/04\/cheste_en_marcha_03.jpg\" alt=\"\" class=\"wp-image-300062\" srcset=\"https:\/\/www.tucomarca.com\/wordpress\/segunda\/wp-content\/uploads\/2026\/04\/cheste_en_marcha_03.jpg 945w, https:\/\/www.tucomarca.com\/wordpress\/segunda\/wp-content\/uploads\/2026\/04\/cheste_en_marcha_03-300x203.jpg 300w, https:\/\/www.tucomarca.com\/wordpress\/segunda\/wp-content\/uploads\/2026\/04\/cheste_en_marcha_03-768x519.jpg 768w\" sizes=\"auto, (max-width: 945px) 100vw, 945px\" \/><\/figure>\n\n\n\n<figure class=\"wp-block-image size-large\"><img loading=\"lazy\" decoding=\"async\" width=\"1024\" height=\"683\" data-id=\"300068\" src=\"https:\/\/www.tucomarca.com\/wordpress\/segunda\/wp-content\/uploads\/2026\/04\/cheste_en_marcha_06-1024x683.jpg\" alt=\"\" class=\"wp-image-300068\" srcset=\"https:\/\/www.tucomarca.com\/wordpress\/segunda\/wp-content\/uploads\/2026\/04\/cheste_en_marcha_06-1024x683.jpg 1024w, https:\/\/www.tucomarca.com\/wordpress\/segunda\/wp-content\/uploads\/2026\/04\/cheste_en_marcha_06-300x200.jpg 300w, https:\/\/www.tucomarca.com\/wordpress\/segunda\/wp-content\/uploads\/2026\/04\/cheste_en_marcha_06-768x512.jpg 768w, https:\/\/www.tucomarca.com\/wordpress\/segunda\/wp-content\/uploads\/2026\/04\/cheste_en_marcha_06.jpg 1344w\" sizes=\"auto, (max-width: 1024px) 100vw, 1024px\" \/><\/figure>\n\n\n\n<figure class=\"wp-block-image size-large\"><img loading=\"lazy\" decoding=\"async\" width=\"1024\" height=\"683\" data-id=\"300066\" src=\"https:\/\/www.tucomarca.com\/wordpress\/segunda\/wp-content\/uploads\/2026\/04\/cheste_en_marcha_05-1024x683.jpg\" alt=\"\" class=\"wp-image-300066\" srcset=\"https:\/\/www.tucomarca.com\/wordpress\/segunda\/wp-content\/uploads\/2026\/04\/cheste_en_marcha_05-1024x683.jpg 1024w, https:\/\/www.tucomarca.com\/wordpress\/segunda\/wp-content\/uploads\/2026\/04\/cheste_en_marcha_05-300x200.jpg 300w, https:\/\/www.tucomarca.com\/wordpress\/segunda\/wp-content\/uploads\/2026\/04\/cheste_en_marcha_05-768x512.jpg 768w, https:\/\/www.tucomarca.com\/wordpress\/segunda\/wp-content\/uploads\/2026\/04\/cheste_en_marcha_05.jpg 1344w\" sizes=\"auto, (max-width: 1024px) 100vw, 1024px\" \/><\/figure>\n\n\n\n<figure class=\"wp-block-image size-large\"><img loading=\"lazy\" decoding=\"async\" width=\"945\" height=\"638\" data-id=\"300060\" src=\"https:\/\/www.tucomarca.com\/wordpress\/segunda\/wp-content\/uploads\/2026\/04\/cheste_en_marcha_02.jpg\" alt=\"\" class=\"wp-image-300060\" srcset=\"https:\/\/www.tucomarca.com\/wordpress\/segunda\/wp-content\/uploads\/2026\/04\/cheste_en_marcha_02.jpg 945w, https:\/\/www.tucomarca.com\/wordpress\/segunda\/wp-content\/uploads\/2026\/04\/cheste_en_marcha_02-300x203.jpg 300w, https:\/\/www.tucomarca.com\/wordpress\/segunda\/wp-content\/uploads\/2026\/04\/cheste_en_marcha_02-768x519.jpg 768w\" sizes=\"auto, (max-width: 945px) 100vw, 945px\" \/><\/figure>\n<\/figure>\n\n\n\n<p>La regidora de Cultura, M\u00aa \u00c1ngeles Llorente, va destacar el valor d&#8217;aquesta iniciativa que t\u00e9, com la resta d&#8217;accions que es duen a terme durant la resta de l&#8217;any, l&#8217;objectiu de \u201cintervindre activament en la millora de la salut personal i col\u00b7lectiva de la ciutadania chestana, entenent que tan important \u00e9s la teoria com la pr\u00e0ctica. Viure implica aprendre de manera cont\u00ednua\u201d. Llorente tamb\u00e9 va assenyalar que \u201cper a mi \u00e9s un orgull poder afirmar que Xest se situa a l&#8217;avantguarda en iniciatives de prevenci\u00f3 i millora de la salut, aix\u00ed com en l&#8217;alt grau d&#8217;acceptaci\u00f3 i participaci\u00f3 dels nostres ve\u00efns i ve\u00efnes\u201d.<\/p>\n\n\n\n<p>Per part seua, el regidor de Medi Ambient, David Pujals, va subratllar el gran acolliment de l&#8217;activitat i el seu impacte positiu en la ciutadania: \u201cLa resposta ha sigut extraordin\u00e0ria, demostrant que existeix un gran inter\u00e9s per activitats que combinen exercici, salut i conviv\u00e8ncia en entorns naturals\u201d.<\/p>\n\n\n\n<p>Pujals tamb\u00e9 va posar l&#8217;accent en la relaci\u00f3 entre l&#8217;activitat i la sostenibilitat: \u201cIniciatives com \u2018Xest en marxa\u2019 ens recorden la import\u00e0ncia de cuidar i gaudir dels nostres espais naturals de manera responsable, fomentant una connexi\u00f3 m\u00e9s conscient amb l&#8217;entorn i promovent h\u00e0bits de vida sostenibles\u201d.<\/p>\n\n\n\n<p>\u201cXest en marxa\u201d consolida aix\u00ed l&#8217;aposta de l&#8217;Ajuntament per una programaci\u00f3 transversal que uneix cultura, esport i benestar, oferint experi\u00e8ncies que promouen una vida activa, saludable i connectada amb l&#8217;entorn natural.<\/p>\n","protected":false},"excerpt":{"rendered":"<div class=\"mh-excerpt\">L&#8217;Ajuntament de Xest va celebrar dissabte passat 25 d&#8217;abril l&#8217;activitat \u201cXest en marxa: naturalesa i salut\u201d, una iniciativa impulsada conjuntament per les regidories de Cultura i Medi Ambient dins de la programaci\u00f3 de la Fira <a class=\"mh-excerpt-more\" href=\"https:\/\/www.tucomarca.com\/wordpress\/segunda\/ca\/mes-dun-centenar-de-persones-participen-en-xest-en-marxa-una-aposta-per-la-lectura-la-naturalesa-i-el-benestar\/\" title=\"M\u00e9s d&#8217;un centenar de persones participen en \u201cXest en marxa\u201d, una aposta per la lectura, la naturalesa i el benestar\">[+] <\/a><\/div>\n","protected":false},"author":12,"featured_media":300059,"comment_status":"closed","ping_status":"open","sticky":false,"template":"","format":"gallery","meta":{"footnotes":""},"categories":[11010,10894,10912,11007,10896,10974],"tags":[11071,24219,10914],"class_list":{"0":"post-300071","1":"post","2":"type-post","3":"status-publish","4":"format-gallery","5":"has-post-thumbnail","7":"category-canal-salud","8":"category-la-comarca-ca","9":"category-la-hoya-ca","10":"category-ocio-y-cultura-ca","11":"category-seccion-ca","12":"category-cheste-ca","13":"tag-cheste","14":"tag-cheste-en-marcha","15":"tag-la-hoya-de-bunol-chiva-ca","16":"post_format-post-format-gallery"},"_links":{"self":[{"href":"https:\/\/www.tucomarca.com\/wordpress\/segunda\/ca\/wp-json\/wp\/v2\/posts\/300071","targetHints":{"allow":["GET"]}}],"collection":[{"href":"https:\/\/www.tucomarca.com\/wordpress\/segunda\/ca\/wp-json\/wp\/v2\/posts"}],"about":[{"href":"https:\/\/www.tucomarca.com\/wordpress\/segunda\/ca\/wp-json\/wp\/v2\/types\/post"}],"author":[{"embeddable":true,"href":"https:\/\/www.tucomarca.com\/wordpress\/segunda\/ca\/wp-json\/wp\/v2\/users\/12"}],"replies":[{"embeddable":true,"href":"https:\/\/www.tucomarca.com\/wordpress\/segunda\/ca\/wp-json\/wp\/v2\/comments?post=300071"}],"version-history":[{"count":2,"href":"https:\/\/www.tucomarca.com\/wordpress\/segunda\/ca\/wp-json\/wp\/v2\/posts\/300071\/revisions"}],"predecessor-version":[{"id":300075,"href":"https:\/\/www.tucomarca.com\/wordpress\/segunda\/ca\/wp-json\/wp\/v2\/posts\/300071\/revisions\/300075"}],"wp:featuredmedia":[{"embeddable":true,"href":"https:\/\/www.tucomarca.com\/wordpress\/segunda\/ca\/wp-json\/wp\/v2\/media\/300059"}],"wp:attachment":[{"href":"https:\/\/www.tucomarca.com\/wordpress\/segunda\/ca\/wp-json\/wp\/v2\/media?parent=300071"}],"wp:term":[{"taxonomy":"category","embeddable":true,"href":"https:\/\/www.tucomarca.com\/wordpress\/segunda\/ca\/wp-json\/wp\/v2\/categories?post=300071"},{"taxonomy":"post_tag","embeddable":true,"href":"https:\/\/www.tucomarca.com\/wordpress\/segunda\/ca\/wp-json\/wp\/v2\/tags?post=300071"}],"curies":[{"name":"wp","href":"https:\/\/api.w.org\/{rel}","templated":true}]}}