{"id":300084,"date":"2026-04-27T10:00:00","date_gmt":"2026-04-27T08:00:00","guid":{"rendered":"https:\/\/www.tucomarca.com\/wordpress\/segunda\/?p=300084"},"modified":"2026-04-27T19:48:04","modified_gmt":"2026-04-27T17:48:04","slug":"ma-amparo-nadal-gresa-designada-com-a-futura-reina-de-la-verema-2026-de-xest","status":"publish","type":"post","link":"https:\/\/www.tucomarca.com\/wordpress\/segunda\/ca\/ma-amparo-nadal-gresa-designada-com-a-futura-reina-de-la-verema-2026-de-xest\/","title":{"rendered":"M\u00aa Amparo Nadal Gresa, designada com a futura Reina de la Verema 2026 de Xest"},"content":{"rendered":"\n<p>Xest ja coneix el nom de la seua futura Reina de la Verema. Aquest diumenge 26 d&#8217;abril, M\u00aa Amparo Nadal Gresa va ser designada com la futura m\u00e0xima representant de la LIII Festa de la Verema, una celebraci\u00f3 declarada d&#8217;Inter\u00e9s Tur\u00edstic provincial i una de les cites m\u00e9s esperades del calendari festiu local.<\/p>\n\n\n\n<p>La jove chestana, que al setembre ser\u00e0 proclamada reina, assumeix aix\u00ed el paper d&#8217;ambaixadora d&#8217;una de les festes m\u00e9s emblem\u00e0tiques del municipi. Despr\u00e9s de la designaci\u00f3, celebrada en el sal\u00f3 de plens de l&#8217;Ajuntament, els nous representants de la Festa de la Verema van posar al costat de l&#8217;alcalde, Jos\u00e9 Morell, i el regidor de Festes, \u00d3scar Gald\u00f3n. M\u00aa Amparo \u00e9s estudiant de segon de Batxillerat. Li agrada fer esport, sobretot crossfit. A m\u00e9s, \u00e9s fallera i filla i neta de viticultors.<\/p>\n\n\n\n<p>Amb aquesta designaci\u00f3, Xest dona el tret d&#8217;eixida als preparatius de la LIII Festa de la Verema.<\/p>\n\n\n\n<figure class=\"wp-block-gallery has-nested-images columns-default is-cropped wp-block-gallery-1 is-layout-flex wp-block-gallery-is-layout-flex\">\n<figure class=\"wp-block-image size-large\"><img loading=\"lazy\" decoding=\"async\" width=\"945\" height=\"638\" data-id=\"300081\" src=\"https:\/\/www.tucomarca.com\/wordpress\/segunda\/wp-content\/uploads\/2026\/04\/Cheste_reina_vendimia_03.jpg\" alt=\"\" class=\"wp-image-300081\" srcset=\"https:\/\/www.tucomarca.com\/wordpress\/segunda\/wp-content\/uploads\/2026\/04\/Cheste_reina_vendimia_03.jpg 945w, https:\/\/www.tucomarca.com\/wordpress\/segunda\/wp-content\/uploads\/2026\/04\/Cheste_reina_vendimia_03-300x203.jpg 300w, https:\/\/www.tucomarca.com\/wordpress\/segunda\/wp-content\/uploads\/2026\/04\/Cheste_reina_vendimia_03-768x519.jpg 768w\" sizes=\"auto, (max-width: 945px) 100vw, 945px\" \/><\/figure>\n\n\n\n<figure class=\"wp-block-image size-large\"><img loading=\"lazy\" decoding=\"async\" width=\"945\" height=\"638\" data-id=\"300077\" src=\"https:\/\/www.tucomarca.com\/wordpress\/segunda\/wp-content\/uploads\/2026\/04\/Cheste_reina_vendimia_01.jpg\" alt=\"\" class=\"wp-image-300077\" srcset=\"https:\/\/www.tucomarca.com\/wordpress\/segunda\/wp-content\/uploads\/2026\/04\/Cheste_reina_vendimia_01.jpg 945w, https:\/\/www.tucomarca.com\/wordpress\/segunda\/wp-content\/uploads\/2026\/04\/Cheste_reina_vendimia_01-300x203.jpg 300w, https:\/\/www.tucomarca.com\/wordpress\/segunda\/wp-content\/uploads\/2026\/04\/Cheste_reina_vendimia_01-768x519.jpg 768w\" sizes=\"auto, (max-width: 945px) 100vw, 945px\" \/><\/figure>\n<\/figure>\n\n\n\n<p><\/p>\n","protected":false},"excerpt":{"rendered":"<div class=\"mh-excerpt\">Xest ja coneix el nom de la seua futura Reina de la Verema. Aquest diumenge 26 d&#8217;abril, M\u00aa Amparo Nadal Gresa va ser designada com la futura m\u00e0xima representant de la LIII Festa de la <a class=\"mh-excerpt-more\" href=\"https:\/\/www.tucomarca.com\/wordpress\/segunda\/ca\/ma-amparo-nadal-gresa-designada-com-a-futura-reina-de-la-verema-2026-de-xest\/\" title=\"M\u00aa Amparo Nadal Gresa, designada com a futura Reina de la Verema 2026 de Xest\">[+] <\/a><\/div>\n","protected":false},"author":12,"featured_media":300080,"comment_status":"closed","ping_status":"open","sticky":false,"template":"","format":"gallery","meta":{"footnotes":""},"categories":[10894,10912,11004,11007,11008,10896,10974],"tags":[11071,10914,24221],"class_list":{"0":"post-300084","1":"post","2":"type-post","3":"status-publish","4":"format-gallery","5":"has-post-thumbnail","7":"category-la-comarca-ca","8":"category-la-hoya-ca","9":"category-la-semana-en-imagenes-ca","10":"category-ocio-y-cultura-ca","11":"category-pueblos-en-fiestas-ca","12":"category-seccion-ca","13":"category-cheste-ca","14":"tag-cheste","15":"tag-la-hoya-de-bunol-chiva-ca","16":"tag-reina-de-la-vendimia","17":"post_format-post-format-gallery"},"_links":{"self":[{"href":"https:\/\/www.tucomarca.com\/wordpress\/segunda\/ca\/wp-json\/wp\/v2\/posts\/300084","targetHints":{"allow":["GET"]}}],"collection":[{"href":"https:\/\/www.tucomarca.com\/wordpress\/segunda\/ca\/wp-json\/wp\/v2\/posts"}],"about":[{"href":"https:\/\/www.tucomarca.com\/wordpress\/segunda\/ca\/wp-json\/wp\/v2\/types\/post"}],"author":[{"embeddable":true,"href":"https:\/\/www.tucomarca.com\/wordpress\/segunda\/ca\/wp-json\/wp\/v2\/users\/12"}],"replies":[{"embeddable":true,"href":"https:\/\/www.tucomarca.com\/wordpress\/segunda\/ca\/wp-json\/wp\/v2\/comments?post=300084"}],"version-history":[{"count":1,"href":"https:\/\/www.tucomarca.com\/wordpress\/segunda\/ca\/wp-json\/wp\/v2\/posts\/300084\/revisions"}],"predecessor-version":[{"id":300085,"href":"https:\/\/www.tucomarca.com\/wordpress\/segunda\/ca\/wp-json\/wp\/v2\/posts\/300084\/revisions\/300085"}],"wp:featuredmedia":[{"embeddable":true,"href":"https:\/\/www.tucomarca.com\/wordpress\/segunda\/ca\/wp-json\/wp\/v2\/media\/300080"}],"wp:attachment":[{"href":"https:\/\/www.tucomarca.com\/wordpress\/segunda\/ca\/wp-json\/wp\/v2\/media?parent=300084"}],"wp:term":[{"taxonomy":"category","embeddable":true,"href":"https:\/\/www.tucomarca.com\/wordpress\/segunda\/ca\/wp-json\/wp\/v2\/categories?post=300084"},{"taxonomy":"post_tag","embeddable":true,"href":"https:\/\/www.tucomarca.com\/wordpress\/segunda\/ca\/wp-json\/wp\/v2\/tags?post=300084"}],"curies":[{"name":"wp","href":"https:\/\/api.w.org\/{rel}","templated":true}]}}