{"id":300091,"date":"2026-04-27T08:45:00","date_gmt":"2026-04-27T06:45:00","guid":{"rendered":"https:\/\/www.tucomarca.com\/wordpress\/segunda\/?p=300091"},"modified":"2026-04-27T19:45:18","modified_gmt":"2026-04-27T17:45:18","slug":"xest-celebrara-la-vi-fira-de-medi-ambient-del-8-al-10-de-maig-de-2026","status":"publish","type":"post","link":"https:\/\/www.tucomarca.com\/wordpress\/segunda\/ca\/xest-celebrara-la-vi-fira-de-medi-ambient-del-8-al-10-de-maig-de-2026\/","title":{"rendered":"Xest celebrar\u00e0 la VI Fira de Medi Ambient del 8 al 10 de maig de 2026"},"content":{"rendered":"\n<h3 class=\"wp-block-heading\">En paral\u00b7lel se celebrar\u00e0 el Congr\u00e9s Internacional de Cactus i Suculentes.<\/h3>\n\n\n\n<p>Del 8 al 10 de maig de 2026, Xest acollir\u00e0 la VI Fira de Medi Ambient al Parc de La Lomiquia, una cita ja consolidada que reunir\u00e0 propostes educatives, activitats de benestar, tallers divulgatius, m\u00fasica en directe i el Congr\u00e9s Internacional de Cactus i Suculentes, que celebra el seu 20\u00e9 aniversari. La fira obrir\u00e0 les seues portes el divendres 8 a les 17:00 hores i es desenvolupar\u00e0 durant tot el cap de setmana, finalitzant el diumenge a les 15:00 hores.<\/p>\n\n\n\n<p>La fira comptar\u00e0 amb un ampli programa dissenyat per a p\u00fablics de totes les edats. L&#8217;horari d&#8217;obertura ser\u00e0 el divendres de 17:00 a 00:00 hores, el dissabte de 00:00 a 00:00 hores i el diumenge de 10:00 a 15:00 hores, consolidant-se com un espai de conviv\u00e8ncia entorn de la sostenibilitat, l&#8217;educaci\u00f3 ambiental i el gaudi de la naturalesa.<\/p>\n\n\n\n<p>El regidor de Medi Ambient, David Pujals, ha destacat la rellev\u00e0ncia d&#8217;aquesta cita assenyalant que \u201ccada any creix en participaci\u00f3 i en propostes que acosten la sostenibilitat a tota la ciutadania. Convidem als ve\u00efns i ve\u00efnes de Xest, aix\u00ed com a visitants de tota la comarca, a gaudir d&#8217;un cap de setmana ple de naturalesa, educaci\u00f3 ambiental i activitats per a totes les edats\u201d.<\/p>\n\n\n\n<p><strong>M\u00fasica i activitats culturals<\/strong><\/p>\n\n\n\n<p>La programaci\u00f3 musical inclour\u00e0 l&#8217;actuaci\u00f3 del Grup Drelo el divendres 8 de maig a les 19:00 hores en el cami\u00f3 escenari. El dissabte 9, a partir de les 18:30 hores, tindr\u00e0 lloc el tribut a Amaral \u201cDies d&#8217;estiu\u201d i el tribut a l&#8217;Orella de van Gogh, seguits d&#8217;una discom\u00f3vil en finalitzar els concerts. El diumenge, a les 12:00 hores, el p\u00fablic podr\u00e0 gaudir del concert de Drelo Indi, que posar\u00e0 el fermall musical a l&#8217;esdeveniment.<\/p>\n\n\n\n<p><strong>Congr\u00e9s Internacional de Cactus i Suculentes<\/strong><\/p>\n\n\n\n<p>De manera paral\u00b7lela a la fira, se celebrar\u00e0 el Congr\u00e9s Internacional de Cactus i Suculentes, coincidint amb el seu 20\u00e9 aniversari, que es desenvolupar\u00e0 en la carpa principal durant els tres dies. El congr\u00e9s obrir\u00e0 el divendres de 17:00 a 21:00 hores, el dissabte de 10:00 a 21:00 hores i el diumenge de 10:00 a 15:00 hores, convertint-se en un dels principals atractius per a especialistes i aficionats.<\/p>\n\n\n\n<p>Dins d&#8217;aquest marc s&#8217;oferiran tamb\u00e9 activitats divulgatives com les xarrades \u201cLophophora: del desert al laboratori\u201d, a c\u00e0rrec de Carles Cort\u00e9s Olmos, programada per al dissabte a les 11:00 hores, i \u201cEcologia de les cact\u00e1ceas\u201d, impartida per Rafa Garc\u00eda Garc\u00eda (Tara Desert) a les 12:00 hores.<\/p>\n\n\n\n<p><strong>Ruta saludable i activitats de benestar<\/strong><\/p>\n\n\n\n<p>Entre les propostes destacades figura la Ruta saludable \u201cConeixent l&#8217;entorn natural del teu poble\u201d, que tindr\u00e0 lloc el dissabte 9 de maig, amb eixida a les 8:30 hores des de l&#8217;aparcament del Parc de La Lomiquia i retorn aproximat a les 13:00 hores. L&#8217;activitat, de dificultat baixa, tindr\u00e0 un recorregut circular de 9 quil\u00f2metres pel paratge del Ramat i estar\u00e0 guiada per Alberto Ib\u00e1\u00f1ez Velert, Guarda Rural. Les places s\u00f3n limitades i les inscripcions podran realitzar-se fins al 27 d&#8217;abril en el correu <em>chesteverde@gmail.com<\/em>.<\/p>\n\n\n\n<p>Aix\u00ed mateix, durant els tres dies es desenvoluparan activitats de l&#8217;Associaci\u00f3 Altruista de Reiki en diferents franges hor\u00e0ries, amb sessions el divendres a la vesprada, el dissabte al mat\u00ed i a la vesprada, i el diumenge al mat\u00ed, enfront de la tolla dels amfibis. El diumenge a les 11:00 hores se celebrar\u00e0 tamb\u00e9 un taller de sals arom\u00e0tiques, a c\u00e0rrec de Alborem Acci\u00f3, amb ubicaci\u00f3 pendent<\/p>\n\n\n\n<p>Amb aquesta sisena edici\u00f3, la Fira de Medi Ambient de Xest es consolida, un any m\u00e9s, com un espai de trobada i divulgaci\u00f3, refor\u00e7ant el comprom\u00eds del municipi amb la sostenibilitat, el respecte a l&#8217;entorn natural i la implicaci\u00f3 de la ciutadania en la conservaci\u00f3 del medi ambient.<\/p>\n","protected":false},"excerpt":{"rendered":"<div class=\"mh-excerpt\">En paral\u00b7lel se celebrar\u00e0 el Congr\u00e9s Internacional de Cactus i Suculentes. Del 8 al 10 de maig de 2026, Xest acollir\u00e0 la VI Fira de Medi Ambient al Parc de La Lomiquia, una cita ja <a class=\"mh-excerpt-more\" href=\"https:\/\/www.tucomarca.com\/wordpress\/segunda\/ca\/xest-celebrara-la-vi-fira-de-medi-ambient-del-8-al-10-de-maig-de-2026\/\" title=\"Xest celebrar\u00e0 la VI Fira de Medi Ambient del 8 al 10 de maig de 2026\">[+] <\/a><\/div>\n","protected":false},"author":12,"featured_media":300089,"comment_status":"closed","ping_status":"open","sticky":false,"template":"","format":"standard","meta":{"footnotes":""},"categories":[11019,10894,10912,10903,11007,10896,10974],"tags":[11071,10914,24223],"class_list":{"0":"post-300091","1":"post","2":"type-post","3":"status-publish","4":"format-standard","5":"has-post-thumbnail","7":"category-agenda-ca","8":"category-la-comarca-ca","9":"category-la-hoya-ca","10":"category-medio-ambiente-la-comarca-ca","11":"category-ocio-y-cultura-ca","12":"category-seccion-ca","13":"category-cheste-ca","14":"tag-cheste","15":"tag-la-hoya-de-bunol-chiva-ca","16":"tag-vi-feria-de-medio-ambiente"},"_links":{"self":[{"href":"https:\/\/www.tucomarca.com\/wordpress\/segunda\/ca\/wp-json\/wp\/v2\/posts\/300091","targetHints":{"allow":["GET"]}}],"collection":[{"href":"https:\/\/www.tucomarca.com\/wordpress\/segunda\/ca\/wp-json\/wp\/v2\/posts"}],"about":[{"href":"https:\/\/www.tucomarca.com\/wordpress\/segunda\/ca\/wp-json\/wp\/v2\/types\/post"}],"author":[{"embeddable":true,"href":"https:\/\/www.tucomarca.com\/wordpress\/segunda\/ca\/wp-json\/wp\/v2\/users\/12"}],"replies":[{"embeddable":true,"href":"https:\/\/www.tucomarca.com\/wordpress\/segunda\/ca\/wp-json\/wp\/v2\/comments?post=300091"}],"version-history":[{"count":3,"href":"https:\/\/www.tucomarca.com\/wordpress\/segunda\/ca\/wp-json\/wp\/v2\/posts\/300091\/revisions"}],"predecessor-version":[{"id":300100,"href":"https:\/\/www.tucomarca.com\/wordpress\/segunda\/ca\/wp-json\/wp\/v2\/posts\/300091\/revisions\/300100"}],"wp:featuredmedia":[{"embeddable":true,"href":"https:\/\/www.tucomarca.com\/wordpress\/segunda\/ca\/wp-json\/wp\/v2\/media\/300089"}],"wp:attachment":[{"href":"https:\/\/www.tucomarca.com\/wordpress\/segunda\/ca\/wp-json\/wp\/v2\/media?parent=300091"}],"wp:term":[{"taxonomy":"category","embeddable":true,"href":"https:\/\/www.tucomarca.com\/wordpress\/segunda\/ca\/wp-json\/wp\/v2\/categories?post=300091"},{"taxonomy":"post_tag","embeddable":true,"href":"https:\/\/www.tucomarca.com\/wordpress\/segunda\/ca\/wp-json\/wp\/v2\/tags?post=300091"}],"curies":[{"name":"wp","href":"https:\/\/api.w.org\/{rel}","templated":true}]}}