{"id":300105,"date":"2026-04-27T09:50:00","date_gmt":"2026-04-27T07:50:00","guid":{"rendered":"https:\/\/www.tucomarca.com\/wordpress\/segunda\/?p=300105"},"modified":"2026-04-27T19:59:31","modified_gmt":"2026-04-27T17:59:31","slug":"decanter-posa-en-valor-amb-92-punts-lexcellent-qualitat-de-veterum-tardana-2024","status":"publish","type":"post","link":"https:\/\/www.tucomarca.com\/wordpress\/segunda\/ca\/decanter-posa-en-valor-amb-92-punts-lexcellent-qualitat-de-veterum-tardana-2024\/","title":{"rendered":"Decanter posa en valor amb 92 punts l\u2019excel\u00b7lent qualitat de Veterum Tardana 2024"},"content":{"rendered":"\n<h3 class=\"wp-block-heading\">Un blanc fresc, equilibrat i vers\u00e0til, que naix del comprom\u00eds del celler per rescatar de l\u2019oblit esta varietat aut\u00f2ctona de la zona Utiel-Requena. Un vi amb marcada identitat territorial que projecta origen i tradici\u00f3 des d\u2019un llenguatge enol\u00f2gic contemporani.<\/h3>\n\n\n\n<h3 class=\"wp-block-heading\">En un moment en qu\u00e8 el sector mira cap a la sostenibilitat, la diferenciaci\u00f3 i l\u2019autenticitat, i creix la demanda de blancs, la recuperaci\u00f3 de ra\u00efms com la Tardana demostra el potencial de les varietats locals per a liderar el futur del vi espanyol.<\/h3>\n\n\n\n<p>Covi\u00f1as, celler referent de la D.O. Utiel-Requena, torna a estar d\u2019enhorabona: Veterum Tardana 2024 ha sigut distingit amb 92 punts per Decanter. Una puntuaci\u00f3 que posa en valor l\u2019excel\u00b7lent qualitat i autenticitat d\u2019este vi que naix del comprom\u00eds del celler per recuperar varietats aut\u00f2ctones d\u2019esta comarca amb una visi\u00f3 renovada i alineada amb una demanda global de blancs que no para de cr\u00e9ixer.<\/p>\n\n\n\n<p>Veterum Tardana 2024 projecta origen amb un llenguatge enol\u00f2gic actual. Elaborat al 100% amb este ra\u00efm de gran singularitat, destaca per la seua frescor i expressivitat arom\u00e0tica, amb notes de fruita blanca i matisos c\u00edtrics. Segons la valoraci\u00f3 de Decanter <em>\u201cun Tardana amb cos, car\u00e0cter i gran versatilitat. En boca delecta amb sabors de pera carnosa i cruixent, poma verda, mel\u00f3 i llima confitada, amb un atractiu toc fumat i una agradable salinitat\u201d.<\/em><\/p>\n\n\n\n<p>Un blanc equilibrat i viu, amb una acidesa refrescant, ben integrada, que aporta longitud i persist\u00e8ncia, deixant un final net i lleugerament mineral que evoca la terra on arrelen les vinyes velles de les quals procedixen els seus ra\u00efms. El seu perfil vers\u00e0til el convertix en un excel\u00b7lent aliat gastron\u00f2mic: marida especialment b\u00e9 amb peixos blancs, marisc, arrossos, ensalades fresques i cuina mediterr\u00e0nia, aix\u00ed com amb plats lleugers i propostes contempor\u00e0nies.<\/p>\n\n\n\n<p>El mercat global del vi transita per un canvi estructural amb un creixent inter\u00e9s dels consumidors per refer\u00e8ncies m\u00e9s lleugeres, arom\u00e0tiques i amb menor graduaci\u00f3 alcoh\u00f2lica. Creix la demanda de blancs frescos, equilibrats, amb una hist\u00f2ria aut\u00e8ntica i una narrativa honesta. En este sentit, Jorge Srougi, director general de Covi\u00f1as, assenyala que <em>\u201cEn el nostre celler ens reinventem escoltant les demandes dels consumidors i adaptant-nos a elles. Compromesos amb el nostre patrimoni vitivin\u00edcola, hem recuperat de l\u2019oblit les vinyes velles de Tardana, un ra\u00efm blanc tradicional de la zona d\u2019Utiel-Requena que reflectix la identitat i singularitat del nostre territori. Un ressorgiment que ha sigut recolzat per Decanter amb la valoraci\u00f3 de 92 punts a esta refer\u00e8ncia, que ens ompli d\u2019orgull, i que suposa un impuls per a la seua projecci\u00f3 tant en el mercat nacional com m\u00e9s enll\u00e0 de les nostres fronteres\u201d.<\/em><\/p>\n","protected":false},"excerpt":{"rendered":"<div class=\"mh-excerpt\">Un blanc fresc, equilibrat i vers\u00e0til, que naix del comprom\u00eds del celler per rescatar de l\u2019oblit esta varietat aut\u00f2ctona de la zona Utiel-Requena. Un vi amb marcada identitat territorial que projecta origen i tradici\u00f3 des <a class=\"mh-excerpt-more\" href=\"https:\/\/www.tucomarca.com\/wordpress\/segunda\/ca\/decanter-posa-en-valor-amb-92-punts-lexcellent-qualitat-de-veterum-tardana-2024\/\" title=\"Decanter posa en valor amb 92 punts l\u2019excel\u00b7lent qualitat de Veterum Tardana 2024\">[+] <\/a><\/div>\n","protected":false},"author":12,"featured_media":300103,"comment_status":"closed","ping_status":"open","sticky":false,"template":"","format":"standard","meta":{"footnotes":""},"categories":[11006,10894,11007,10908,10909,10896,11059],"tags":[20589,10910,24225],"class_list":{"0":"post-300105","1":"post","2":"type-post","3":"status-publish","4":"format-standard","5":"has-post-thumbnail","7":"category-canal-vinos","8":"category-la-comarca-ca","9":"category-ocio-y-cultura-ca","10":"category-requena-ca","11":"category-requena-utiel-ca","12":"category-seccion-ca","13":"category-utiel-ca","14":"tag-bodegas-covinas-ca","15":"tag-requena-utiel-ca","16":"tag-veterum-tardana-2024"},"_links":{"self":[{"href":"https:\/\/www.tucomarca.com\/wordpress\/segunda\/ca\/wp-json\/wp\/v2\/posts\/300105","targetHints":{"allow":["GET"]}}],"collection":[{"href":"https:\/\/www.tucomarca.com\/wordpress\/segunda\/ca\/wp-json\/wp\/v2\/posts"}],"about":[{"href":"https:\/\/www.tucomarca.com\/wordpress\/segunda\/ca\/wp-json\/wp\/v2\/types\/post"}],"author":[{"embeddable":true,"href":"https:\/\/www.tucomarca.com\/wordpress\/segunda\/ca\/wp-json\/wp\/v2\/users\/12"}],"replies":[{"embeddable":true,"href":"https:\/\/www.tucomarca.com\/wordpress\/segunda\/ca\/wp-json\/wp\/v2\/comments?post=300105"}],"version-history":[{"count":2,"href":"https:\/\/www.tucomarca.com\/wordpress\/segunda\/ca\/wp-json\/wp\/v2\/posts\/300105\/revisions"}],"predecessor-version":[{"id":300109,"href":"https:\/\/www.tucomarca.com\/wordpress\/segunda\/ca\/wp-json\/wp\/v2\/posts\/300105\/revisions\/300109"}],"wp:featuredmedia":[{"embeddable":true,"href":"https:\/\/www.tucomarca.com\/wordpress\/segunda\/ca\/wp-json\/wp\/v2\/media\/300103"}],"wp:attachment":[{"href":"https:\/\/www.tucomarca.com\/wordpress\/segunda\/ca\/wp-json\/wp\/v2\/media?parent=300105"}],"wp:term":[{"taxonomy":"category","embeddable":true,"href":"https:\/\/www.tucomarca.com\/wordpress\/segunda\/ca\/wp-json\/wp\/v2\/categories?post=300105"},{"taxonomy":"post_tag","embeddable":true,"href":"https:\/\/www.tucomarca.com\/wordpress\/segunda\/ca\/wp-json\/wp\/v2\/tags?post=300105"}],"curies":[{"name":"wp","href":"https:\/\/api.w.org\/{rel}","templated":true}]}}