{"id":300206,"date":"2026-04-28T10:10:00","date_gmt":"2026-04-28T08:10:00","guid":{"rendered":"https:\/\/www.tucomarca.com\/wordpress\/segunda\/?p=300206"},"modified":"2026-04-28T21:01:00","modified_gmt":"2026-04-28T19:01:00","slug":"fotogaleria-xest-lee-congrega-a-centenars-de-persones-en-la-placa-doctor-cajal-unides-per-la-cultura","status":"publish","type":"post","link":"https:\/\/www.tucomarca.com\/wordpress\/segunda\/ca\/fotogaleria-xest-lee-congrega-a-centenars-de-persones-en-la-placa-doctor-cajal-unides-per-la-cultura\/","title":{"rendered":"Fotogaleria: Xest Lee congrega a centenars de persones en la pla\u00e7a Doctor Cajal unides per la cultura"},"content":{"rendered":"\n<h3 class=\"wp-block-heading\">Els Titellaires de Bin\u00e8far, Far\u00e0ndula Teatre i David Vid completen la jornada final del cicle.<\/h3>\n\n\n\n<h3 class=\"wp-block-heading\">M\u00e0xim Huerta va signar exemplars de les seues obres, igual que ho van fer diferents autors i autores en les casetes de venda d&#8217;exemplars.<\/h3>\n\n\n\n<p>La Fira del Llibre de Xest, Xest Lee, va tancar aquest diumenge 26 d&#8217;abril la seua edici\u00f3 de 2026 amb una intensa jornada cultural que va convertir la pla\u00e7a Doctor Cajal en un gran espai de trobada ciutadana entorn dels llibres, la creativitat i la cultura compartida. Des de primera hora del mat\u00ed, la fira va registrar una \u00e0mplia aflu\u00e8ncia de p\u00fablic de totes les edats, consolidant aquesta cita com un dels esdeveniments culturals m\u00e9s participatius del municipi.<\/p>\n\n\n\n<p>La jornada va arrancar amb l&#8217;obertura dels estands, en els quals van participar llibreries i col\u00b7lectius culturals com a Llibreria Do\u00f1a Leo \u2014amb la pres\u00e8ncia de l&#8217;escriptor M\u00e0xim Huerta, que va signar exemplars de les seues obres\u2014, la Biblioteca Municipal, Papereria Oasi, Paspart\u00fa, associacions d&#8217;escriptors, col\u00b7lectius comarcals i autors i autores locals, refor\u00e7ant el teixit cultural i creatiu del municipi.<\/p>\n\n\n\n<p>De manera simult\u00e0nia, es van desenvolupar tallers participatius dirigits a tots els p\u00fablics, entre ells un taller de poesia amb micro obert impulsat pel Club de Lectura, activitats d&#8217;escriptura creativa a c\u00e0rrec del CFPA, tallers organitzats per la Biblioteca Municipal i la proposta Jugant amb el llenguatge, condu\u00efda per David Vid, que va convidar a explorar la paraula des del joc i la imaginaci\u00f3.<\/p>\n\n\n\n<p>Tamb\u00e9 es va presentar el programa \u201cBenvinguts a la Lectura\u201d, mitjan\u00e7ant el qual els xiquets i xiquetes nascuts en 2025 van rebre el seu primer llibre i se&#8217;ls va donar d&#8217;alta amb el seu primer carnet de la Biblioteca Municipal, recuperant una iniciativa simb\u00f2lica amb la qual l&#8217;Ajuntament refor\u00e7a la seua aposta pel foment lector des de la inf\u00e0ncia.<\/p>\n\n\n\n<p>El programa va continuar amb activitats familiars, destacant l&#8217;espectacle teatral \u201cDivers\u00eda\u201d, de la companyia chestana Far\u00e0ndula Teatre, que va combinar teatre i poesia, i el tancament a c\u00e0rrec dels Titellaires de Bin\u00e8far amb el seu espectacle En la gola del llop, una proposta de titelles, m\u00fasica i tradici\u00f3 oral que va omplir la pla\u00e7a d&#8217;humor, imaginaci\u00f3 i participaci\u00f3.<\/p>\n\n\n\n<p><strong>Una setmana dedicada al llibre i la cultura<\/strong><\/p>\n\n\n\n<p>La regidora de Cultura de l&#8217;Ajuntament de Xest, M\u00aa \u00c1ngeles Llorente, ha fet un balan\u00e7 molt positiu de la fira, destacant el car\u00e0cter participatiu i comunitari de l&#8217;esdeveniment. \u201cLa pla\u00e7a s&#8217;ha omplit de llibres, d&#8217;hist\u00f2ries i, sobretot, de persones que creuen en l&#8217;enorme valor de la cultura com a eina de creixement col\u00b7lectiu\u201d, ha assenyalat.<\/p>\n\n\n\n<p>Llorente ha agra\u00eft la implicaci\u00f3 de llibreries, associacions, autors i autores, aix\u00ed com la resposta de la ciutadania, subratllant que \u201cXest Lee \u00e9s un espai de trobada on la cultura es comparteix i es viu en comunitat\u201d. A m\u00e9s, ha ressaltat la import\u00e0ncia d&#8217;iniciatives com a Benvinguts a la Lectura, amb les quals \u201cse sembra l&#8217;amor pels llibres des d&#8217;edats molt primerenques\u201d. \u201cLa Fira del Llibre reflecteix el comprom\u00eds de Xest amb la lectura, l&#8217;educaci\u00f3 i la cultura com a pilars fonamentals de la nostra societat\u201d, va concloure.<\/p>\n\n\n\n<p>Durant tota la setmana, Xest Lee ha desenvolupat una programaci\u00f3 diversa que ha incl\u00f2s tallers d&#8217;animaci\u00f3 lectora en centres educatius, presentacions liter\u00e0ries, propostes esc\u00e8niques vinculades a la hist\u00f2ria, activitats commemoratives del Dia del Llibre i una jornada que va fusionar m\u00fasica i literatura en el Teatre Liceu. Un conjunt d&#8217;accions pensades perqu\u00e8 la lectura isquera al carrer i arribara a tots els p\u00fablics.<\/p>\n\n\n\n<figure class=\"wp-block-gallery has-nested-images columns-2 is-cropped wp-block-gallery-1 is-layout-flex wp-block-gallery-is-layout-flex\">\n<figure class=\"wp-block-image size-large\"><img loading=\"lazy\" decoding=\"async\" width=\"945\" height=\"630\" data-id=\"300178\" src=\"https:\/\/www.tucomarca.com\/wordpress\/segunda\/wp-content\/uploads\/2026\/04\/cheste_lee_domingo_01.jpg\" alt=\"\" class=\"wp-image-300178\" srcset=\"https:\/\/www.tucomarca.com\/wordpress\/segunda\/wp-content\/uploads\/2026\/04\/cheste_lee_domingo_01.jpg 945w, https:\/\/www.tucomarca.com\/wordpress\/segunda\/wp-content\/uploads\/2026\/04\/cheste_lee_domingo_01-300x200.jpg 300w, https:\/\/www.tucomarca.com\/wordpress\/segunda\/wp-content\/uploads\/2026\/04\/cheste_lee_domingo_01-768x512.jpg 768w\" sizes=\"auto, (max-width: 945px) 100vw, 945px\" \/><\/figure>\n\n\n\n<figure class=\"wp-block-image size-large\"><img loading=\"lazy\" decoding=\"async\" width=\"945\" height=\"630\" data-id=\"300180\" src=\"https:\/\/www.tucomarca.com\/wordpress\/segunda\/wp-content\/uploads\/2026\/04\/cheste_lee_domingo_02.jpg\" alt=\"\" class=\"wp-image-300180\" srcset=\"https:\/\/www.tucomarca.com\/wordpress\/segunda\/wp-content\/uploads\/2026\/04\/cheste_lee_domingo_02.jpg 945w, https:\/\/www.tucomarca.com\/wordpress\/segunda\/wp-content\/uploads\/2026\/04\/cheste_lee_domingo_02-300x200.jpg 300w, https:\/\/www.tucomarca.com\/wordpress\/segunda\/wp-content\/uploads\/2026\/04\/cheste_lee_domingo_02-768x512.jpg 768w\" sizes=\"auto, (max-width: 945px) 100vw, 945px\" \/><\/figure>\n\n\n\n<figure class=\"wp-block-image size-large\"><img loading=\"lazy\" decoding=\"async\" width=\"945\" height=\"630\" data-id=\"300182\" src=\"https:\/\/www.tucomarca.com\/wordpress\/segunda\/wp-content\/uploads\/2026\/04\/cheste_lee_domingo_03.jpg\" alt=\"\" class=\"wp-image-300182\" srcset=\"https:\/\/www.tucomarca.com\/wordpress\/segunda\/wp-content\/uploads\/2026\/04\/cheste_lee_domingo_03.jpg 945w, https:\/\/www.tucomarca.com\/wordpress\/segunda\/wp-content\/uploads\/2026\/04\/cheste_lee_domingo_03-300x200.jpg 300w, https:\/\/www.tucomarca.com\/wordpress\/segunda\/wp-content\/uploads\/2026\/04\/cheste_lee_domingo_03-768x512.jpg 768w\" sizes=\"auto, (max-width: 945px) 100vw, 945px\" \/><\/figure>\n\n\n\n<figure class=\"wp-block-image size-large\"><img loading=\"lazy\" decoding=\"async\" width=\"945\" height=\"630\" data-id=\"300184\" src=\"https:\/\/www.tucomarca.com\/wordpress\/segunda\/wp-content\/uploads\/2026\/04\/cheste_lee_domingo_04.jpg\" alt=\"\" class=\"wp-image-300184\" srcset=\"https:\/\/www.tucomarca.com\/wordpress\/segunda\/wp-content\/uploads\/2026\/04\/cheste_lee_domingo_04.jpg 945w, https:\/\/www.tucomarca.com\/wordpress\/segunda\/wp-content\/uploads\/2026\/04\/cheste_lee_domingo_04-300x200.jpg 300w, https:\/\/www.tucomarca.com\/wordpress\/segunda\/wp-content\/uploads\/2026\/04\/cheste_lee_domingo_04-768x512.jpg 768w\" sizes=\"auto, (max-width: 945px) 100vw, 945px\" \/><\/figure>\n\n\n\n<figure class=\"wp-block-image size-large\"><img loading=\"lazy\" decoding=\"async\" width=\"945\" height=\"630\" data-id=\"300186\" src=\"https:\/\/www.tucomarca.com\/wordpress\/segunda\/wp-content\/uploads\/2026\/04\/cheste_lee_domingo_05.jpg\" alt=\"\" class=\"wp-image-300186\" srcset=\"https:\/\/www.tucomarca.com\/wordpress\/segunda\/wp-content\/uploads\/2026\/04\/cheste_lee_domingo_05.jpg 945w, https:\/\/www.tucomarca.com\/wordpress\/segunda\/wp-content\/uploads\/2026\/04\/cheste_lee_domingo_05-300x200.jpg 300w, https:\/\/www.tucomarca.com\/wordpress\/segunda\/wp-content\/uploads\/2026\/04\/cheste_lee_domingo_05-768x512.jpg 768w\" sizes=\"auto, (max-width: 945px) 100vw, 945px\" \/><\/figure>\n\n\n\n<figure class=\"wp-block-image size-large\"><img loading=\"lazy\" decoding=\"async\" width=\"945\" height=\"630\" data-id=\"300188\" src=\"https:\/\/www.tucomarca.com\/wordpress\/segunda\/wp-content\/uploads\/2026\/04\/cheste_lee_domingo_06.jpg\" alt=\"\" class=\"wp-image-300188\" srcset=\"https:\/\/www.tucomarca.com\/wordpress\/segunda\/wp-content\/uploads\/2026\/04\/cheste_lee_domingo_06.jpg 945w, https:\/\/www.tucomarca.com\/wordpress\/segunda\/wp-content\/uploads\/2026\/04\/cheste_lee_domingo_06-300x200.jpg 300w, https:\/\/www.tucomarca.com\/wordpress\/segunda\/wp-content\/uploads\/2026\/04\/cheste_lee_domingo_06-768x512.jpg 768w\" sizes=\"auto, (max-width: 945px) 100vw, 945px\" \/><\/figure>\n\n\n\n<figure class=\"wp-block-image size-large\"><img loading=\"lazy\" decoding=\"async\" width=\"945\" height=\"630\" data-id=\"300190\" src=\"https:\/\/www.tucomarca.com\/wordpress\/segunda\/wp-content\/uploads\/2026\/04\/cheste_lee_domingo_07.jpg\" alt=\"\" class=\"wp-image-300190\" srcset=\"https:\/\/www.tucomarca.com\/wordpress\/segunda\/wp-content\/uploads\/2026\/04\/cheste_lee_domingo_07.jpg 945w, https:\/\/www.tucomarca.com\/wordpress\/segunda\/wp-content\/uploads\/2026\/04\/cheste_lee_domingo_07-300x200.jpg 300w, https:\/\/www.tucomarca.com\/wordpress\/segunda\/wp-content\/uploads\/2026\/04\/cheste_lee_domingo_07-768x512.jpg 768w\" sizes=\"auto, (max-width: 945px) 100vw, 945px\" \/><\/figure>\n\n\n\n<figure class=\"wp-block-image size-large\"><img loading=\"lazy\" decoding=\"async\" width=\"945\" height=\"532\" data-id=\"300194\" src=\"https:\/\/www.tucomarca.com\/wordpress\/segunda\/wp-content\/uploads\/2026\/04\/cheste_lee_domingo_09.jpg\" alt=\"\" class=\"wp-image-300194\" srcset=\"https:\/\/www.tucomarca.com\/wordpress\/segunda\/wp-content\/uploads\/2026\/04\/cheste_lee_domingo_09.jpg 945w, https:\/\/www.tucomarca.com\/wordpress\/segunda\/wp-content\/uploads\/2026\/04\/cheste_lee_domingo_09-300x169.jpg 300w, https:\/\/www.tucomarca.com\/wordpress\/segunda\/wp-content\/uploads\/2026\/04\/cheste_lee_domingo_09-768x432.jpg 768w, https:\/\/www.tucomarca.com\/wordpress\/segunda\/wp-content\/uploads\/2026\/04\/cheste_lee_domingo_09-678x381.jpg 678w\" sizes=\"auto, (max-width: 945px) 100vw, 945px\" \/><\/figure>\n\n\n\n<figure class=\"wp-block-image size-large\"><img loading=\"lazy\" decoding=\"async\" width=\"945\" height=\"630\" data-id=\"300196\" src=\"https:\/\/www.tucomarca.com\/wordpress\/segunda\/wp-content\/uploads\/2026\/04\/cheste_lee_domingo_10.jpg\" alt=\"\" class=\"wp-image-300196\" srcset=\"https:\/\/www.tucomarca.com\/wordpress\/segunda\/wp-content\/uploads\/2026\/04\/cheste_lee_domingo_10.jpg 945w, https:\/\/www.tucomarca.com\/wordpress\/segunda\/wp-content\/uploads\/2026\/04\/cheste_lee_domingo_10-300x200.jpg 300w, https:\/\/www.tucomarca.com\/wordpress\/segunda\/wp-content\/uploads\/2026\/04\/cheste_lee_domingo_10-768x512.jpg 768w\" sizes=\"auto, (max-width: 945px) 100vw, 945px\" \/><\/figure>\n<\/figure>\n","protected":false},"excerpt":{"rendered":"<div class=\"mh-excerpt\">Els Titellaires de Bin\u00e8far, Far\u00e0ndula Teatre i David Vid completen la jornada final del cicle. M\u00e0xim Huerta va signar exemplars de les seues obres, igual que ho van fer diferents autors i autores en les <a class=\"mh-excerpt-more\" href=\"https:\/\/www.tucomarca.com\/wordpress\/segunda\/ca\/fotogaleria-xest-lee-congrega-a-centenars-de-persones-en-la-placa-doctor-cajal-unides-per-la-cultura\/\" title=\"Fotogaleria: Xest Lee congrega a centenars de persones en la pla\u00e7a Doctor Cajal unides per la cultura\">[+] <\/a><\/div>\n","protected":false},"author":12,"featured_media":300193,"comment_status":"closed","ping_status":"open","sticky":false,"template":"","format":"gallery","meta":{"footnotes":""},"categories":[10894,10912,11007,10896,10974],"tags":[11071,10914],"class_list":{"0":"post-300206","1":"post","2":"type-post","3":"status-publish","4":"format-gallery","5":"has-post-thumbnail","7":"category-la-comarca-ca","8":"category-la-hoya-ca","9":"category-ocio-y-cultura-ca","10":"category-seccion-ca","11":"category-cheste-ca","12":"tag-cheste","13":"tag-la-hoya-de-bunol-chiva-ca","14":"post_format-post-format-gallery"},"_links":{"self":[{"href":"https:\/\/www.tucomarca.com\/wordpress\/segunda\/ca\/wp-json\/wp\/v2\/posts\/300206","targetHints":{"allow":["GET"]}}],"collection":[{"href":"https:\/\/www.tucomarca.com\/wordpress\/segunda\/ca\/wp-json\/wp\/v2\/posts"}],"about":[{"href":"https:\/\/www.tucomarca.com\/wordpress\/segunda\/ca\/wp-json\/wp\/v2\/types\/post"}],"author":[{"embeddable":true,"href":"https:\/\/www.tucomarca.com\/wordpress\/segunda\/ca\/wp-json\/wp\/v2\/users\/12"}],"replies":[{"embeddable":true,"href":"https:\/\/www.tucomarca.com\/wordpress\/segunda\/ca\/wp-json\/wp\/v2\/comments?post=300206"}],"version-history":[{"count":3,"href":"https:\/\/www.tucomarca.com\/wordpress\/segunda\/ca\/wp-json\/wp\/v2\/posts\/300206\/revisions"}],"predecessor-version":[{"id":300312,"href":"https:\/\/www.tucomarca.com\/wordpress\/segunda\/ca\/wp-json\/wp\/v2\/posts\/300206\/revisions\/300312"}],"wp:featuredmedia":[{"embeddable":true,"href":"https:\/\/www.tucomarca.com\/wordpress\/segunda\/ca\/wp-json\/wp\/v2\/media\/300193"}],"wp:attachment":[{"href":"https:\/\/www.tucomarca.com\/wordpress\/segunda\/ca\/wp-json\/wp\/v2\/media?parent=300206"}],"wp:term":[{"taxonomy":"category","embeddable":true,"href":"https:\/\/www.tucomarca.com\/wordpress\/segunda\/ca\/wp-json\/wp\/v2\/categories?post=300206"},{"taxonomy":"post_tag","embeddable":true,"href":"https:\/\/www.tucomarca.com\/wordpress\/segunda\/ca\/wp-json\/wp\/v2\/tags?post=300206"}],"curies":[{"name":"wp","href":"https:\/\/api.w.org\/{rel}","templated":true}]}}