{"id":300250,"date":"2026-04-28T10:30:00","date_gmt":"2026-04-28T08:30:00","guid":{"rendered":"https:\/\/www.tucomarca.com\/wordpress\/segunda\/?p=300250"},"modified":"2026-04-28T20:52:36","modified_gmt":"2026-04-28T18:52:36","slug":"la-diputacio-invertix-50-milions-a-les-comarques-i-en-ajudes-a-ens-socials-empresarials-educatius-i-culturals","status":"publish","type":"post","link":"https:\/\/www.tucomarca.com\/wordpress\/segunda\/ca\/la-diputacio-invertix-50-milions-a-les-comarques-i-en-ajudes-a-ens-socials-empresarials-educatius-i-culturals\/","title":{"rendered":"La Diputaci\u00f3 invertix 50 milions a les comarques i en ajudes a ens socials, empresarials, educatius i culturals"},"content":{"rendered":"\n<h3 class=\"wp-block-heading\">El ple dona llum verda a 66 subvencions per a municipis, mancomunitats i la promoci\u00f3 econ\u00f2mica i sociocultural de la prov\u00edncia a trav\u00e9s d&#8217;associacions i federacions que desenvolupen els seus projectes a les comarques.<\/h3>\n\n\n\n<h3 class=\"wp-block-heading\">El president Momp\u00f3 i la vicepresidenta Enguix destaquen \u201cl&#8217;esfor\u00e7 inversor en el territori, malgrat no tindre pressupost, i la resposta a les necessitats que ens transmeten els pobles i les persones que els habiten\u201d.<\/h3>\n\n\n\n<h3 class=\"wp-block-heading\">Entre les ajudes aprovades destaquen 10 milions per al Pla Obert en grans ciutats, un projecte d&#8217;educadors ambientals i l&#8217;ampliaci\u00f3 de cr\u00e8dit per al bo comer\u00e7, carreteres i el Pla de Trinquets.<\/h3>\n\n\n\n<p>La Diputaci\u00f3 de Val\u00e8ncia ha aprovat este dimarts noves inversions a les comarques valencianes per prop de 50 milions d&#8217;euros. En un ple de r\u00e8cord amb 118 punts en l&#8217;ordre del dia, la corporaci\u00f3 dona llum verda a 66 subvencions que tenen com a beneficiaris als ajuntaments, les mancomunitats i col\u00b7lectius que treballen la projecci\u00f3 econ\u00f2mica, la inclusi\u00f3 social i la promoci\u00f3 cultural en l&#8217;\u00e0mbit comarcal. \u201cEstem demostrant que, malgrat tindre un pressupost prorrogat, esta Diputaci\u00f3 est\u00e0 cada vegada m\u00e9s prop dels pobles i les persones que els habiten, aportant tant recursos econ\u00f2mics com assist\u00e8ncia t\u00e8cnica i atenci\u00f3 personal\u201d, ha assenyalat el president, Vicent Momp\u00f3.<\/p>\n\n\n\n<p>En la mateixa l\u00ednia s&#8217;ha expressat la vicepresidenta primera, Nat\u00e0lia Enguix, qui ha destacat \u201cl&#8217;esfor\u00e7 inversor que estem realitzant a trav\u00e9s de suplements de cr\u00e8dit i la utilitzaci\u00f3 de romanents que ens permeten respondre a les necessitats dels municipis amb efic\u00e0cia i destinar fins a l&#8217;\u00faltim c\u00e8ntim a iniciatives i projectes que milloren la vida a les nostres comarques\u201d. Enguix \u00e9s la coordinadora del programa Bono Comer\u00e7 2026, que amb 10,5 milions d&#8217;euros duplica els fons de l&#8217;anterior campanya per a estendre la iniciativa a tot el territori valenci\u00e0 i el seu comer\u00e7 de proximitat. La vicepresidenta tamb\u00e9 \u00e9s responsable d&#8217;un Pla Obert que disposar\u00e0 de 10 milions d&#8217;euros per als grans municipis de la provincia, a banda dels 350 milions assignats per a la resta de pobles.<\/p>\n\n\n\n<p>Estes partides s\u00f3n les m\u00e9s importants en el nou llistat d&#8217;ajudes junt amb les ampliacions de cr\u00e8dit per a carreteres i camins (8.776.000 euros); el potent cat\u00e0leg de servicis digitals que la Diputaci\u00f3 presta als ajuntaments (3.150.000 euros); i el Pla de Trinquets, que comptar\u00e0 amb una ampliaci\u00f3 de cr\u00e8dit de quatre milions d&#8217;euros, aix\u00ed com inversions futures per a reparar els trinquets de Bonrep\u00f2s i Mirambell, Bicorp i el carrer de la Galotxa de Beniparrell, i construir el nou trinquet de Picanya.<\/p>\n\n\n\n<p><strong>Responsabilitat vs anomalia<\/strong><\/p>\n\n\n\n<p>En refer\u00e8ncia a la falta d&#8217;un pressupost per al present exercici, motiu pel qual es carreguen els plens amb subvencions que haurien de formar part dels comptes anuals, Vicent Momp\u00f3 ha considerat que el problema \u201cno est\u00e0 en la capacitat econ\u00f2mica de la Diputaci\u00f3 sin\u00f3 en la voluntat pol\u00edtica d&#8217;arribar a acords per part dels grups que la conformem\u201d. El president accepta el repte de \u201cnegociar entre totes i tots un pressupost del qual formen part totes estes ajudes i altres que puguen plantejar-se, inclosa l&#8217;ampliaci\u00f3 del Fons de Cooperaci\u00f3 fins als 80 milions que hem destinat en els \u00faltims anys\u201d. \u201cNo pense igual que Vox, ni que el PSOE, ni a vegades que els meus companys de partit, per\u00f2 sempre cal estar disposat dialogar per l&#8217;inter\u00e9s general\u201d, ha concl\u00f2s Momp\u00f3.<\/p>\n\n\n\n<p>Per part seua, la vicepresidenta Nat\u00e0lia Enguix ha afirmat que portar com a nominatives les ajudes de Mem\u00f2ria Democr\u00e0tica i Igualtat \u201c\u00e9s una anomalia que no hem de normalitzar perqu\u00e8 ho facen altres institucions\u201d. El portaveu socialista, Carlos Fern\u00e1ndez Bielsa, ha derivat eixa responsabilitat a l&#8217;equip de govern provincial, \u201cincapa\u00e7 de tindre un pressupost\u201d, al que Enguix ha respost que les ajudes s&#8217;emporten en este format al ple \u201cprecisament per responsabilitat pol\u00edtica, perqu\u00e8 puguen arribar als seus beneficiaris\u201d.<\/p>\n\n\n\n<p>La diputada d&#8217;Hisenda, Laura S\u00e1ez, ha exposat algunes de les modificacions pressupost\u00e0ries abordades en el ple, moltes d&#8217;elles aprovades per unanimitat. Entre elles, hi haur\u00e0 ampliaci\u00f3 per als programes d&#8217;inclusi\u00f3 social que posen en marxa ajuntaments i mancomunitats (642.000 euros); i per a les millores en casernes de la Gu\u00e0rdia Civil de 19 municipis (618.000 euros), amb actuacions que van des del tancament i sanejament de l&#8217;acc\u00e9s en Alginet fins a l&#8217;adequaci\u00f3 de les oficines i els calabossos a Xiva o l&#8217;oficina de viol\u00e8ncia de g\u00e8nere a Carcaixent.<\/p>\n\n\n\n<p>Altres subvencions que tenen continu\u00eftat respecte a exercicis anteriors s\u00f3n les de recuperaci\u00f3 de patrimoni memorialista (730.000 euros) i la Xarxa de Municipis contra la Viol\u00e8ncia de G\u00e8nere de l&#8217;\u00e0rea d&#8217;Igualtat (600.000 euros), les dos dirigides a consistoris.<\/p>\n\n\n\n<p>D&#8217;urg\u00e8ncia han entrat en el ple altres subvencions com el 1.200.000 euros per a compensar a Quart de Poblet despr\u00e9s de l&#8217;error com\u00e9s en l&#8217;assignaci\u00f3 d&#8217;ajudes de la Fundaci\u00f3 Amancio Ortega a municipis afectats per la dana; i la dotaci\u00f3 anual per al Pla de Dinamitzaci\u00f3 Tur\u00edstica que concedix 100.000 euros a Gandia i Cullera i 50.000 a Sagunt.<\/p>\n\n\n\n<p><strong>Projectes destacats en municipis<\/strong><\/p>\n\n\n\n<p>Entre els projectes subvencionats en els municipis s&#8217;inclou la rehabilitaci\u00f3 de la Cooperativa Sant Joan Baptista de Benicolet (1.100.000 euros); l&#8217;adequaci\u00f3 de l&#8217;edifici que acollir\u00e0 el Centre d&#8217;Innovaci\u00f3 Territorial de Venta del Moro (100.000 euros); el pla de rehabilitaci\u00f3 del barri del Poble Nou d&#8217;Ontinyent (700.000 euros); el finan\u00e7ament per al transport urb\u00e0 gratu\u00eft a Bu\u00f1ol (350.000 euros); la reforma de l&#8217;edifici protegit que albergar\u00e0 l&#8217;ajuntament de Beniatjar (410.000 euros); accions de promoci\u00f3 industrial a Vallada (20.000 euros); i actuacions i promoci\u00f3 dels jaciments de Riba-roja, Olocau i Moixent, per un import global de 120.000 euros.<\/p>\n\n\n\n<p>Cal destacar igualment el projecte d&#8217;educadors ambientals que es posar\u00e0 en marxa a trav\u00e9s de les mancomunitats de la prov\u00edncia, amb una dotaci\u00f3 pressupost\u00e0ria d&#8217;1.120.000 euros, que tindr\u00e0 un impacte directe en els municipis de totes les comarques.<\/p>\n\n\n\n<p><strong>Promoci\u00f3 econ\u00f2mica<\/strong><\/p>\n\n\n\n<p>La diputada Laura S\u00e1ez ha posat en valor els nous cr\u00e8dits en l&#8217;\u00e0mbit de la promoci\u00f3 econ\u00f2mica de la prov\u00edncia. La principal partida \u00e9s per a estendre a tots els municipis la campanya Bono Comer\u00e7, amb la qual s&#8217;espera un retorn superior als 20 milions d&#8217;euros. Esta l\u00ednia es complementa amb altres ajudes per a la Confederaci\u00f3 Empresarial Valenciana; la C\u00e0mara de Comer\u00e7 i el seu programa \u2018Go Digital Comarques\u2019; l&#8217;Associaci\u00f3 de Joves Empresaris de Val\u00e8ncia; associacions de treballadors aut\u00f2noms i les seues iniciatives d&#8217;autoocupaci\u00f3; la dinamitzaci\u00f3 del talent vitivin\u00edcola en centres educatius a trav\u00e9s del Centre Regulador DO Utiel-Requena; el Gremi de Forners i Pastissers de Val\u00e8ncia; i els programes de gesti\u00f3 del talent de la Universitat de Val\u00e8ncia, la Universitat Polit\u00e8cnica i la Fundaci\u00f3 Comunitat Valenciana Regi\u00f3 Europea.<\/p>\n\n\n\n<p>A m\u00e9s, trobem l&#8217;ajuda de 110.000 euros per a les activitats de formaci\u00f3 i promoci\u00f3 del sector agrari a trav\u00e9s d&#8217;AVA-ASAJA; la promoci\u00f3 de productes agroalimentaris valencians a trav\u00e9s de la Xarxa Valenciana de Desenvolupament Rural (100.000 euros); l&#8217;ajuda per a la Fundaci\u00f3 El Olmo, que coordina els treballs en el Centre d&#8217;Interpretaci\u00f3 Tur\u00edstica d&#8217;Aras de los Olmos; i el suport al projecte \u2018Sabors de dona. El rebost rural de Val\u00e8ncia\u2019 de l&#8217;Associaci\u00f3 de Fam\u00edlies i Dones del medi rural.<\/p>\n\n\n\n<p><strong>Benestar social, cultura i esport<\/strong><\/p>\n\n\n\n<p>En mat\u00e8ria de Benestar social, a m\u00e9s dels plans d&#8217;inclusi\u00f3 municipals s&#8217;incorporen ajudes directes per a l&#8217;Associaci\u00f3 d&#8217;ames de casa Tyrius i la seua acci\u00f3 en el territori; l&#8217;associaci\u00f3 Vila Teresita i la seua atenci\u00f3 a dones v\u00edctimes d&#8217;explotaci\u00f3 sexual; el Centre d&#8217;Acolliment sant Francesc d&#8217;Ass\u00eds; el projecte \u2018La caixa dels records\u2019 de la Federaci\u00f3 d&#8217;associacions de familiars d&#8217;Alzheimer; Mensajeros de la Paz; la Fundaci\u00f3 Arzobispo Miguel Roca i el Proyecto Hombre; l&#8217;Associaci\u00f3 de Persones Sordcegues; i l&#8217;emerg\u00e8ncia residencial a la qual dona resposta Sant Joan de D\u00e9u. Tamb\u00e9 es tornar\u00e0 a convocar el Premi al millor Metge Rural de la prov\u00edncia, amb una dotaci\u00f3 de 9.000 euros.<\/p>\n\n\n\n<p>Quant a Cultura, s&#8217;han aprovat 637.000 euros de despesa corrent per al Teatre Escalante, que es troba en proc\u00e9s d&#8217;habilitaci\u00f3 de la seua nova seu. A m\u00e9s, l&#8217;annex d&#8217;inversions inclou ajudes per a la Reial Acad\u00e8mia de Belles Arts Sant Carles; la Fundaci\u00f3 val\u00e8ncia Escena Erasmus; el Tribunal de les Aig\u00fces; el Gremi de Llibrers; la Societat Filharm\u00f2nica de Val\u00e8ncia; els premis Brines i la Fundaci\u00f3 Bancaixa. I en Esports, destaquen els quatre milions amb els quals s&#8217;amplia el Pla de Trinquets i l&#8217;ajuda per a la construcci\u00f3 del carril per a ciclistes i vianants entre Sueca i Fortaleny.<\/p>\n\n\n\n<p>Altres ajudes aprovades este dimarts en la sessi\u00f3 plen\u00e0ria han sigut els 30.000 euros per al Col\u00b7legi de Farmac\u00e8utics, destinats a compensar les p\u00e8rdues de les farm\u00e0cies de l&#8217;entorn rural; altres 50.000 euros per a la Federaci\u00f3 de Tir i Arrossegament; els 100.000 euros per a controlar les poblacions de coloms i la seua salubritat a trav\u00e9s de la Federaci\u00f3 de Colombicultura; i els 25.000 euros per al projecte Digital Summit Comarques de l&#8217;Associaci\u00f3 Valenciana d\u2019Startups.<\/p>\n\n\n\n<p><\/p>\n","protected":false},"excerpt":{"rendered":"<div class=\"mh-excerpt\">El ple dona llum verda a 66 subvencions per a municipis, mancomunitats i la promoci\u00f3 econ\u00f2mica i sociocultural de la prov\u00edncia a trav\u00e9s d&#8217;associacions i federacions que desenvolupen els seus projectes a les comarques. El <a class=\"mh-excerpt-more\" href=\"https:\/\/www.tucomarca.com\/wordpress\/segunda\/ca\/la-diputacio-invertix-50-milions-a-les-comarques-i-en-ajudes-a-ens-socials-empresarials-educatius-i-culturals\/\" title=\"La Diputaci\u00f3 invertix 50 milions a les comarques i en ajudes a ens socials, empresarials, educatius i culturals\">[+] <\/a><\/div>\n","protected":false},"author":12,"featured_media":300242,"comment_status":"closed","ping_status":"open","sticky":false,"template":"","format":"standard","meta":{"footnotes":""},"categories":[11042,10911,10892,11046,10898,10948,10894,10904,10912,10903,10935,10947,10908,10909,10906,10896,10975],"tags":[11246,18108],"class_list":{"0":"post-300250","1":"post","2":"type-post","3":"status-publish","4":"format-standard","5":"has-post-thumbnail","7":"category-aras-de-olmos-ca","8":"category-bunol-ca","9":"category-camp-de-turia-ca","10":"category-los-serranos-ca","11":"category-ventana-ca","12":"category-infraestructuras-ca","13":"category-la-comarca-ca","14":"category-sin-categorizar-ca","15":"category-la-hoya-ca","16":"category-medio-ambiente-la-comarca-ca","17":"category-olocau-ca","18":"category-politica","19":"category-requena-ca","20":"category-requena-utiel-ca","21":"category-riba-roja-ca","22":"category-seccion-ca","23":"category-chiva-ca","24":"tag-diputacio-de-valencia-ca","25":"tag-subvenciones-y-ayudas-ca"},"_links":{"self":[{"href":"https:\/\/www.tucomarca.com\/wordpress\/segunda\/ca\/wp-json\/wp\/v2\/posts\/300250","targetHints":{"allow":["GET"]}}],"collection":[{"href":"https:\/\/www.tucomarca.com\/wordpress\/segunda\/ca\/wp-json\/wp\/v2\/posts"}],"about":[{"href":"https:\/\/www.tucomarca.com\/wordpress\/segunda\/ca\/wp-json\/wp\/v2\/types\/post"}],"author":[{"embeddable":true,"href":"https:\/\/www.tucomarca.com\/wordpress\/segunda\/ca\/wp-json\/wp\/v2\/users\/12"}],"replies":[{"embeddable":true,"href":"https:\/\/www.tucomarca.com\/wordpress\/segunda\/ca\/wp-json\/wp\/v2\/comments?post=300250"}],"version-history":[{"count":3,"href":"https:\/\/www.tucomarca.com\/wordpress\/segunda\/ca\/wp-json\/wp\/v2\/posts\/300250\/revisions"}],"predecessor-version":[{"id":300309,"href":"https:\/\/www.tucomarca.com\/wordpress\/segunda\/ca\/wp-json\/wp\/v2\/posts\/300250\/revisions\/300309"}],"wp:featuredmedia":[{"embeddable":true,"href":"https:\/\/www.tucomarca.com\/wordpress\/segunda\/ca\/wp-json\/wp\/v2\/media\/300242"}],"wp:attachment":[{"href":"https:\/\/www.tucomarca.com\/wordpress\/segunda\/ca\/wp-json\/wp\/v2\/media?parent=300250"}],"wp:term":[{"taxonomy":"category","embeddable":true,"href":"https:\/\/www.tucomarca.com\/wordpress\/segunda\/ca\/wp-json\/wp\/v2\/categories?post=300250"},{"taxonomy":"post_tag","embeddable":true,"href":"https:\/\/www.tucomarca.com\/wordpress\/segunda\/ca\/wp-json\/wp\/v2\/tags?post=300250"}],"curies":[{"name":"wp","href":"https:\/\/api.w.org\/{rel}","templated":true}]}}