{"id":300254,"date":"2026-04-28T12:00:00","date_gmt":"2026-04-28T10:00:00","guid":{"rendered":"https:\/\/www.tucomarca.com\/wordpress\/segunda\/?p=300254"},"modified":"2026-04-28T20:56:00","modified_gmt":"2026-04-28T18:56:00","slug":"la-generalitat-completa-a-calles-la-principal-fase-de-la-reconstruccio-despres-de-la-dana-amb-infraestructures-consensuades-despres-dinvertir-167-milions","status":"publish","type":"post","link":"https:\/\/www.tucomarca.com\/wordpress\/segunda\/ca\/la-generalitat-completa-a-calles-la-principal-fase-de-la-reconstruccio-despres-de-la-dana-amb-infraestructures-consensuades-despres-dinvertir-167-milions\/","title":{"rendered":"La Generalitat completa a Calles la principal fase de la reconstrucci\u00f3 despr\u00e9s de la DANA amb infraestructures consensuades despr\u00e9s d&#8217;invertir 1,67 milions"},"content":{"rendered":"\n<h3 class=\"wp-block-heading\">Mart\u00ednez Mus visita Calles amb motiu de la reobertura del gual sobre el riu Toixa que retorna la connexi\u00f3 i normalitat al municipi.<\/h3>\n\n\n\n<h3 class=\"wp-block-heading\">Amb aquesta actuaci\u00f3, la Generalitat ja ha executat el 98,3% de les obres que va assumir d&#8217;infraestructures locals afectades per les riuades.<\/h3>\n\n\n\n<figure class=\"wp-block-image size-large\"><img loading=\"lazy\" decoding=\"async\" width=\"885\" height=\"1024\" src=\"https:\/\/www.tucomarca.com\/wordpress\/segunda\/wp-content\/uploads\/2026\/04\/GVADanaCallesMus-885x1024.jpeg\" alt=\"\" class=\"wp-image-300244\" srcset=\"https:\/\/www.tucomarca.com\/wordpress\/segunda\/wp-content\/uploads\/2026\/04\/GVADanaCallesMus-885x1024.jpeg 885w, https:\/\/www.tucomarca.com\/wordpress\/segunda\/wp-content\/uploads\/2026\/04\/GVADanaCallesMus-259x300.jpeg 259w, https:\/\/www.tucomarca.com\/wordpress\/segunda\/wp-content\/uploads\/2026\/04\/GVADanaCallesMus-768x888.jpeg 768w, https:\/\/www.tucomarca.com\/wordpress\/segunda\/wp-content\/uploads\/2026\/04\/GVADanaCallesMus.jpeg 1238w\" sizes=\"auto, (max-width: 885px) 100vw, 885px\" \/><\/figure>\n\n\n\n<p><\/p>\n\n\n\n<p>La Generalitat ha completat la principal fase de les obres de reconstrucci\u00f3 a Calles despr\u00e9s dels danys provocats per la DANA, una intervenci\u00f3 que ha perm\u00e9s restablir connexions essencials per a la vida di\u00e0ria dels 460 ve\u00efns i recuperar la normalitat en el municipi amb una s\u00e8rie d&#8217;actuacions consensuades amb el municipi que han suposat una inversi\u00f3 de 1,67 milions d&#8217;euros.<\/p>\n\n\n\n<p>El vicepresident tercer i conseller de Medi Ambient, Infraestructures, Territori i de la Recuperaci\u00f3, Vicente Mart\u00ednez Mus, ha visitat la localitat amb motiu de la finalitzaci\u00f3 dels treballs de reconstrucci\u00f3 d&#8217;un gual que fa paper de passarel\u00b7la sobre el riu Toixa i ha destacat que la soluci\u00f3 executada \u00e9s fruit del consens aconseguit el mes de juliol passat amb els ve\u00efns i l&#8217;ajuntament. La negociaci\u00f3 d&#8217;una nova soluci\u00f3 a la inicialment proposta i pactada per la Confederaci\u00f3 Hidrogr\u00e0fica del X\u00faquer \u00e9s el motiu pel qual les obres s&#8217;han retardat respecte al termini inicial.<\/p>\n\n\n\n<p>\u201cDes del primer moment hem escoltat el municipi per a acordar una reconstrucci\u00f3 \u00fatil, segura i adaptada a les seues necessitats reals\u201d, ha assenyalat Mart\u00ednez Mus durant una trobada en el qual han participat l&#8217;alcaldessa de Calles, Mar\u00eda Consuelo Garc\u00eda, aix\u00ed com el comissionat per a la Recuperaci\u00f3, Ra\u00fal M\u00e8rida, i la directora general d&#8217;Infraestructures Terrestres, Mar\u00eda Jos\u00e9 Mart\u00ednez Ruzafa.<\/p>\n\n\n\n<p>La intervenci\u00f3 principal ha consistit en la reconstrucci\u00f3 del gual inundable sobre el riu Toixa, una infraestructura clau que connecta el carrer Molinet amb l&#8217;avinguda Regi\u00f3 muntanyenca i que permet l&#8217;acc\u00e9s a serveis essencials com el col\u00b7legi o el consultori m\u00e8dic. La riuada havia provocat greus danys en l&#8217;estructura anterior, amb soscavaments en el llit i afeccions a la seua fonamentaci\u00f3 que la van deixar en una situaci\u00f3 cr\u00edtica.<\/p>\n\n\n\n<p>Mart\u00ednez Mus ha subratllat que \u201camb aquesta actuaci\u00f3 no sols recuperem una infraestructura, sin\u00f3 que millorem la seua seguretat i el seu comportament davant futures avingudes, garantint que el riu deixe de ser una barrera i es convertisca en un pas segur per als ve\u00efns\u201d.<\/p>\n\n\n\n<p>El nou gual compta amb una llosa de formig\u00f3 armat de 7,5 metres d&#8217;ample i 21 metres de longitud, dissenyada per a augmentar la seua capacitat hidr\u00e0ulica i resist\u00e8ncia. A m\u00e9s, l&#8217;obra s&#8217;ha integrat en l&#8217;entorn natural seguint els requeriments de la Confederaci\u00f3 Hidrogr\u00e0fica del X\u00faquer, incorporant elements de protecci\u00f3 amb materials respectuosos amb el paisatge, com a fusta de pi i corda de c\u00e0nem.<\/p>\n\n\n\n<p>La reconstrucci\u00f3 del pas sobre el riu Toixa ha comptat amb una inversi\u00f3 de 200.000 euros i s&#8217;ha tingut en consideraci\u00f3 l&#8217;opini\u00f3 de la ciutadania i l&#8217;Ajuntament en el proc\u00e9s fins al punt que ha sigut consensuada l&#8217;estructura tal com demanaven els ve\u00efns.<\/p>\n\n\n\n<p>Aix\u00ed mateix, el Consell tamb\u00e9 ha assistit a l&#8217;Ajuntament de Calles en la retirada i gesti\u00f3 de residus generats per la riuada davant la impossibilitat del consistori de dur a terme aquesta tasca amb els seus propis mitjans. Per a aix\u00f2, la Generalitat ha invertit en aquesta acci\u00f3 de compet\u00e8ncia municipal un total de 150.000 euros.&nbsp;<\/p>\n\n\n\n<p>D&#8217;altra banda, des del Govern valenci\u00e0 tamb\u00e9 s&#8217;han reparat camins rurals en el terme municipal amb un pressupost de 677.642 euros i 196.522 euros per a restaurar dics hidrol\u00f2gics en entorns forestals per a protegir les masses forestals. En ajudes directes, s&#8217;ha concedit un total de 446.755 euros. En total, la inversi\u00f3 de la Generalitat ha sigut de 1,67 milions d&#8217;euros.<\/p>\n\n\n\n<figure class=\"wp-block-gallery has-nested-images columns-default is-cropped wp-block-gallery-1 is-layout-flex wp-block-gallery-is-layout-flex\">\n<figure class=\"wp-block-image size-large\"><img loading=\"lazy\" decoding=\"async\" width=\"1024\" height=\"768\" data-id=\"300248\" src=\"https:\/\/www.tucomarca.com\/wordpress\/segunda\/wp-content\/uploads\/2026\/04\/GVADanaCallesMus3-1024x768.jpeg\" alt=\"\" class=\"wp-image-300248\" srcset=\"https:\/\/www.tucomarca.com\/wordpress\/segunda\/wp-content\/uploads\/2026\/04\/GVADanaCallesMus3-1024x768.jpeg 1024w, https:\/\/www.tucomarca.com\/wordpress\/segunda\/wp-content\/uploads\/2026\/04\/GVADanaCallesMus3-300x225.jpeg 300w, https:\/\/www.tucomarca.com\/wordpress\/segunda\/wp-content\/uploads\/2026\/04\/GVADanaCallesMus3-768x576.jpeg 768w, https:\/\/www.tucomarca.com\/wordpress\/segunda\/wp-content\/uploads\/2026\/04\/GVADanaCallesMus3-1536x1152.jpeg 1536w, https:\/\/www.tucomarca.com\/wordpress\/segunda\/wp-content\/uploads\/2026\/04\/GVADanaCallesMus3-678x509.jpeg 678w, https:\/\/www.tucomarca.com\/wordpress\/segunda\/wp-content\/uploads\/2026\/04\/GVADanaCallesMus3-326x245.jpeg 326w, https:\/\/www.tucomarca.com\/wordpress\/segunda\/wp-content\/uploads\/2026\/04\/GVADanaCallesMus3-80x60.jpeg 80w, https:\/\/www.tucomarca.com\/wordpress\/segunda\/wp-content\/uploads\/2026\/04\/GVADanaCallesMus3.jpeg 1600w\" sizes=\"auto, (max-width: 1024px) 100vw, 1024px\" \/><\/figure>\n<\/figure>\n\n\n\n<p><\/p>\n\n\n\n<p><strong>El 98,3% de les obres executades<\/strong><\/p>\n\n\n\n<p>Amb l&#8217;actuaci\u00f3 de Calles, la Generalitat ha executat ja el 98,3% de les obres en infraestructures locals afectades per la dana que va assumir despr\u00e9s d&#8217;un pacte amb el Govern central. En total, es tracta de 60 actuacions en una trentena de municipis, amb una inversi\u00f3 superior als 50 milions d&#8217;euros.<\/p>\n\n\n\n<p>Mart\u00ednez Mus ha recordat que \u201cla Generalitat va fer un pas al capdavant per a assumir aquestes obres, malgrat no ser de la seua compet\u00e8ncia, perqu\u00e8 hi havia municipis que no podien afrontar per si sols ni t\u00e8cnica ni econ\u00f2micament una reconstrucci\u00f3 d&#8217;aquesta magnitud\u201d.<\/p>\n\n\n\n<p>\u201cEstem complint amb el comprom\u00eds de recuperar infraestructures i retornar la seguretat als municipis\u201d, ha afirmat el vicepresident, qui ha assenyalat que \u00fanicament queda una obra local pendent de finalitzaci\u00f3 a Utiel.<\/p>\n\n\n\n<p>Per a concloure, Mart\u00ednez Mus ha destacat que la Generalitat \u201cha demostrat que amb una gesti\u00f3 centrada en les persones i una execuci\u00f3 efica\u00e7 \u00e9s possible superar en temps r\u00e8cord els efectes d&#8217;una emerg\u00e8ncia com la dana i garantir que els ciutadans recuperen com m\u00e9s prompte millor la seua vida quotidiana\u201d.<\/p>\n\n\n\n<figure class=\"wp-block-gallery has-nested-images columns-default is-cropped wp-block-gallery-2 is-layout-flex wp-block-gallery-is-layout-flex\">\n<figure class=\"wp-block-image size-large\"><img loading=\"lazy\" decoding=\"async\" width=\"1024\" height=\"768\" data-id=\"300246\" src=\"https:\/\/www.tucomarca.com\/wordpress\/segunda\/wp-content\/uploads\/2026\/04\/GVADanaCallesMus2-1024x768.jpeg\" alt=\"\" class=\"wp-image-300246\" srcset=\"https:\/\/www.tucomarca.com\/wordpress\/segunda\/wp-content\/uploads\/2026\/04\/GVADanaCallesMus2-1024x768.jpeg 1024w, https:\/\/www.tucomarca.com\/wordpress\/segunda\/wp-content\/uploads\/2026\/04\/GVADanaCallesMus2-300x225.jpeg 300w, https:\/\/www.tucomarca.com\/wordpress\/segunda\/wp-content\/uploads\/2026\/04\/GVADanaCallesMus2-768x576.jpeg 768w, https:\/\/www.tucomarca.com\/wordpress\/segunda\/wp-content\/uploads\/2026\/04\/GVADanaCallesMus2-1536x1152.jpeg 1536w, https:\/\/www.tucomarca.com\/wordpress\/segunda\/wp-content\/uploads\/2026\/04\/GVADanaCallesMus2-678x509.jpeg 678w, https:\/\/www.tucomarca.com\/wordpress\/segunda\/wp-content\/uploads\/2026\/04\/GVADanaCallesMus2-326x245.jpeg 326w, https:\/\/www.tucomarca.com\/wordpress\/segunda\/wp-content\/uploads\/2026\/04\/GVADanaCallesMus2-80x60.jpeg 80w, https:\/\/www.tucomarca.com\/wordpress\/segunda\/wp-content\/uploads\/2026\/04\/GVADanaCallesMus2.jpeg 1600w\" sizes=\"auto, (max-width: 1024px) 100vw, 1024px\" \/><\/figure>\n<\/figure>\n","protected":false},"excerpt":{"rendered":"<div class=\"mh-excerpt\">Mart\u00ednez Mus visita Calles amb motiu de la reobertura del gual sobre el riu Toixa que retorna la connexi\u00f3 i normalitat al municipi. Amb aquesta actuaci\u00f3, la Generalitat ja ha executat el 98,3% de les <a class=\"mh-excerpt-more\" href=\"https:\/\/www.tucomarca.com\/wordpress\/segunda\/ca\/la-generalitat-completa-a-calles-la-principal-fase-de-la-reconstruccio-despres-de-la-dana-amb-infraestructures-consensuades-despres-dinvertir-167-milions\/\" title=\"La Generalitat completa a Calles la principal fase de la reconstrucci\u00f3 despr\u00e9s de la DANA amb infraestructures consensuades despr\u00e9s d&#8217;invertir 1,67 milions\">[+] <\/a><\/div>\n","protected":false},"author":1,"featured_media":300299,"comment_status":"closed","ping_status":"open","sticky":false,"template":"","format":"gallery","meta":{"footnotes":""},"categories":[11038,21466,11046,10898,10948,10894,10904,10903,10947,10896,10897],"tags":[15409,11498,11928,11080],"class_list":{"0":"post-300254","1":"post","2":"type-post","3":"status-publish","4":"format-gallery","5":"has-post-thumbnail","7":"category-calles-ca","8":"category-dana-ca","9":"category-los-serranos-ca","10":"category-ventana-ca","11":"category-infraestructuras-ca","12":"category-la-comarca-ca","13":"category-sin-categorizar-ca","14":"category-medio-ambiente-la-comarca-ca","15":"category-politica","16":"category-seccion-ca","17":"category-sucesos-la-comarca-ca","18":"tag-dana-2-ca","19":"tag-generalitat-valenciana-ca","20":"tag-la-serrania-ca","21":"tag-los-serranos-ca","22":"post_format-post-format-gallery"},"_links":{"self":[{"href":"https:\/\/www.tucomarca.com\/wordpress\/segunda\/ca\/wp-json\/wp\/v2\/posts\/300254","targetHints":{"allow":["GET"]}}],"collection":[{"href":"https:\/\/www.tucomarca.com\/wordpress\/segunda\/ca\/wp-json\/wp\/v2\/posts"}],"about":[{"href":"https:\/\/www.tucomarca.com\/wordpress\/segunda\/ca\/wp-json\/wp\/v2\/types\/post"}],"author":[{"embeddable":true,"href":"https:\/\/www.tucomarca.com\/wordpress\/segunda\/ca\/wp-json\/wp\/v2\/users\/1"}],"replies":[{"embeddable":true,"href":"https:\/\/www.tucomarca.com\/wordpress\/segunda\/ca\/wp-json\/wp\/v2\/comments?post=300254"}],"version-history":[{"count":3,"href":"https:\/\/www.tucomarca.com\/wordpress\/segunda\/ca\/wp-json\/wp\/v2\/posts\/300254\/revisions"}],"predecessor-version":[{"id":300310,"href":"https:\/\/www.tucomarca.com\/wordpress\/segunda\/ca\/wp-json\/wp\/v2\/posts\/300254\/revisions\/300310"}],"wp:featuredmedia":[{"embeddable":true,"href":"https:\/\/www.tucomarca.com\/wordpress\/segunda\/ca\/wp-json\/wp\/v2\/media\/300299"}],"wp:attachment":[{"href":"https:\/\/www.tucomarca.com\/wordpress\/segunda\/ca\/wp-json\/wp\/v2\/media?parent=300254"}],"wp:term":[{"taxonomy":"category","embeddable":true,"href":"https:\/\/www.tucomarca.com\/wordpress\/segunda\/ca\/wp-json\/wp\/v2\/categories?post=300254"},{"taxonomy":"post_tag","embeddable":true,"href":"https:\/\/www.tucomarca.com\/wordpress\/segunda\/ca\/wp-json\/wp\/v2\/tags?post=300254"}],"curies":[{"name":"wp","href":"https:\/\/api.w.org\/{rel}","templated":true}]}}