{"id":300262,"date":"2026-04-28T09:45:00","date_gmt":"2026-04-28T07:45:00","guid":{"rendered":"https:\/\/www.tucomarca.com\/wordpress\/segunda\/?p=300262"},"modified":"2026-04-28T20:58:05","modified_gmt":"2026-04-28T18:58:05","slug":"lajuntament-de-bunyol-convoca-este-dimecres-una-reunio-informativa-sobre-el-tall-de-la-cv-425","status":"publish","type":"post","link":"https:\/\/www.tucomarca.com\/wordpress\/segunda\/ca\/lajuntament-de-bunyol-convoca-este-dimecres-una-reunio-informativa-sobre-el-tall-de-la-cv-425\/","title":{"rendered":"L\u2019Ajuntament de Bunyol convoca este dimecres una reuni\u00f3 informativa sobre el tall de la CV-425"},"content":{"rendered":"\n<p>L\u2019Ajuntament de Bu\u00f1ol ha convocat la ciutadania a una reuni\u00f3 informativa amb l\u2019objectiu d\u2019abordar el pr\u00f2xim tall de la carretera CV-425 de Bunyol a Alborache, motivat per les obres previstes per la Diputaci\u00f3.<\/p>\n\n\n\n<p>La sessi\u00f3 servir\u00e0 per a oferir informaci\u00f3 detallada sobre l\u2019actuaci\u00f3, resoldre dubtes entre els ve\u00efns i ve\u00efnes, i recollir aquelles q\u00fcestions i propostes que posteriorment seran traslladades a la Diputaci\u00f3.<\/p>\n\n\n\n<p>La trobada tindr\u00e0 lloc este dimecres a les 18:00 hores al Sal\u00f3 de Plens del Consistori Municipal. Des de l\u2019Ajuntament s\u2019invita totes les persones interessades a assistir i participar en esta reuni\u00f3 oberta.<\/p>\n","protected":false},"excerpt":{"rendered":"<div class=\"mh-excerpt\">L\u2019Ajuntament de Bu\u00f1ol ha convocat la ciutadania a una reuni\u00f3 informativa amb l\u2019objectiu d\u2019abordar el pr\u00f2xim tall de la carretera CV-425 de Bunyol a Alborache, motivat per les obres previstes per la Diputaci\u00f3. La sessi\u00f3 <a class=\"mh-excerpt-more\" href=\"https:\/\/www.tucomarca.com\/wordpress\/segunda\/ca\/lajuntament-de-bunyol-convoca-este-dimecres-una-reunio-informativa-sobre-el-tall-de-la-cv-425\/\" title=\"L\u2019Ajuntament de Bunyol convoca este dimecres una reuni\u00f3 informativa sobre el tall de la CV-425\">[+] <\/a><\/div>\n","protected":false},"author":12,"featured_media":126023,"comment_status":"closed","ping_status":"open","sticky":false,"template":"","format":"standard","meta":{"footnotes":""},"categories":[11019,10911,10948,10894,10912,10903,10947,10896],"tags":[10913,24232,10914],"class_list":{"0":"post-300262","1":"post","2":"type-post","3":"status-publish","4":"format-standard","5":"has-post-thumbnail","7":"category-agenda-ca","8":"category-bunol-ca","9":"category-infraestructuras-ca","10":"category-la-comarca-ca","11":"category-la-hoya-ca","12":"category-medio-ambiente-la-comarca-ca","13":"category-politica","14":"category-seccion-ca","15":"tag-bunol-ca","16":"tag-corte-de-la-cv-425","17":"tag-la-hoya-de-bunol-chiva-ca"},"_links":{"self":[{"href":"https:\/\/www.tucomarca.com\/wordpress\/segunda\/ca\/wp-json\/wp\/v2\/posts\/300262","targetHints":{"allow":["GET"]}}],"collection":[{"href":"https:\/\/www.tucomarca.com\/wordpress\/segunda\/ca\/wp-json\/wp\/v2\/posts"}],"about":[{"href":"https:\/\/www.tucomarca.com\/wordpress\/segunda\/ca\/wp-json\/wp\/v2\/types\/post"}],"author":[{"embeddable":true,"href":"https:\/\/www.tucomarca.com\/wordpress\/segunda\/ca\/wp-json\/wp\/v2\/users\/12"}],"replies":[{"embeddable":true,"href":"https:\/\/www.tucomarca.com\/wordpress\/segunda\/ca\/wp-json\/wp\/v2\/comments?post=300262"}],"version-history":[{"count":2,"href":"https:\/\/www.tucomarca.com\/wordpress\/segunda\/ca\/wp-json\/wp\/v2\/posts\/300262\/revisions"}],"predecessor-version":[{"id":300264,"href":"https:\/\/www.tucomarca.com\/wordpress\/segunda\/ca\/wp-json\/wp\/v2\/posts\/300262\/revisions\/300264"}],"wp:featuredmedia":[{"embeddable":true,"href":"https:\/\/www.tucomarca.com\/wordpress\/segunda\/ca\/wp-json\/wp\/v2\/media\/126023"}],"wp:attachment":[{"href":"https:\/\/www.tucomarca.com\/wordpress\/segunda\/ca\/wp-json\/wp\/v2\/media?parent=300262"}],"wp:term":[{"taxonomy":"category","embeddable":true,"href":"https:\/\/www.tucomarca.com\/wordpress\/segunda\/ca\/wp-json\/wp\/v2\/categories?post=300262"},{"taxonomy":"post_tag","embeddable":true,"href":"https:\/\/www.tucomarca.com\/wordpress\/segunda\/ca\/wp-json\/wp\/v2\/tags?post=300262"}],"curies":[{"name":"wp","href":"https:\/\/api.w.org\/{rel}","templated":true}]}}