{"id":300274,"date":"2026-04-28T11:10:00","date_gmt":"2026-04-28T09:10:00","guid":{"rendered":"https:\/\/www.tucomarca.com\/wordpress\/segunda\/?p=300274"},"modified":"2026-04-28T21:07:21","modified_gmt":"2026-04-28T19:07:21","slug":"lajuntament-de-xest-finalitza-les-obres-de-millora-en-els-seus-poligons-amb-una-inversio-superior-a-625-000-euros","status":"publish","type":"post","link":"https:\/\/www.tucomarca.com\/wordpress\/segunda\/ca\/lajuntament-de-xest-finalitza-les-obres-de-millora-en-els-seus-poligons-amb-una-inversio-superior-a-625-000-euros\/","title":{"rendered":"L&#8217;Ajuntament de Xest finalitza les obres de millora en els seus pol\u00edgons amb una inversi\u00f3 superior a 625.000 euros"},"content":{"rendered":"\n<p>L&#8217;Ajuntament de Xest ha finalitzat les obres de millora, modernitzaci\u00f3 i dotaci\u00f3 d&#8217;infraestructures en els diferents pol\u00edgons industrials de la localitat \u2014Pi Blay, Castella i Tabach\u2014, una actuaci\u00f3 orientada a millorar el manteniment, la seguretat i la sostenibilitat de les \u00e0rees industrials del municipi.<br>La inversi\u00f3 global destinada a aquestes actuacions supera els 625.000 euros, finan\u00e7ats al 80% amb subvencions de l&#8217;Institut Valenci\u00e0 de Competitivitat Empresarial (IVACE) per a l&#8217;exercici 2025-2026, i executades per l&#8217;empresa adjudicat\u00e0ria revogar Obres i Serveis S.L.<\/p>\n\n\n\n<p>En el Pol\u00edgon Industrial Pi Blay, els treballs han comptat amb una inversi\u00f3 de m\u00e9s de 182.000 euros, centrats en la millora de la seguretat, la mobilitat i la imatge de l&#8217;\u00e0rea industrial. Les actuacions han incl\u00f2s la instal\u00b7laci\u00f3 d&#8217;un sistema de videovigil\u00e0ncia connectat amb la Policia Local mitjan\u00e7ant fibra \u00f2ptica, la creaci\u00f3 d&#8217;un punt de rec\u00e0rrega per a vehicles el\u00e8ctrics, la renovaci\u00f3 del quadre d&#8217;enllumenat p\u00fablic, millores paisatg\u00edstiques en les rotondes, l&#8217;actualitzaci\u00f3 de la senyalitzaci\u00f3 vi\u00e0ria i la millora del sistema de sanejament d&#8217;aig\u00fces pluvials.<\/p>\n\n\n\n<p>Per part seua, en el Pol\u00edgon Industrial Castella, l&#8217;Ajuntament ha invertit m\u00e9s de 253.000 euros en una actuaci\u00f3 integral que ha perm\u00e9s reparar danys causats per la DANA i refor\u00e7ar la seguretat i la prevenci\u00f3. Entre les millores realitzades destaquen la instal\u00b7laci\u00f3 de c\u00e0meres de videovigil\u00e0ncia, sis nous hidrants contra incendis, el reasfaltat d&#8217;un tram del vial 2 i la renovaci\u00f3 de la senyalitzaci\u00f3 horitzontal i vertical en tot el pol\u00edgon.<\/p>\n\n\n\n<p>Quant al Pol\u00edgon d&#8217;Ampliaci\u00f3 Castella (Tabach), la inversi\u00f3 ha superat els 190.000 euros, destinada a actuacions de modernitzaci\u00f3 i millora dels serveis. Els treballs han incl\u00f2s la instal\u00b7laci\u00f3 de sistemes de videovigil\u00e0ncia, la renovaci\u00f3 de l&#8217;enllumenat p\u00fablic per a millorar l&#8217;efici\u00e8ncia energ\u00e8tica, el reasfaltat de la via principal, la millora de les zones verdes amb sistemes de reg per degoteig, la renovaci\u00f3 de la senyalitzaci\u00f3 vi\u00e0ria i la implantaci\u00f3 d&#8217;un sistema de sectoritzaci\u00f3 en la xarxa d&#8217;aigua potable per a un \u00fas m\u00e9s eficient del recurs.<\/p>\n\n\n\n<p>L&#8217;alcalde de Xest, Jos\u00e9 Morell, ha valorat molt positivament la finalitzaci\u00f3 d&#8217;aquestes actuacions, destacant que &#8220;des del Govern municipal continuem apostant de manera decidida per la millora cont\u00ednua de les nostres \u00e0rees industrials, que s\u00f3n un pilar fonamental del desenvolupament econ\u00f2mic i la generaci\u00f3 d&#8217;ocupaci\u00f3 a Xest&#8221;. Per a Morell aquestes inversions &#8220;no sols suposen una millora d&#8217;infraestructures, sin\u00f3 una aposta clara per la seguretat, la sostenibilitat i la competitivitat del nostre teixit empresarial&#8221;.<\/p>\n\n\n\n<p>Amb la finalitzaci\u00f3 d&#8217;aquestes obres, l&#8217;Ajuntament de Xest reafirma el seu comprom\u00eds amb el desenvolupament dels seus pol\u00edgons industrials, consolidant-los com a espais atractius, assegurances i preparats per a afrontar els reptes presents i futurs de l&#8217;activitat econ\u00f2mica.<\/p>\n\n\n\n<p><\/p>\n\n\n\n<figure class=\"wp-block-image size-large\"><img loading=\"lazy\" decoding=\"async\" width=\"1024\" height=\"768\" src=\"https:\/\/www.tucomarca.com\/wordpress\/segunda\/wp-content\/uploads\/2026\/04\/ChestePoligonoIndustrial2-1024x768.jpg\" alt=\"\" class=\"wp-image-300270\" srcset=\"https:\/\/www.tucomarca.com\/wordpress\/segunda\/wp-content\/uploads\/2026\/04\/ChestePoligonoIndustrial2-1024x768.jpg 1024w, https:\/\/www.tucomarca.com\/wordpress\/segunda\/wp-content\/uploads\/2026\/04\/ChestePoligonoIndustrial2-300x225.jpg 300w, https:\/\/www.tucomarca.com\/wordpress\/segunda\/wp-content\/uploads\/2026\/04\/ChestePoligonoIndustrial2-768x576.jpg 768w, https:\/\/www.tucomarca.com\/wordpress\/segunda\/wp-content\/uploads\/2026\/04\/ChestePoligonoIndustrial2-678x509.jpg 678w, https:\/\/www.tucomarca.com\/wordpress\/segunda\/wp-content\/uploads\/2026\/04\/ChestePoligonoIndustrial2-326x245.jpg 326w, https:\/\/www.tucomarca.com\/wordpress\/segunda\/wp-content\/uploads\/2026\/04\/ChestePoligonoIndustrial2-80x60.jpg 80w, https:\/\/www.tucomarca.com\/wordpress\/segunda\/wp-content\/uploads\/2026\/04\/ChestePoligonoIndustrial2.jpg 1319w\" sizes=\"auto, (max-width: 1024px) 100vw, 1024px\" \/><\/figure>\n","protected":false},"excerpt":{"rendered":"<div class=\"mh-excerpt\">L&#8217;Ajuntament de Xest ha finalitzat les obres de millora, modernitzaci\u00f3 i dotaci\u00f3 d&#8217;infraestructures en els diferents pol\u00edgons industrials de la localitat \u2014Pi Blay, Castella i Tabach\u2014, una actuaci\u00f3 orientada a millorar el manteniment, la seguretat <a class=\"mh-excerpt-more\" href=\"https:\/\/www.tucomarca.com\/wordpress\/segunda\/ca\/lajuntament-de-xest-finalitza-les-obres-de-millora-en-els-seus-poligons-amb-una-inversio-superior-a-625-000-euros\/\" title=\"L&#8217;Ajuntament de Xest finalitza les obres de millora en els seus pol\u00edgons amb una inversi\u00f3 superior a 625.000 euros\">[+] <\/a><\/div>\n","protected":false},"author":1,"featured_media":300269,"comment_status":"closed","ping_status":"open","sticky":false,"template":"","format":"standard","meta":{"footnotes":""},"categories":[10898,10948,10894,10904,10912,10903,10947,10896,10974],"tags":[11071,10914,14168],"class_list":{"0":"post-300274","1":"post","2":"type-post","3":"status-publish","4":"format-standard","5":"has-post-thumbnail","7":"category-ventana-ca","8":"category-infraestructuras-ca","9":"category-la-comarca-ca","10":"category-sin-categorizar-ca","11":"category-la-hoya-ca","12":"category-medio-ambiente-la-comarca-ca","13":"category-politica","14":"category-seccion-ca","15":"category-cheste-ca","16":"tag-cheste","17":"tag-la-hoya-de-bunol-chiva-ca","18":"tag-poligono-industrial-ca"},"_links":{"self":[{"href":"https:\/\/www.tucomarca.com\/wordpress\/segunda\/ca\/wp-json\/wp\/v2\/posts\/300274","targetHints":{"allow":["GET"]}}],"collection":[{"href":"https:\/\/www.tucomarca.com\/wordpress\/segunda\/ca\/wp-json\/wp\/v2\/posts"}],"about":[{"href":"https:\/\/www.tucomarca.com\/wordpress\/segunda\/ca\/wp-json\/wp\/v2\/types\/post"}],"author":[{"embeddable":true,"href":"https:\/\/www.tucomarca.com\/wordpress\/segunda\/ca\/wp-json\/wp\/v2\/users\/1"}],"replies":[{"embeddable":true,"href":"https:\/\/www.tucomarca.com\/wordpress\/segunda\/ca\/wp-json\/wp\/v2\/comments?post=300274"}],"version-history":[{"count":2,"href":"https:\/\/www.tucomarca.com\/wordpress\/segunda\/ca\/wp-json\/wp\/v2\/posts\/300274\/revisions"}],"predecessor-version":[{"id":300278,"href":"https:\/\/www.tucomarca.com\/wordpress\/segunda\/ca\/wp-json\/wp\/v2\/posts\/300274\/revisions\/300278"}],"wp:featuredmedia":[{"embeddable":true,"href":"https:\/\/www.tucomarca.com\/wordpress\/segunda\/ca\/wp-json\/wp\/v2\/media\/300269"}],"wp:attachment":[{"href":"https:\/\/www.tucomarca.com\/wordpress\/segunda\/ca\/wp-json\/wp\/v2\/media?parent=300274"}],"wp:term":[{"taxonomy":"category","embeddable":true,"href":"https:\/\/www.tucomarca.com\/wordpress\/segunda\/ca\/wp-json\/wp\/v2\/categories?post=300274"},{"taxonomy":"post_tag","embeddable":true,"href":"https:\/\/www.tucomarca.com\/wordpress\/segunda\/ca\/wp-json\/wp\/v2\/tags?post=300274"}],"curies":[{"name":"wp","href":"https:\/\/api.w.org\/{rel}","templated":true}]}}