{"id":300279,"date":"2026-04-28T10:00:00","date_gmt":"2026-04-28T08:00:00","guid":{"rendered":"https:\/\/www.tucomarca.com\/wordpress\/segunda\/?p=300279"},"modified":"2026-04-28T20:21:08","modified_gmt":"2026-04-28T18:21:08","slug":"torna-aquest-dijous-a-bunyol-el-cicle-vivir-de-cine","status":"publish","type":"post","link":"https:\/\/www.tucomarca.com\/wordpress\/segunda\/ca\/torna-aquest-dijous-a-bunyol-el-cicle-vivir-de-cine\/","title":{"rendered":"Torna aquest dijous a Bunyol el cicle &#8220;Vivir de Cine&#8221;"},"content":{"rendered":"\n<p>Aquesta setmana arriba una nova edici\u00f3 de \u201cVivir de Cine\u201d, el veter\u00e0 cicle cinematogr\u00e0fic que es desenvolupar\u00e0 del 30 d&#8217;abril a l&#8217;11 de juny amb una programaci\u00f3 dedicada al set\u00e9 art.<\/p>\n\n\n\n<p>La inauguraci\u00f3 tindr\u00e0 lloc el dijous 30 d&#8217;abril a les #19:30 hores en el Palau de la M\u00fasica, amb la participaci\u00f3 de Rafa Alarc\u00f3n i Marta Chiner despr\u00e9s de la presentaci\u00f3 es projectar\u00e0 <strong>\u201cAmarga Navidad\u201d<\/strong>, de Pedro Almod\u00f3var.<\/p>\n\n\n\n<p>Un cicle que torna a situar el cinema com a protagonista de la programaci\u00f3 cultural del municipi i en el qual enguany es commemora el que haguera sigut el 100 aniversari de Marilyn Monroe, una de les figures m\u00e9s ic\u00f2niques del cinema i de la cultura popular del S. XX.\u00a0El preu en taquilla \u00e9s de 4\u20ac.<\/p>\n","protected":false},"excerpt":{"rendered":"<div class=\"mh-excerpt\">Aquesta setmana arriba una nova edici\u00f3 de \u201cVivir de Cine\u201d, el veter\u00e0 cicle cinematogr\u00e0fic que es desenvolupar\u00e0 del 30 d&#8217;abril a l&#8217;11 de juny amb una programaci\u00f3 dedicada al set\u00e9 art. La inauguraci\u00f3 tindr\u00e0 lloc <a class=\"mh-excerpt-more\" href=\"https:\/\/www.tucomarca.com\/wordpress\/segunda\/ca\/torna-aquest-dijous-a-bunyol-el-cicle-vivir-de-cine\/\" title=\"Torna aquest dijous a Bunyol el cicle &#8220;Vivir de Cine&#8221;\">[+] <\/a><\/div>\n","protected":false},"author":12,"featured_media":300277,"comment_status":"closed","ping_status":"open","sticky":false,"template":"","format":"standard","meta":{"footnotes":""},"categories":[11019,10911,10898,10894,10912,11007,10896],"tags":[10913,10914,24234],"class_list":{"0":"post-300279","1":"post","2":"type-post","3":"status-publish","4":"format-standard","5":"has-post-thumbnail","7":"category-agenda-ca","8":"category-bunol-ca","9":"category-ventana-ca","10":"category-la-comarca-ca","11":"category-la-hoya-ca","12":"category-ocio-y-cultura-ca","13":"category-seccion-ca","14":"tag-bunol-ca","15":"tag-la-hoya-de-bunol-chiva-ca","16":"tag-vivir-de-cine-2026"},"_links":{"self":[{"href":"https:\/\/www.tucomarca.com\/wordpress\/segunda\/ca\/wp-json\/wp\/v2\/posts\/300279","targetHints":{"allow":["GET"]}}],"collection":[{"href":"https:\/\/www.tucomarca.com\/wordpress\/segunda\/ca\/wp-json\/wp\/v2\/posts"}],"about":[{"href":"https:\/\/www.tucomarca.com\/wordpress\/segunda\/ca\/wp-json\/wp\/v2\/types\/post"}],"author":[{"embeddable":true,"href":"https:\/\/www.tucomarca.com\/wordpress\/segunda\/ca\/wp-json\/wp\/v2\/users\/12"}],"replies":[{"embeddable":true,"href":"https:\/\/www.tucomarca.com\/wordpress\/segunda\/ca\/wp-json\/wp\/v2\/comments?post=300279"}],"version-history":[{"count":2,"href":"https:\/\/www.tucomarca.com\/wordpress\/segunda\/ca\/wp-json\/wp\/v2\/posts\/300279\/revisions"}],"predecessor-version":[{"id":300292,"href":"https:\/\/www.tucomarca.com\/wordpress\/segunda\/ca\/wp-json\/wp\/v2\/posts\/300279\/revisions\/300292"}],"wp:featuredmedia":[{"embeddable":true,"href":"https:\/\/www.tucomarca.com\/wordpress\/segunda\/ca\/wp-json\/wp\/v2\/media\/300277"}],"wp:attachment":[{"href":"https:\/\/www.tucomarca.com\/wordpress\/segunda\/ca\/wp-json\/wp\/v2\/media?parent=300279"}],"wp:term":[{"taxonomy":"category","embeddable":true,"href":"https:\/\/www.tucomarca.com\/wordpress\/segunda\/ca\/wp-json\/wp\/v2\/categories?post=300279"},{"taxonomy":"post_tag","embeddable":true,"href":"https:\/\/www.tucomarca.com\/wordpress\/segunda\/ca\/wp-json\/wp\/v2\/tags?post=300279"}],"curies":[{"name":"wp","href":"https:\/\/api.w.org\/{rel}","templated":true}]}}