{"id":300334,"date":"2026-04-29T11:00:00","date_gmt":"2026-04-29T09:00:00","guid":{"rendered":"https:\/\/www.tucomarca.com\/wordpress\/segunda\/?p=300334"},"modified":"2026-04-29T20:42:35","modified_gmt":"2026-04-29T18:42:35","slug":"turis-inaugura-este-divendres-la-xxi-edicio-de-la-seua-fira","status":"publish","type":"post","link":"https:\/\/www.tucomarca.com\/wordpress\/segunda\/ca\/turis-inaugura-este-divendres-la-xxi-edicio-de-la-seua-fira\/","title":{"rendered":"Tur\u00eds inaugura este divendres la XXI edici\u00f3 de la seua fira"},"content":{"rendered":"\n<h3 class=\"wp-block-heading\">Fira Tur\u00eds tindr\u00e0 lloc de l\u20191 al 3 de maig.\u00a0<\/h3>\n\n\n\n<p>L\u2019Ajuntament de Tur\u00eds est\u00e0 ultimant els preparatius de la XXI edici\u00f3 de Fira Tur\u00eds. La inauguraci\u00f3 tindr\u00e0 lloc divendres a les 19.00 h a c\u00e0rrec de la Reina de les Festes, Diana Vicente, i la seua cort. Es comptar\u00e0 amb la pres\u00e8ncia de M\u00aa \u00c0ngels Ram\u00f3n-Llin Mart\u00ednez, Directora General de Producci\u00f3 Agr\u00edcola i Ramadera de la Conselleria d\u2019Agricultura; i Remedios Mazzolari Tortajada, Vicepresidenta 2\u00aa i Diputada del \u00c1rea de Carreteres de la Diputaci\u00f3 de Val\u00e8ncia.<\/p>\n\n\n\n<p>Novament, una \u00e0mplia representaci\u00f3 del sector comercial del poble estar\u00e0 present en la Pl Vicent Ribes junt amb les dos cooperatives del poble, La Turisana i La Baronia, que un any m\u00e9s estaran presents com a representants d\u2019un dels sectors econ\u00f2mics m\u00e9s importants.<\/p>\n\n\n\n<figure class=\"wp-block-gallery has-nested-images columns-default is-cropped wp-block-gallery-1 is-layout-flex wp-block-gallery-is-layout-flex\">\n<figure class=\"wp-block-image size-large\"><img loading=\"lazy\" decoding=\"async\" width=\"945\" height=\"532\" data-id=\"300329\" src=\"https:\/\/www.tucomarca.com\/wordpress\/segunda\/wp-content\/uploads\/2026\/04\/TurisFeria25_2.jpg\" alt=\"\" class=\"wp-image-300329\" srcset=\"https:\/\/www.tucomarca.com\/wordpress\/segunda\/wp-content\/uploads\/2026\/04\/TurisFeria25_2.jpg 945w, https:\/\/www.tucomarca.com\/wordpress\/segunda\/wp-content\/uploads\/2026\/04\/TurisFeria25_2-300x169.jpg 300w, https:\/\/www.tucomarca.com\/wordpress\/segunda\/wp-content\/uploads\/2026\/04\/TurisFeria25_2-768x432.jpg 768w, https:\/\/www.tucomarca.com\/wordpress\/segunda\/wp-content\/uploads\/2026\/04\/TurisFeria25_2-678x381.jpg 678w\" sizes=\"auto, (max-width: 945px) 100vw, 945px\" \/><\/figure>\n\n\n\n<figure class=\"wp-block-image size-large\"><img loading=\"lazy\" decoding=\"async\" width=\"945\" height=\"532\" data-id=\"300331\" src=\"https:\/\/www.tucomarca.com\/wordpress\/segunda\/wp-content\/uploads\/2026\/04\/TurisFeria25_3.jpg\" alt=\"\" class=\"wp-image-300331\" srcset=\"https:\/\/www.tucomarca.com\/wordpress\/segunda\/wp-content\/uploads\/2026\/04\/TurisFeria25_3.jpg 945w, https:\/\/www.tucomarca.com\/wordpress\/segunda\/wp-content\/uploads\/2026\/04\/TurisFeria25_3-300x169.jpg 300w, https:\/\/www.tucomarca.com\/wordpress\/segunda\/wp-content\/uploads\/2026\/04\/TurisFeria25_3-768x432.jpg 768w, https:\/\/www.tucomarca.com\/wordpress\/segunda\/wp-content\/uploads\/2026\/04\/TurisFeria25_3-678x381.jpg 678w\" sizes=\"auto, (max-width: 945px) 100vw, 945px\" \/><\/figure>\n<\/figure>\n\n\n\n<p><\/p>\n\n\n\n<p>Al llarg de tota la jornada de divendres l\u2019esport ser\u00e0 el protagonista, amb la celebraci\u00f3 d\u2019un campionat de futbol 3&#215;3 en la Pl de la Constituci\u00f3 al qual s\u2019estan apuntant un gran nombre de xiquets i xiquetes de totes les edats.<\/p>\n\n\n\n<p>L\u2019exhibici\u00f3 de tota mena de complements, productes aut\u00f2ctons, jardineria i gastronomia es complementa amb tallers i actuacions per als m\u00e9s menuts el dissabte de mat\u00ed, amb la representaci\u00f3 de Matilda, i un \u201ctardeo\u201d amb versions de m\u00fasica pop rock a la vesprada.<\/p>\n\n\n\n<p>Una fira que afavoreix el passeig pel centre de Tur\u00eds on, a m\u00e9s de gaudir en un mateix punt d\u2019una \u00e0mplia oferta comercial i gastron\u00f2mica tamb\u00e9 permet visitar i con\u00e9ixer un poc m\u00e9s el nucli antic i monuments com el temple parroquial.<\/p>\n\n\n\n<p>Una bona oferta per deixar-se caure per Tur\u00eds este cap de setmana i passar una jornada entretinguda i, qui sap, trobant el producte, el complement o el detall que necessites, especialment pensant en el dia de la mare.<\/p>\n\n\n\n<p>En el web municipal <a href=\"http:\/\/turis.es\" data-type=\"link\" data-id=\"turis.es\">www.turis.es<\/a> es pot consultar la programaci\u00f3. Informa, <strong>E. Mora<\/strong>.<\/p>\n","protected":false},"excerpt":{"rendered":"<div class=\"mh-excerpt\">Fira Tur\u00eds tindr\u00e0 lloc de l\u20191 al 3 de maig.\u00a0 L\u2019Ajuntament de Tur\u00eds est\u00e0 ultimant els preparatius de la XXI edici\u00f3 de Fira Tur\u00eds. La inauguraci\u00f3 tindr\u00e0 lloc divendres a les 19.00 h a c\u00e0rrec <a class=\"mh-excerpt-more\" href=\"https:\/\/www.tucomarca.com\/wordpress\/segunda\/ca\/turis-inaugura-este-divendres-la-xxi-edicio-de-la-seua-fira\/\" title=\"Tur\u00eds inaugura este divendres la XXI edici\u00f3 de la seua fira\">[+] <\/a><\/div>\n","protected":false},"author":12,"featured_media":300328,"comment_status":"closed","ping_status":"open","sticky":false,"template":"","format":"standard","meta":{"footnotes":""},"categories":[11019,10898,10894,10902,11007,10896,11047],"tags":[11356,11093,24198],"class_list":{"0":"post-300334","1":"post","2":"type-post","3":"status-publish","4":"format-standard","5":"has-post-thumbnail","7":"category-agenda-ca","8":"category-ventana-ca","9":"category-la-comarca-ca","10":"category-la-ribera-ca","11":"category-ocio-y-cultura-ca","12":"category-seccion-ca","13":"category-turis-ca","14":"tag-ribera-alta-ca","15":"tag-turis-ca","16":"tag-xxi-feria-turis"},"_links":{"self":[{"href":"https:\/\/www.tucomarca.com\/wordpress\/segunda\/ca\/wp-json\/wp\/v2\/posts\/300334","targetHints":{"allow":["GET"]}}],"collection":[{"href":"https:\/\/www.tucomarca.com\/wordpress\/segunda\/ca\/wp-json\/wp\/v2\/posts"}],"about":[{"href":"https:\/\/www.tucomarca.com\/wordpress\/segunda\/ca\/wp-json\/wp\/v2\/types\/post"}],"author":[{"embeddable":true,"href":"https:\/\/www.tucomarca.com\/wordpress\/segunda\/ca\/wp-json\/wp\/v2\/users\/12"}],"replies":[{"embeddable":true,"href":"https:\/\/www.tucomarca.com\/wordpress\/segunda\/ca\/wp-json\/wp\/v2\/comments?post=300334"}],"version-history":[{"count":3,"href":"https:\/\/www.tucomarca.com\/wordpress\/segunda\/ca\/wp-json\/wp\/v2\/posts\/300334\/revisions"}],"predecessor-version":[{"id":300361,"href":"https:\/\/www.tucomarca.com\/wordpress\/segunda\/ca\/wp-json\/wp\/v2\/posts\/300334\/revisions\/300361"}],"wp:featuredmedia":[{"embeddable":true,"href":"https:\/\/www.tucomarca.com\/wordpress\/segunda\/ca\/wp-json\/wp\/v2\/media\/300328"}],"wp:attachment":[{"href":"https:\/\/www.tucomarca.com\/wordpress\/segunda\/ca\/wp-json\/wp\/v2\/media?parent=300334"}],"wp:term":[{"taxonomy":"category","embeddable":true,"href":"https:\/\/www.tucomarca.com\/wordpress\/segunda\/ca\/wp-json\/wp\/v2\/categories?post=300334"},{"taxonomy":"post_tag","embeddable":true,"href":"https:\/\/www.tucomarca.com\/wordpress\/segunda\/ca\/wp-json\/wp\/v2\/tags?post=300334"}],"curies":[{"name":"wp","href":"https:\/\/api.w.org\/{rel}","templated":true}]}}