{"id":300347,"date":"2026-04-29T12:00:00","date_gmt":"2026-04-29T10:00:00","guid":{"rendered":"https:\/\/www.tucomarca.com\/wordpress\/segunda\/?p=300347"},"modified":"2026-04-29T20:51:04","modified_gmt":"2026-04-29T18:51:04","slug":"la-guardia-civil-dete-a-lautor-de-latropellament-mortal-a-carlet-que-va-fugir-del-lloc","status":"publish","type":"post","link":"https:\/\/www.tucomarca.com\/wordpress\/segunda\/ca\/la-guardia-civil-dete-a-lautor-de-latropellament-mortal-a-carlet-que-va-fugir-del-lloc\/","title":{"rendered":"La Gu\u00e0rdia Civil det\u00e9 a l&#8217;autor de l&#8217;atropellament mortal a Carlet que va fugir del lloc"},"content":{"rendered":"\n<h3 class=\"wp-block-heading\">El conductor, despr\u00e9s d&#8217;atropellar fatalment a la v\u00edctima, va fugir del lloc.<\/h3>\n\n\n\n<p>La Gu\u00e0rdia Civil ha detingut per homicidi per imprud\u00e8ncia greu amb vehicle de motor al conductor que, despr\u00e9s d&#8217;atropellar fatalment a una dona, va abandonar el lloc dels fets.&nbsp;<\/p>\n\n\n\n<p>Durant la matinada del sis d&#8217;abril, es va produir un atropellament mortal en un encreuament del barri de Villarrubia de Carlet. Despr\u00e9s de l&#8217;impacte, el conductor responsable va abandonar el lloc dels fets, deixant a la v\u00edctima morta en la via p\u00fablica.<\/p>\n\n\n\n<p>En la inspecci\u00f3 t\u00e8cnic-ocular realitzada en el lloc del succ\u00e9s, els agents van trobar diverses restes de l&#8217;autom\u00f2bil involucrat, espec\u00edficament un pas de roda i un far posterior esquerre.&nbsp;<\/p>\n\n\n\n<p>Aquests indicis van permetre determinar de manera preliminar la marca i el model del vehicle escapolit. La posterior an\u00e0lisi de les c\u00e0meres de v\u00eddeo vigil\u00e0ncia de la zona va confirmar la pres\u00e8ncia d&#8217;un cotxe de les mateixes caracter\u00edstiques que abandonava la localitat pocs minuts despr\u00e9s de l&#8217;incident. En les gravacions, es va observar amb claredat que a aquest vehicle li faltava el far posterior esquerre, pe\u00e7a que coincidia plenament amb la recuperada en l&#8217;escena.<\/p>\n\n\n\n<p>Despr\u00e9s de realitzar les gestions pertinents per a localitzar al titular en els seus domicilis coneguts, els agents van trobar al sospit\u00f3s en la pedania de Montortal. L&#8217;autor dels fets va admetre haver patit un sinistre vial despr\u00e9s d&#8217;haver ingerit una gran quantitat d&#8217;alcohol, encara que va tractar de situar l&#8217;accident en una zona de camins rurals. No obstant aix\u00f2, mitjan\u00e7ant una batuda pels voltants, els agents van localitzar el turisme encallat en una s\u00e9quia profunda del terme municipal de Benimodo.&nbsp;<\/p>\n\n\n\n<p>La inspecci\u00f3 del cotxe va permetre constatar que els danys estructurals i l&#8217;abs\u00e8ncia de peces eren totalment compatibles amb les restes trobades en el lloc de l&#8217;atropellament.<\/p>\n\n\n\n<p>La investigaci\u00f3 final va concloure que el detingut havia passat la jornada convivint amb els propis familiars de la morta. En el moment en qu\u00e8 la dona va eixir de l&#8217;habitatge per a depositar les escombraries en un contenidor pr\u00f2xim, el conductor va iniciar la marxa del seu vehicle de manera brusca cap arrere, atropellant-la fatalment. Tot seguit, va emprendre la fugida fins que va patir el segon accident en la s\u00e9quia i va tornar a peu al seu domicili.<\/p>\n\n\n\n<p>Per tot l&#8217;exposat, els agents de l&#8217;\u00e0rea d&#8217;investigaci\u00f3 de Carlet van procedir a la seua detenci\u00f3 com a presumpte autor dels delictes d&#8217;homicidi per imprud\u00e8ncia greu amb vehicle de motor, aband\u00f3 del lloc de l&#8217;accident i denegaci\u00f3 d&#8217;auxili.<\/p>\n\n\n\n<p>Una vegada finalitzades les dilig\u00e8ncies policials, el detingut, un home de 27 anys i nacionalitat espanyola, va ser posat a la disposici\u00f3 de l&#8217;autoritat judicial competent, que va decretar el seu ingr\u00e9s a la pres\u00f3 provisional.<\/p>\n\n\n\n<p>La investigaci\u00f3 ha sigut duta a terme per agents del Lloc Principal de Carlet.\u00a0Les dilig\u00e8ncies van ser entregades en la Secci\u00f3 Civil i d&#8217;Instrucci\u00f3 del Tribunal de Carlet Plaza n\u00famero 4.<\/p>\n","protected":false},"excerpt":{"rendered":"<div class=\"mh-excerpt\">El conductor, despr\u00e9s d&#8217;atropellar fatalment a la v\u00edctima, va fugir del lloc. La Gu\u00e0rdia Civil ha detingut per homicidi per imprud\u00e8ncia greu amb vehicle de motor al conductor que, despr\u00e9s d&#8217;atropellar fatalment a una dona, <a class=\"mh-excerpt-more\" href=\"https:\/\/www.tucomarca.com\/wordpress\/segunda\/ca\/la-guardia-civil-dete-a-lautor-de-latropellament-mortal-a-carlet-que-va-fugir-del-lloc\/\" title=\"La Gu\u00e0rdia Civil det\u00e9 a l&#8217;autor de l&#8217;atropellament mortal a Carlet que va fugir del lloc\">[+] <\/a><\/div>\n","protected":false},"author":1,"featured_media":300345,"comment_status":"closed","ping_status":"open","sticky":false,"template":"","format":"standard","meta":{"footnotes":""},"categories":[10990,10898,10894,10904,10902,10896,10897],"tags":[11082,17107,11118,11077],"class_list":{"0":"post-300347","1":"post","2":"type-post","3":"status-publish","4":"format-standard","5":"has-post-thumbnail","7":"category-carlet-ca","8":"category-ventana-ca","9":"category-la-comarca-ca","10":"category-sin-categorizar-ca","11":"category-la-ribera-ca","12":"category-seccion-ca","13":"category-sucesos-la-comarca-ca","14":"tag-carlet-ca","15":"tag-detenido-ca","16":"tag-guardia-civil-ca","17":"tag-la-ribera-alta-ca"},"_links":{"self":[{"href":"https:\/\/www.tucomarca.com\/wordpress\/segunda\/ca\/wp-json\/wp\/v2\/posts\/300347","targetHints":{"allow":["GET"]}}],"collection":[{"href":"https:\/\/www.tucomarca.com\/wordpress\/segunda\/ca\/wp-json\/wp\/v2\/posts"}],"about":[{"href":"https:\/\/www.tucomarca.com\/wordpress\/segunda\/ca\/wp-json\/wp\/v2\/types\/post"}],"author":[{"embeddable":true,"href":"https:\/\/www.tucomarca.com\/wordpress\/segunda\/ca\/wp-json\/wp\/v2\/users\/1"}],"replies":[{"embeddable":true,"href":"https:\/\/www.tucomarca.com\/wordpress\/segunda\/ca\/wp-json\/wp\/v2\/comments?post=300347"}],"version-history":[{"count":1,"href":"https:\/\/www.tucomarca.com\/wordpress\/segunda\/ca\/wp-json\/wp\/v2\/posts\/300347\/revisions"}],"predecessor-version":[{"id":300348,"href":"https:\/\/www.tucomarca.com\/wordpress\/segunda\/ca\/wp-json\/wp\/v2\/posts\/300347\/revisions\/300348"}],"wp:featuredmedia":[{"embeddable":true,"href":"https:\/\/www.tucomarca.com\/wordpress\/segunda\/ca\/wp-json\/wp\/v2\/media\/300345"}],"wp:attachment":[{"href":"https:\/\/www.tucomarca.com\/wordpress\/segunda\/ca\/wp-json\/wp\/v2\/media?parent=300347"}],"wp:term":[{"taxonomy":"category","embeddable":true,"href":"https:\/\/www.tucomarca.com\/wordpress\/segunda\/ca\/wp-json\/wp\/v2\/categories?post=300347"},{"taxonomy":"post_tag","embeddable":true,"href":"https:\/\/www.tucomarca.com\/wordpress\/segunda\/ca\/wp-json\/wp\/v2\/tags?post=300347"}],"curies":[{"name":"wp","href":"https:\/\/api.w.org\/{rel}","templated":true}]}}