{"id":300375,"date":"2026-04-29T09:00:00","date_gmt":"2026-04-29T07:00:00","guid":{"rendered":"https:\/\/www.tucomarca.com\/wordpress\/segunda\/?p=300375"},"modified":"2026-04-29T20:55:48","modified_gmt":"2026-04-29T18:55:48","slug":"jose-diez-reivindica-el-rallye-ciudad-de-utiel-com-a-referent-desport-dalt-nivell-amb-impacte-economic-i-social","status":"publish","type":"post","link":"https:\/\/www.tucomarca.com\/wordpress\/segunda\/ca\/jose-diez-reivindica-el-rallye-ciudad-de-utiel-com-a-referent-desport-dalt-nivell-amb-impacte-economic-i-social\/","title":{"rendered":"Jos\u00e9 D\u00edez reivindica el Rallye Ciudad de Utiel com a referent d\u2019esport d\u2019alt nivell amb impacte econ\u00f2mic i social"},"content":{"rendered":"\n<h3 class=\"wp-block-heading\">El vicepresident segon del Consell participa en la presentaci\u00f3 de la prova, que se celebra del 13 al 16 de maig amb el suport de la Generalitat i la Reial Federaci\u00f3 Espanyola d\u2019Automobilisme.<\/h3>\n\n\n\n<h3 class=\"wp-block-heading\">D\u00edez assenyala que \u201ceste ral\u00b7li reflectix el model d\u2019esdeveniment que defenem en el qual es combina esport d\u2019alt nivell, impacte econ\u00f2mic positiu, promoci\u00f3 del territori i valors com l\u2019esfor\u00e7\u201d.<\/h3>\n\n\n\n<p>El vicepresident segon i conseller de Presid\u00e8ncia, Jos\u00e9 D\u00edez, ha participat en l\u2019acte de presentaci\u00f3 del Rallye Ciudad de Utiel 2026 i ha traslladat el suport de la Generalitat a un esdeveniment que \u201ces convertix en una ferramenta de revitalitzaci\u00f3 econ\u00f2mica i social d\u2019esta comarca d\u2019interior\u201d.<\/p>\n\n\n\n<p>En este sentit, ha afirmat que esdeveniments com este \u201cdemostren que l\u2019esport \u00e9s un important recurs de dinamitzaci\u00f3 econ\u00f2mica, de retorn tur\u00edstic i, sobretot, d\u2019impuls an\u00edmic i social per al territori\u201d.<\/p>\n\n\n\n<p>D\u00edez ha remarcat que l\u2019\u00e8xit del Rallye Ciudad de Utiel \u00e9s el resultat \u201cd\u2019una tradici\u00f3 esportiva constru\u00efda durant d\u00e8cades gr\u00e0cies al comprom\u00eds del municipi, de l\u2019organitzaci\u00f3 i d\u2019una afici\u00f3 que viu este esdeveniment com una cosa pr\u00f2pia. No \u00e9s nom\u00e9s una competici\u00f3: \u00e9s identitat, \u00e9s territori i \u00e9s projecci\u00f3 de la Comunitat Valenciana\u201d.<\/p>\n\n\n\n<p>Per al vicepresident, este ral\u00b7li \u201creflectix molt b\u00e9 el model d\u2019esdeveniment que defenem: un esdeveniment que combina esport d\u2019alt nivell, impacte econ\u00f2mic positiu, promoci\u00f3 del territori i valors com l\u2019esfor\u00e7, la seguretat, la responsabilitat i el respecte a l\u2019entorn\u201d.<\/p>\n\n\n\n<p>\u201cApostar per l\u2019esport \u00e9s apostar pel futur dels nostres municipis. Per aix\u00f2, des de la Generalitat continuarem donant suport a este tipus de proves que reforcen el nostre ecosistema esportiu i ajuden a vertebrar la Comunitat Valenciana\u201d, ha destacat.<\/p>\n\n\n\n<p>Finalment, ha felicitat l\u2019organitzaci\u00f3, l\u2019Ajuntament d\u2019Utiel i totes les persones que fan possible este esdeveniment i ha ressaltat \u201cla coordinaci\u00f3 i el treball conjunt realitzat per les autoritats locals juntament amb la Federaci\u00f3 d\u2019Automobilisme de la Comunitat Valenciana i amb la Reial Federaci\u00f3 Espanyola d\u2019Automobilisme, que permet garantir proves segures, ben organitzades i amb els m\u00e0xims est\u00e0ndards esportius i t\u00e8cnics\u201d.<\/p>\n\n\n\n<p>El Rallye Ciudad de Utiel 2026, primera prova de terra del Supercampionat d\u2019Espanya de Ral\u00b7lis (S-CER), se celebra del 13 al 16 de maig amb el suport de la Generalitat i la Reial Federaci\u00f3 Espanyola d\u2019Automobilisme (RFEA).<\/p>\n\n\n\n<figure class=\"wp-block-gallery has-nested-images columns-default is-cropped wp-block-gallery-1 is-layout-flex wp-block-gallery-is-layout-flex\">\n<figure class=\"wp-block-image size-large\"><img loading=\"lazy\" decoding=\"async\" width=\"945\" height=\"630\" data-id=\"300370\" src=\"https:\/\/www.tucomarca.com\/wordpress\/segunda\/wp-content\/uploads\/2026\/04\/JDiez_Rallye_Utiel_presentacion2.jpg\" alt=\"\" class=\"wp-image-300370\" srcset=\"https:\/\/www.tucomarca.com\/wordpress\/segunda\/wp-content\/uploads\/2026\/04\/JDiez_Rallye_Utiel_presentacion2.jpg 945w, https:\/\/www.tucomarca.com\/wordpress\/segunda\/wp-content\/uploads\/2026\/04\/JDiez_Rallye_Utiel_presentacion2-300x200.jpg 300w, https:\/\/www.tucomarca.com\/wordpress\/segunda\/wp-content\/uploads\/2026\/04\/JDiez_Rallye_Utiel_presentacion2-768x512.jpg 768w\" sizes=\"auto, (max-width: 945px) 100vw, 945px\" \/><\/figure>\n\n\n\n<figure class=\"wp-block-image size-full\"><img loading=\"lazy\" decoding=\"async\" width=\"945\" height=\"630\" data-id=\"300368\" src=\"https:\/\/www.tucomarca.com\/wordpress\/segunda\/wp-content\/uploads\/2026\/04\/JDiez_Rallye_Utiel_presentacion1.jpg\" alt=\"\" class=\"wp-image-300368\" srcset=\"https:\/\/www.tucomarca.com\/wordpress\/segunda\/wp-content\/uploads\/2026\/04\/JDiez_Rallye_Utiel_presentacion1.jpg 945w, https:\/\/www.tucomarca.com\/wordpress\/segunda\/wp-content\/uploads\/2026\/04\/JDiez_Rallye_Utiel_presentacion1-300x200.jpg 300w, https:\/\/www.tucomarca.com\/wordpress\/segunda\/wp-content\/uploads\/2026\/04\/JDiez_Rallye_Utiel_presentacion1-768x512.jpg 768w\" sizes=\"auto, (max-width: 945px) 100vw, 945px\" \/><\/figure>\n<\/figure>\n","protected":false},"excerpt":{"rendered":"<div class=\"mh-excerpt\">El vicepresident segon del Consell participa en la presentaci\u00f3 de la prova, que se celebra del 13 al 16 de maig amb el suport de la Generalitat i la Reial Federaci\u00f3 Espanyola d\u2019Automobilisme. D\u00edez assenyala <a class=\"mh-excerpt-more\" href=\"https:\/\/www.tucomarca.com\/wordpress\/segunda\/ca\/jose-diez-reivindica-el-rallye-ciudad-de-utiel-com-a-referent-desport-dalt-nivell-amb-impacte-economic-i-social\/\" title=\"Jos\u00e9 D\u00edez reivindica el Rallye Ciudad de Utiel com a referent d\u2019esport d\u2019alt nivell amb impacte econ\u00f2mic i social\">[+] <\/a><\/div>\n","protected":false},"author":12,"featured_media":300373,"comment_status":"closed","ping_status":"open","sticky":false,"template":"","format":"gallery","meta":{"footnotes":""},"categories":[11017,11003,10898,10948,10894,10904,10947,10909,10896,11059],"tags":[24240,10910,11174],"class_list":{"0":"post-300375","1":"post","2":"type-post","3":"status-publish","4":"format-gallery","5":"has-post-thumbnail","7":"category-automovilismo-ca","8":"category-sports","9":"category-ventana-ca","10":"category-infraestructuras-ca","11":"category-la-comarca-ca","12":"category-sin-categorizar-ca","13":"category-politica","14":"category-requena-utiel-ca","15":"category-seccion-ca","16":"category-utiel-ca","17":"tag-rally-ciudad-de-utiel","18":"tag-requena-utiel-ca","19":"tag-utiel-ca","20":"post_format-post-format-gallery"},"_links":{"self":[{"href":"https:\/\/www.tucomarca.com\/wordpress\/segunda\/ca\/wp-json\/wp\/v2\/posts\/300375","targetHints":{"allow":["GET"]}}],"collection":[{"href":"https:\/\/www.tucomarca.com\/wordpress\/segunda\/ca\/wp-json\/wp\/v2\/posts"}],"about":[{"href":"https:\/\/www.tucomarca.com\/wordpress\/segunda\/ca\/wp-json\/wp\/v2\/types\/post"}],"author":[{"embeddable":true,"href":"https:\/\/www.tucomarca.com\/wordpress\/segunda\/ca\/wp-json\/wp\/v2\/users\/12"}],"replies":[{"embeddable":true,"href":"https:\/\/www.tucomarca.com\/wordpress\/segunda\/ca\/wp-json\/wp\/v2\/comments?post=300375"}],"version-history":[{"count":2,"href":"https:\/\/www.tucomarca.com\/wordpress\/segunda\/ca\/wp-json\/wp\/v2\/posts\/300375\/revisions"}],"predecessor-version":[{"id":300383,"href":"https:\/\/www.tucomarca.com\/wordpress\/segunda\/ca\/wp-json\/wp\/v2\/posts\/300375\/revisions\/300383"}],"wp:featuredmedia":[{"embeddable":true,"href":"https:\/\/www.tucomarca.com\/wordpress\/segunda\/ca\/wp-json\/wp\/v2\/media\/300373"}],"wp:attachment":[{"href":"https:\/\/www.tucomarca.com\/wordpress\/segunda\/ca\/wp-json\/wp\/v2\/media?parent=300375"}],"wp:term":[{"taxonomy":"category","embeddable":true,"href":"https:\/\/www.tucomarca.com\/wordpress\/segunda\/ca\/wp-json\/wp\/v2\/categories?post=300375"},{"taxonomy":"post_tag","embeddable":true,"href":"https:\/\/www.tucomarca.com\/wordpress\/segunda\/ca\/wp-json\/wp\/v2\/tags?post=300375"}],"curies":[{"name":"wp","href":"https:\/\/api.w.org\/{rel}","templated":true}]}}