{"id":300403,"date":"2026-04-29T12:45:00","date_gmt":"2026-04-29T10:45:00","guid":{"rendered":"https:\/\/www.tucomarca.com\/wordpress\/segunda\/?p=300403"},"modified":"2026-04-30T08:08:11","modified_gmt":"2026-04-30T06:08:11","slug":"perez-llorca-destaca-la-labor-de-recuperacio-despres-de-la-dana-i-urgix-el-govern-a-habilitar-els-mecanismes-necessaris-als-ajuntaments-per-a-aconseguir-una-reconstruccio-real","status":"publish","type":"post","link":"https:\/\/www.tucomarca.com\/wordpress\/segunda\/ca\/perez-llorca-destaca-la-labor-de-recuperacio-despres-de-la-dana-i-urgix-el-govern-a-habilitar-els-mecanismes-necessaris-als-ajuntaments-per-a-aconseguir-una-reconstruccio-real\/","title":{"rendered":"P\u00e9rez Llorca destaca la labor de recuperaci\u00f3 despr\u00e9s de la DANA i urgix el Govern a habilitar els mecanismes necessaris als ajuntaments per a aconseguir una reconstrucci\u00f3 real"},"content":{"rendered":"\n<h3 class=\"wp-block-heading\">Advoca per la col\u00b7laboraci\u00f3 entre administracions i insta l\u2019executiu central per tal que les ajudes de la Generalitat despr\u00e9s de la dana no tributen.<\/h3>\n\n\n\n<h3 class=\"wp-block-heading\">El president de la Generalitat visita les noves instal\u00b7lacions de Val\u00e8ncia Sud i el Lloc de Comandament, en els quals s\u2019han invertit 60 milions, i amb les quals culmina la reconstrucci\u00f3 de Metrovalencia despr\u00e9s de recuperar el servici en juny.\u00a0<\/h3>\n\n\n\n<p>El president de la Generalitat, Juanfran P\u00e9rez Llorca, ha destacat el \u201ctreball encomiable i el gran esfor\u00e7\u201d dut a terme pel Consell en la reconstrucci\u00f3 despr\u00e9s de la DANA ocorreguda en octubre de 2024 exemplificada en els treballs de Metrovalencia i el seu nou Lloc de Comandament. Aix\u00ed mateix, ha instat el Govern a fer canvis normatius que permeten actuar als ajuntaments amb m\u00e9s llibertat i menys burocr\u00e0cia per a aconseguir que la reconstrucci\u00f3 f\u00edsica siga real i facilite la recuperaci\u00f3 moral dels afectats.<\/p>\n\n\n\n<p>El cap del Consell, que ha visitat les noves instal\u00b7lacions de Val\u00e8ncia Sud i el Lloc de Comandament de Metrovalencia, ha fet balan\u00e7 de la reconstrucci\u00f3 quan es complix justament any i mig de la trag\u00e8dia. Aix\u00ed, ha real\u00e7at que en un \u201ctemps r\u00e8cord\u201d s\u2019han recuperat 57 centres de salut, quasi 60 ponts i carreteres locals que els ajuntaments no podien assumir, 18 vies auton\u00f2miques i m\u00e9s d\u2019un centenar de depuradores, entre altres actuacions que sumen 3.100 milions d\u2019euros mobilitzats per part de la Generalitat.<\/p>\n\n\n\n<p>P\u00e9rez Llorca ha instat les administracions a \u201cdialogar, a entendre\u2019ns i a ser valentes en la presa de decisions\u201d i ha advocat per fer \u201ccanvis normatius que permeten als alcaldes afectats posar en marxa les obres de recuperaci\u00f3 en cada una dels seus carrers, ja que la burocr\u00e0cia que hi ha en este pa\u00eds fa que es tarde molt i siga dif\u00edcil\u201d.<\/p>\n\n\n\n<p>Aix\u00ed mateix, ha destacat que el Govern haja acceptat la reivindicaci\u00f3 que va fer al seu president que les ajudes als afectats de la dana de 2025 no pagaren impostos, si b\u00e9 ha sol\u00b7licitat que les \u201cajudes de 2024 que va aprovar la Generalitat tampoc tributen\u201d.<\/p>\n\n\n\n<p>\u201cContinuem necessitant que es confronte menys i s\u2019avance m\u00e9s, i que per a un cas excepcional i extraordinari com ha sigut la dana, s\u2019adopten mesures extraordin\u00e0ries, sense paranys, en les quals es done prioritat abans de res a la reconstrucci\u00f3\u201d, ha afegit.<\/p>\n\n\n\n<p><strong>Val\u00e8ncia Sud<\/strong><\/p>\n\n\n\n<p>El president, que ha estat acompanyat pel conseller de Medi Ambient, Infraestructures i Territori i de la Recuperaci\u00f3, Vicente Mart\u00ednez Mus; els alcaldes de Picanya i Paiporta, el regidor de l\u2019\u00c0rea de Seguretat i Mobilitat de l\u2019Ajuntament de Val\u00e8ncia i altres representants dels ajuntaments afectats per la dana, ha anunciat la culminaci\u00f3 del proc\u00e9s de reconstrucci\u00f3 de les infraestructures de Metrovalencia, en el qual s\u2019han invertit 140 milions d\u2019euros, amb l\u2019obertura de les instal\u00b7lacions de Val\u00e8ncia Sud i el Lloc de Comandament.<\/p>\n\n\n\n<p>Estes dos instal\u00b7lacions han suposat una enorme obra d\u2019enginyeria i s\u2019han dut a terme en paral\u00b7lel a la recuperaci\u00f3 de la xarxa de Metrovalencia, a on s\u2019ha intervingut sobre 50 quil\u00f2metres de via i 20 quil\u00f2metres de caten\u00e0ria. Uns treballs que van permetre recuperar la circulaci\u00f3 el passat 27 de juny i prosseguir en paral\u00b7lel amb la reparaci\u00f3 de les instal\u00b7lacions. A m\u00e9s, en tots els treballs no solament s\u2019ha treballat per a reparar danys, sin\u00f3 que s\u2019ha buscat millorar les infraestructures i fer-les m\u00e9s resistents.&nbsp;<\/p>\n\n\n\n<p>Aix\u00ed, Val\u00e8ncia Sud, el cor operatiu de Metrovalencia, \u00e9s ara un complex m\u00e9s fort i segur, mentres que els sistemes cr\u00edtics com el Lloc de Comandament, els centres d\u2019alimentaci\u00f3 el\u00e8ctrica, servidors i comunicacions s\u2019han dissenyat en altura per a refor\u00e7ar la resposta davant fen\u00f2mens extrems.<\/p>\n\n\n\n<p>A m\u00e9s, el nou Lloc de comandament, recuperar\u00e0 en breu la direcci\u00f3 de Metrovalencia i mantindr\u00e0 un element clau de seguretat com \u00e9s l\u2019equip alternatiu que actualment opera des dels tallers de Machado.<\/p>\n\n\n\n<p>En total, en les noves instal\u00b7lacions de Val\u00e8ncia Sud, que inclouen un aparcament intermodal amb capacitat per a 500 vehicles, s\u2019han invertit prop de 60 milions d\u2019euros.<\/p>\n\n\n\n<figure class=\"wp-block-image size-large\"><img loading=\"lazy\" decoding=\"async\" width=\"1024\" height=\"761\" src=\"https:\/\/www.tucomarca.com\/wordpress\/segunda\/wp-content\/uploads\/2026\/04\/PerezLlorcaDanaValenciaSud2-1024x761.jpeg\" alt=\"\" class=\"wp-image-300409\" srcset=\"https:\/\/www.tucomarca.com\/wordpress\/segunda\/wp-content\/uploads\/2026\/04\/PerezLlorcaDanaValenciaSud2-1024x761.jpeg 1024w, https:\/\/www.tucomarca.com\/wordpress\/segunda\/wp-content\/uploads\/2026\/04\/PerezLlorcaDanaValenciaSud2-300x223.jpeg 300w, https:\/\/www.tucomarca.com\/wordpress\/segunda\/wp-content\/uploads\/2026\/04\/PerezLlorcaDanaValenciaSud2-768x571.jpeg 768w, https:\/\/www.tucomarca.com\/wordpress\/segunda\/wp-content\/uploads\/2026\/04\/PerezLlorcaDanaValenciaSud2-1536x1142.jpeg 1536w, https:\/\/www.tucomarca.com\/wordpress\/segunda\/wp-content\/uploads\/2026\/04\/PerezLlorcaDanaValenciaSud2-2048x1522.jpeg 2048w, https:\/\/www.tucomarca.com\/wordpress\/segunda\/wp-content\/uploads\/2026\/04\/PerezLlorcaDanaValenciaSud2-80x60.jpeg 80w\" sizes=\"auto, (max-width: 1024px) 100vw, 1024px\" \/><\/figure>\n\n\n\n<p><\/p>\n\n\n\n<p><strong>Pla d\u2019inversions<\/strong><\/p>\n\n\n\n<p>El cap de l\u2019executiu valenci\u00e0 ha ressaltat que la reconstrucci\u00f3 no acaba amb les inversions en FGV i que la Generalitat ja est\u00e0 executant les actuacions previstes en el Pla d\u2019actuaci\u00f3 2026-2030, amb una inversi\u00f3 que frega els 840 milions d\u2019euros per a mantindre, modernitzar i ampliar la xarxa en servici.<\/p>\n\n\n\n<p>Este pla inclou la incorporaci\u00f3 de nous trens i tramvies, estacions m\u00e9s accessibles, una major oferta de servici i una planificaci\u00f3 m\u00e9s realista de les pr\u00f2ximes ampliacions.<\/p>\n\n\n\n<p>L\u2019objectiu \u00e9s fer que cada despla\u00e7ament siga m\u00e9s c\u00f2mode, segur i sostenible i fer que la mobilitat continue sent igualtat d\u2019oportunitats, cohesi\u00f3 social i normalitat en la vida quotidiana.<\/p>\n","protected":false},"excerpt":{"rendered":"<div class=\"mh-excerpt\">Advoca per la col\u00b7laboraci\u00f3 entre administracions i insta l\u2019executiu central per tal que les ajudes de la Generalitat despr\u00e9s de la dana no tributen. El president de la Generalitat visita les noves instal\u00b7lacions de Val\u00e8ncia <a class=\"mh-excerpt-more\" href=\"https:\/\/www.tucomarca.com\/wordpress\/segunda\/ca\/perez-llorca-destaca-la-labor-de-recuperacio-despres-de-la-dana-i-urgix-el-govern-a-habilitar-els-mecanismes-necessaris-als-ajuntaments-per-a-aconseguir-una-reconstruccio-real\/\" title=\"P\u00e9rez Llorca destaca la labor de recuperaci\u00f3 despr\u00e9s de la DANA i urgix el Govern a habilitar els mecanismes necessaris als ajuntaments per a aconseguir una reconstrucci\u00f3 real\">[+] <\/a><\/div>\n","protected":false},"author":1,"featured_media":300408,"comment_status":"closed","ping_status":"open","sticky":false,"template":"","format":"standard","meta":{"footnotes":""},"categories":[21466,10898,10948,10894,10904,10902,10903,10947,10896,10897],"tags":[15409,23466],"class_list":{"0":"post-300403","1":"post","2":"type-post","3":"status-publish","4":"format-standard","5":"has-post-thumbnail","7":"category-dana-ca","8":"category-ventana-ca","9":"category-infraestructuras-ca","10":"category-la-comarca-ca","11":"category-sin-categorizar-ca","12":"category-la-ribera-ca","13":"category-medio-ambiente-la-comarca-ca","14":"category-politica","15":"category-seccion-ca","16":"category-sucesos-la-comarca-ca","17":"tag-dana-2-ca","18":"tag-juanfran-perez-llorca-ca"},"_links":{"self":[{"href":"https:\/\/www.tucomarca.com\/wordpress\/segunda\/ca\/wp-json\/wp\/v2\/posts\/300403","targetHints":{"allow":["GET"]}}],"collection":[{"href":"https:\/\/www.tucomarca.com\/wordpress\/segunda\/ca\/wp-json\/wp\/v2\/posts"}],"about":[{"href":"https:\/\/www.tucomarca.com\/wordpress\/segunda\/ca\/wp-json\/wp\/v2\/types\/post"}],"author":[{"embeddable":true,"href":"https:\/\/www.tucomarca.com\/wordpress\/segunda\/ca\/wp-json\/wp\/v2\/users\/1"}],"replies":[{"embeddable":true,"href":"https:\/\/www.tucomarca.com\/wordpress\/segunda\/ca\/wp-json\/wp\/v2\/comments?post=300403"}],"version-history":[{"count":4,"href":"https:\/\/www.tucomarca.com\/wordpress\/segunda\/ca\/wp-json\/wp\/v2\/posts\/300403\/revisions"}],"predecessor-version":[{"id":300414,"href":"https:\/\/www.tucomarca.com\/wordpress\/segunda\/ca\/wp-json\/wp\/v2\/posts\/300403\/revisions\/300414"}],"wp:featuredmedia":[{"embeddable":true,"href":"https:\/\/www.tucomarca.com\/wordpress\/segunda\/ca\/wp-json\/wp\/v2\/media\/300408"}],"wp:attachment":[{"href":"https:\/\/www.tucomarca.com\/wordpress\/segunda\/ca\/wp-json\/wp\/v2\/media?parent=300403"}],"wp:term":[{"taxonomy":"category","embeddable":true,"href":"https:\/\/www.tucomarca.com\/wordpress\/segunda\/ca\/wp-json\/wp\/v2\/categories?post=300403"},{"taxonomy":"post_tag","embeddable":true,"href":"https:\/\/www.tucomarca.com\/wordpress\/segunda\/ca\/wp-json\/wp\/v2\/tags?post=300403"}],"curies":[{"name":"wp","href":"https:\/\/api.w.org\/{rel}","templated":true}]}}