{"id":300422,"date":"2026-04-30T12:20:00","date_gmt":"2026-04-30T10:20:00","guid":{"rendered":"https:\/\/www.tucomarca.com\/wordpress\/segunda\/?p=300422"},"modified":"2026-04-30T21:21:31","modified_gmt":"2026-04-30T19:21:31","slug":"detingut-despres-de-fugir-de-la-policia-local-de-benifaio-amb-mes-dun-quilogram-de-cocaina","status":"publish","type":"post","link":"https:\/\/www.tucomarca.com\/wordpress\/segunda\/ca\/detingut-despres-de-fugir-de-la-policia-local-de-benifaio-amb-mes-dun-quilogram-de-cocaina\/","title":{"rendered":"Detingut despr\u00e9s de fugir de la Policia Local de Benifai\u00f3 amb m\u00e9s d&#8217;un quilogram de coca\u00efna"},"content":{"rendered":"\n<h3 class=\"wp-block-heading\">Va escapar primer en el seu vehicle i, posteriorment, quan se li va localitzar, va iniciar la fugida corrent.<\/h3>\n\n\n\n<p>La Gu\u00e0rdia Civil ha detingut a Benifai\u00f3 a un home que es va donar a la fugida de la Policia Local de Benifai\u00f3 i va fugir amb 1.165 grams de coca\u00efna i 3.236 euros en efectiu.<\/p>\n\n\n\n<p>Els fets van tindre lloc el passat 11 d&#8217;abril, quan un vehicle es dona a la fugida d&#8217;una patrulla de Policia Local de Benifai\u00f3. En eixe moment s&#8217;inicia un operatiu per a localitzar-lo en el qual s&#8217;impliquen diverses patrulles i personal de la Gu\u00e0rdia Civil.<\/p>\n\n\n\n<p>Posteriorment, s&#8217;aconsegueix localitzar el vehicle, moment en el qual el seu ocupant ix corrent a peu per\u00f2 \u00e9s interceptat pels agents. En eixe moment l&#8217;autor es resisteix a la intervenci\u00f3 policial per\u00f2 finalment s&#8217;aconsegueix detindre&#8217;l.<\/p>\n\n\n\n<p>Es comprova que, a l&#8217;interior del vehicle hi havia 1.165 grams de coca\u00efna, a m\u00e9s de b\u00e0scula de precisi\u00f3 i \u00fatils per a preparar dosis individualitzades per a la venda. Tamb\u00e9 s&#8217;aprehenen 3.236 euros en efectiu que tenia el detingut entre les seues pertinences.<\/p>\n\n\n\n<p>Els agents, en comprovar la identitat del detingut, s&#8217;adonen de qu\u00e8 es tracta d&#8217;un intern del centre penitenciari de Picassent que es troba en r\u00e8gim obert complint pena per delictes anteriors de la mateixa naturalesa.<\/p>\n\n\n\n<p>Posat el detingut a disposici\u00f3 judicial, l&#8217;autoritat decreta el seu ingr\u00e9s a la pres\u00f3. Es tracta d&#8217;un home de 28 anys i nacionalitat espanyola al qual se li imputa un delicte contra la salut p\u00fablica (tr\u00e0fic de drogues), resist\u00e8ncia i desobedi\u00e8ncia greu a agent de l&#8217;autoritat i atemptat a agent de l&#8217;autoritat.<\/p>\n\n\n\n<p>L&#8217;actuaci\u00f3 ha sigut duta a terme per agents del Lloc Principal d&#8217;Almussafes i de la Policia Local de Benifai\u00f3. Les dilig\u00e8ncies van ser entregades en la Secci\u00f3 Civil i d&#8217;Instrucci\u00f3 del Tribunal de Carlet Plaza n\u00famero 1.<\/p>\n","protected":false},"excerpt":{"rendered":"<div class=\"mh-excerpt\">Va escapar primer en el seu vehicle i, posteriorment, quan se li va localitzar, va iniciar la fugida corrent. La Gu\u00e0rdia Civil ha detingut a Benifai\u00f3 a un home que es va donar a la <a class=\"mh-excerpt-more\" href=\"https:\/\/www.tucomarca.com\/wordpress\/segunda\/ca\/detingut-despres-de-fugir-de-la-policia-local-de-benifaio-amb-mes-dun-quilogram-de-cocaina\/\" title=\"Detingut despr\u00e9s de fugir de la Policia Local de Benifai\u00f3 amb m\u00e9s d&#8217;un quilogram de coca\u00efna\">[+] <\/a><\/div>\n","protected":false},"author":12,"featured_media":300421,"comment_status":"closed","ping_status":"open","sticky":false,"template":"","format":"standard","meta":{"footnotes":""},"categories":[10987,10898,10894,10902,10896,10897],"tags":[12046,18240,11118,11356],"class_list":{"0":"post-300422","1":"post","2":"type-post","3":"status-publish","4":"format-standard","5":"has-post-thumbnail","7":"category-benifaio-ca","8":"category-ventana-ca","9":"category-la-comarca-ca","10":"category-la-ribera-ca","11":"category-seccion-ca","12":"category-sucesos-la-comarca-ca","13":"tag-benifaio-ca","14":"tag-cocaina-ca","15":"tag-guardia-civil-ca","16":"tag-ribera-alta-ca"},"_links":{"self":[{"href":"https:\/\/www.tucomarca.com\/wordpress\/segunda\/ca\/wp-json\/wp\/v2\/posts\/300422","targetHints":{"allow":["GET"]}}],"collection":[{"href":"https:\/\/www.tucomarca.com\/wordpress\/segunda\/ca\/wp-json\/wp\/v2\/posts"}],"about":[{"href":"https:\/\/www.tucomarca.com\/wordpress\/segunda\/ca\/wp-json\/wp\/v2\/types\/post"}],"author":[{"embeddable":true,"href":"https:\/\/www.tucomarca.com\/wordpress\/segunda\/ca\/wp-json\/wp\/v2\/users\/12"}],"replies":[{"embeddable":true,"href":"https:\/\/www.tucomarca.com\/wordpress\/segunda\/ca\/wp-json\/wp\/v2\/comments?post=300422"}],"version-history":[{"count":2,"href":"https:\/\/www.tucomarca.com\/wordpress\/segunda\/ca\/wp-json\/wp\/v2\/posts\/300422\/revisions"}],"predecessor-version":[{"id":300533,"href":"https:\/\/www.tucomarca.com\/wordpress\/segunda\/ca\/wp-json\/wp\/v2\/posts\/300422\/revisions\/300533"}],"wp:featuredmedia":[{"embeddable":true,"href":"https:\/\/www.tucomarca.com\/wordpress\/segunda\/ca\/wp-json\/wp\/v2\/media\/300421"}],"wp:attachment":[{"href":"https:\/\/www.tucomarca.com\/wordpress\/segunda\/ca\/wp-json\/wp\/v2\/media?parent=300422"}],"wp:term":[{"taxonomy":"category","embeddable":true,"href":"https:\/\/www.tucomarca.com\/wordpress\/segunda\/ca\/wp-json\/wp\/v2\/categories?post=300422"},{"taxonomy":"post_tag","embeddable":true,"href":"https:\/\/www.tucomarca.com\/wordpress\/segunda\/ca\/wp-json\/wp\/v2\/tags?post=300422"}],"curies":[{"name":"wp","href":"https:\/\/api.w.org\/{rel}","templated":true}]}}