{"id":300426,"date":"2026-04-30T12:10:00","date_gmt":"2026-04-30T10:10:00","guid":{"rendered":"https:\/\/www.tucomarca.com\/wordpress\/segunda\/?p=300426"},"modified":"2026-04-30T21:24:01","modified_gmt":"2026-04-30T19:24:01","slug":"camarero-destaca-el-paper-del-centre-dorientacio-per-a-locupacio-de-labora-com-a-punt-clau-per-a-millorar-locupabilitat-amb-formules-innovadores-al-servici-de-les-persones","status":"publish","type":"post","link":"https:\/\/www.tucomarca.com\/wordpress\/segunda\/ca\/camarero-destaca-el-paper-del-centre-dorientacio-per-a-locupacio-de-labora-com-a-punt-clau-per-a-millorar-locupabilitat-amb-formules-innovadores-al-servici-de-les-persones\/","title":{"rendered":"Camarero destaca el paper del Centre d\u2019Orientaci\u00f3 per a l\u2019Ocupaci\u00f3 de Labora com a punt clau per a millorar l\u2019ocupabilitat amb f\u00f3rmules innovadores al servici de les persones"},"content":{"rendered":"\n<h3 class=\"wp-block-heading\">La vicepresidenta comprova el funcionament de les noves ferramentes pioneres per a l\u2019entrenament d\u2019entrevistes, basades en intel\u00b7lig\u00e8ncia artificial, durant la seua visita al COE.<\/h3>\n\n\n\n<p>La vicepresidenta primera i consellera de Vivenda, Ocupaci\u00f3, Joventut i Igualtat, Susana Camarero, ha visitat el Centre d\u2019Orientaci\u00f3 per a l\u2019Ocupaci\u00f3 (COE) de Labora, a on ha destacat la import\u00e0ncia de l\u2019orientaci\u00f3 personalitzada per a millorar l\u2019ocupabilitat de les persones.<\/p>\n\n\n\n<p>El COE \u00e9s un servici especialitzat de Labora, que t\u00e9 com a objectiu millorar l\u2019ocupabilitat mitjan\u00e7ant orientaci\u00f3 avan\u00e7ada, diagn\u00f2stic individualitzat i disseny d\u2019itineraris personalitzats d\u2019inserci\u00f3, prestant especial atenci\u00f3 als qui acrediten m\u00e9s dificultats d\u2019acc\u00e9s al mercat laboral.<\/p>\n\n\n\n<p>Durant la visita, Camarero ha assenyalat que Labora \u00e9s \u201cun servici p\u00fablic que acompanya, orienta i connecta les persones amb oportunitats reals d\u2019ocupaci\u00f3\u201d, i ha subratllat el paper d\u2019estos centres com a espais clau per a facilitar l\u2019acc\u00e9s al mercat laboral.<\/p>\n\n\n\n<p>Aix\u00ed mateix, la vicepresidenta ha pogut comprovar de primera m\u00e0 el funcionament de les noves ferramentes d\u2019entrenament d\u2019entrevistes basades en intel\u00b7lig\u00e8ncia artificial. Este sistema permet a les persones usu\u00e0ries practicar entrevistes de treball de manera aut\u00f2noma i personalitzada a trav\u00e9s d\u2019un assistent virtual que recrea situacions reals de selecci\u00f3 i oferix una an\u00e0lisi detallada amb recomanacions per a millorar el seu acompliment.<\/p>\n\n\n\n<figure class=\"wp-block-gallery has-nested-images columns-default is-cropped wp-block-gallery-1 is-layout-flex wp-block-gallery-is-layout-flex\">\n<figure class=\"wp-block-image size-large\"><img loading=\"lazy\" decoding=\"async\" width=\"945\" height=\"660\" data-id=\"300430\" src=\"https:\/\/www.tucomarca.com\/wordpress\/segunda\/wp-content\/uploads\/2026\/04\/Labora2.jpg\" alt=\"\" class=\"wp-image-300430\" srcset=\"https:\/\/www.tucomarca.com\/wordpress\/segunda\/wp-content\/uploads\/2026\/04\/Labora2.jpg 945w, https:\/\/www.tucomarca.com\/wordpress\/segunda\/wp-content\/uploads\/2026\/04\/Labora2-300x210.jpg 300w, https:\/\/www.tucomarca.com\/wordpress\/segunda\/wp-content\/uploads\/2026\/04\/Labora2-768x536.jpg 768w\" sizes=\"auto, (max-width: 945px) 100vw, 945px\" \/><\/figure>\n\n\n\n<figure class=\"wp-block-image size-large\"><img loading=\"lazy\" decoding=\"async\" width=\"945\" height=\"630\" data-id=\"300432\" src=\"https:\/\/www.tucomarca.com\/wordpress\/segunda\/wp-content\/uploads\/2026\/04\/Labora3.jpg\" alt=\"\" class=\"wp-image-300432\" srcset=\"https:\/\/www.tucomarca.com\/wordpress\/segunda\/wp-content\/uploads\/2026\/04\/Labora3.jpg 945w, https:\/\/www.tucomarca.com\/wordpress\/segunda\/wp-content\/uploads\/2026\/04\/Labora3-300x200.jpg 300w, https:\/\/www.tucomarca.com\/wordpress\/segunda\/wp-content\/uploads\/2026\/04\/Labora3-768x512.jpg 768w\" sizes=\"auto, (max-width: 945px) 100vw, 945px\" \/><\/figure>\n<\/figure>\n\n\n\n<p><\/p>\n\n\n\n<p>Esta innovaci\u00f3 incorpora un proc\u00e9s estructurat que inclou una avaluaci\u00f3 inicial, l\u2019aprenentatge de t\u00e8cniques de comunicaci\u00f3 i preparaci\u00f3, i un entrenament guiat amb&nbsp;<em>feedback&nbsp;<\/em>immediat, la qual cosa facilita millorar la confian\u00e7a i les compet\u00e8ncies necess\u00e0ries per a afrontar processos de selecci\u00f3.<\/p>\n\n\n\n<p>La incorporaci\u00f3 d\u2019esta tecnologia permet oferir un acompanyament m\u00e9s \u00e0gil i adaptat a cada perfil, refor\u00e7ant la preparaci\u00f3 de les persones usu\u00e0ries i millorant les seues oportunitats d\u2019acc\u00e9s al mercat laboral.<\/p>\n\n\n\n<p>Aix\u00ed mateix, Camarero ha recordat que la Generalitat, a trav\u00e9s de Labora, impulsa pol\u00edtiques actives d\u2019ocupaci\u00f3 centrades en la formaci\u00f3, l\u2019orientaci\u00f3 i la intermediaci\u00f3 laboral, amb l\u2019objectiu de millorar la qualificaci\u00f3 i afavorir l\u2019acc\u00e9s a una ocupaci\u00f3 digna.<\/p>\n\n\n\n<p>En este sentit, la titular d\u2019Ocupaci\u00f3 ha destacat la nova convocat\u00f2ria d\u2019ajudes perqu\u00e8 els ajuntaments contracten dones desocupades, amb prioritat per a majors de 45 anys, amb l\u2019objectiu de millorar la seua ocupabilitat i facilitar el seu retorn al mercat laboral; aix\u00ed com la l\u00ednia d\u2019ajudes dirigides als ajuntaments per a la contractaci\u00f3 de j\u00f3vens desocupats, que compta amb una inversi\u00f3 de m\u00e9s de dotze milions d\u2019euros, i que permetr\u00e0 que molts j\u00f3vens tinguen la seua primera experi\u00e8ncia laboral i comencen el seu projecte de vida.<\/p>\n\n\n\n<p>De la mateixa manera, la vicepresid\u00e8ncia ha ressaltat la l\u00ednia d\u2019ajudes de fins a 25.000 euros posada en marxa des de Labora per a les empreses valencianes que contracten persones j\u00f3vens qualificades d\u2019entre 16 i 30 anys. Una convocat\u00f2ria que compta amb una dotaci\u00f3 pressupost\u00e0ria de 3,7 milions d\u2019euros.<\/p>\n\n\n\n<p>En \u00faltima inst\u00e0ncia, Camarero ha assenyalat que l\u2019objectiu d\u2019este Consell \u201c\u00e9s que cada persona que acudisca a Labora trobe una oportunitat i l\u2019acompanyament necessari per a desenrotllar el seu projecte professional\u201d.<\/p>\n","protected":false},"excerpt":{"rendered":"<div class=\"mh-excerpt\">La vicepresidenta comprova el funcionament de les noves ferramentes pioneres per a l\u2019entrenament d\u2019entrevistes, basades en intel\u00b7lig\u00e8ncia artificial, durant la seua visita al COE. La vicepresidenta primera i consellera de Vivenda, Ocupaci\u00f3, Joventut i Igualtat, <a class=\"mh-excerpt-more\" href=\"https:\/\/www.tucomarca.com\/wordpress\/segunda\/ca\/camarero-destaca-el-paper-del-centre-dorientacio-per-a-locupacio-de-labora-com-a-punt-clau-per-a-millorar-locupabilitat-amb-formules-innovadores-al-servici-de-les-persones\/\" title=\"Camarero destaca el paper del Centre d\u2019Orientaci\u00f3 per a l\u2019Ocupaci\u00f3 de Labora com a punt clau per a millorar l\u2019ocupabilitat amb f\u00f3rmules innovadores al servici de les persones\">[+] <\/a><\/div>\n","protected":false},"author":12,"featured_media":300429,"comment_status":"closed","ping_status":"open","sticky":false,"template":"","format":"standard","meta":{"footnotes":""},"categories":[10898,10948,10894,10904,10947,10896],"tags":[11498,11485,21391],"class_list":{"0":"post-300426","1":"post","2":"type-post","3":"status-publish","4":"format-standard","5":"has-post-thumbnail","7":"category-ventana-ca","8":"category-infraestructuras-ca","9":"category-la-comarca-ca","10":"category-sin-categorizar-ca","11":"category-politica","12":"category-seccion-ca","13":"tag-generalitat-valenciana-ca","14":"tag-labora-ca","15":"tag-susana-camarero-ca"},"_links":{"self":[{"href":"https:\/\/www.tucomarca.com\/wordpress\/segunda\/ca\/wp-json\/wp\/v2\/posts\/300426","targetHints":{"allow":["GET"]}}],"collection":[{"href":"https:\/\/www.tucomarca.com\/wordpress\/segunda\/ca\/wp-json\/wp\/v2\/posts"}],"about":[{"href":"https:\/\/www.tucomarca.com\/wordpress\/segunda\/ca\/wp-json\/wp\/v2\/types\/post"}],"author":[{"embeddable":true,"href":"https:\/\/www.tucomarca.com\/wordpress\/segunda\/ca\/wp-json\/wp\/v2\/users\/12"}],"replies":[{"embeddable":true,"href":"https:\/\/www.tucomarca.com\/wordpress\/segunda\/ca\/wp-json\/wp\/v2\/comments?post=300426"}],"version-history":[{"count":4,"href":"https:\/\/www.tucomarca.com\/wordpress\/segunda\/ca\/wp-json\/wp\/v2\/posts\/300426\/revisions"}],"predecessor-version":[{"id":300535,"href":"https:\/\/www.tucomarca.com\/wordpress\/segunda\/ca\/wp-json\/wp\/v2\/posts\/300426\/revisions\/300535"}],"wp:featuredmedia":[{"embeddable":true,"href":"https:\/\/www.tucomarca.com\/wordpress\/segunda\/ca\/wp-json\/wp\/v2\/media\/300429"}],"wp:attachment":[{"href":"https:\/\/www.tucomarca.com\/wordpress\/segunda\/ca\/wp-json\/wp\/v2\/media?parent=300426"}],"wp:term":[{"taxonomy":"category","embeddable":true,"href":"https:\/\/www.tucomarca.com\/wordpress\/segunda\/ca\/wp-json\/wp\/v2\/categories?post=300426"},{"taxonomy":"post_tag","embeddable":true,"href":"https:\/\/www.tucomarca.com\/wordpress\/segunda\/ca\/wp-json\/wp\/v2\/tags?post=300426"}],"curies":[{"name":"wp","href":"https:\/\/api.w.org\/{rel}","templated":true}]}}