{"id":300441,"date":"2026-04-30T12:05:00","date_gmt":"2026-04-30T10:05:00","guid":{"rendered":"https:\/\/www.tucomarca.com\/wordpress\/segunda\/?p=300441"},"modified":"2026-04-30T21:29:40","modified_gmt":"2026-04-30T19:29:40","slug":"la-generalitat-activa-una-linia-dajudes-per-a-enfortir-la-capacitat-dadaptacio-dels-territoris-valencians-davant-dels-impactes-meteorologics","status":"publish","type":"post","link":"https:\/\/www.tucomarca.com\/wordpress\/segunda\/ca\/la-generalitat-activa-una-linia-dajudes-per-a-enfortir-la-capacitat-dadaptacio-dels-territoris-valencians-davant-dels-impactes-meteorologics\/","title":{"rendered":"La Generalitat activa una l\u00ednia d\u2019ajudes per a enfortir la capacitat d\u2019adaptaci\u00f3 dels territoris valencians davant dels impactes meteorol\u00f2gics"},"content":{"rendered":"\n<h3 class=\"wp-block-heading\">El termini de sol\u00b7licitud per als plans d\u2019acci\u00f3 est\u00e0 obert fins al 30 d\u2019abril.<\/h3>\n\n\n\n<h3 class=\"wp-block-heading\">Inclou tamb\u00e9 suport espec\u00edfic per a la redacci\u00f3 dels plans d\u2019acci\u00f3 per al clima i l\u2019energia sostenible per part dels municipis.<\/h3>\n\n\n\n<p>La Generalitat Valenciana ha posat en marxa una l\u00ednia d\u2019ajudes destinada a impulsar actuacions per a la sobirania energ\u00e8tica, la resili\u00e8ncia del territori i l\u2019adaptaci\u00f3 als efectes meteorol\u00f2gics adversos, que inclou tamb\u00e9 suport espec\u00edfic per a la redacci\u00f3 dels plans d\u2019acci\u00f3 per al clima i l\u2019energia sostenible (PAUS) per part dels municipis.<\/p>\n\n\n\n<p>L\u2019objectiu d\u2019esta convocat\u00f2ria \u00e9s enfortir la capacitat d\u2019adaptaci\u00f3 dels territoris valencians davant dels impactes meteorol\u00f2gics. Entre les actuacions subvencionables es troben projectes de renaturalitzaci\u00f3 de parcs i jardins, increment i millora de l\u2019arbratge urb\u00e0, creaci\u00f3 d\u2019infraestructura verda, implantaci\u00f3 de zones d\u2019ombra, aix\u00ed com intervencions que contribu\u00efxen a mitigar l\u2019efecte illa de calor i refor\u00e7ar la biodiversitat urbana. Aix\u00ed mateix, es preveu la integraci\u00f3 d\u2019energies renovables en instal\u00b7lacions municipals.<\/p>\n\n\n\n<p>El termini de sol\u00b7licitud roman obert fins al 29 d\u2019abril per a les ajudes destinades a la sobirania energ\u00e8tica del municipi i resili\u00e8ncia del territori, i fins al 30 d\u2019abril per a la redacci\u00f3 dels plans d\u2019acci\u00f3 per al clima i l\u2019energia sostenible (PAUS). Tota la informaci\u00f3 relativa a estes convocat\u00f2ries es pot consultar en el DOGV n\u00fameros&nbsp;<a href=\"https:\/\/dogv.gva.es\/datos\/2026\/04\/08\/pdf\/2026_10272_va.pdf\">10337<\/a>&nbsp;i&nbsp;<a href=\"https:\/\/dogv.gva.es\/datos\/2026\/04\/09\/pdf\/2026_10271_va.pdf\">10338<\/a>, dels dies 8 i 9 d\u2019abril, respectivament, aix\u00ed com en la web de la Generalitat.&nbsp;<\/p>\n\n\n\n<p>La convocat\u00f2ria inclou tamb\u00e9 ajudes per a l\u2019elaboraci\u00f3 o actualitzaci\u00f3 dels plans d\u2019acci\u00f3 per al clima i l\u2019energia sostenible (PAUS), una ferramenta fonamental perqu\u00e8 els municipis puguen identificar riscos clim\u00e0tics, planificar mesures d\u2019adaptaci\u00f3 i mitigaci\u00f3 i definir actuacions concretes davant de fen\u00f2mens meteorol\u00f2gics adversos.<\/p>\n\n\n\n<p>Com a element destacat, els criteris de valoraci\u00f3 de les actuacions d\u2019adaptaci\u00f3 incorporen una puntuaci\u00f3 addicional de 10 punts per a les iniciatives dirigides a la renaturalitzaci\u00f3 d\u2019espais escolars, amb la finalitat de millorar el confort t\u00e8rmic en els centres educatius.&nbsp;<\/p>\n\n\n\n<p>D\u2019esta manera, la Generalitat refor\u00e7a la planificaci\u00f3 clim\u00e0tica municipal com a element clau per a una anticipaci\u00f3 efica\u00e7 i una gesti\u00f3 responsable dels impactes mediambientals, alineant les pol\u00edtiques locals amb els objectius auton\u00f2mics i europeus en mat\u00e8ria d\u2019acci\u00f3 clim\u00e0tica i resili\u00e8ncia territorial.<\/p>\n","protected":false},"excerpt":{"rendered":"<div class=\"mh-excerpt\">El termini de sol\u00b7licitud per als plans d\u2019acci\u00f3 est\u00e0 obert fins al 30 d\u2019abril. Inclou tamb\u00e9 suport espec\u00edfic per a la redacci\u00f3 dels plans d\u2019acci\u00f3 per al clima i l\u2019energia sostenible per part dels municipis. <a class=\"mh-excerpt-more\" href=\"https:\/\/www.tucomarca.com\/wordpress\/segunda\/ca\/la-generalitat-activa-una-linia-dajudes-per-a-enfortir-la-capacitat-dadaptacio-dels-territoris-valencians-davant-dels-impactes-meteorologics\/\" title=\"La Generalitat activa una l\u00ednia d\u2019ajudes per a enfortir la capacitat d\u2019adaptaci\u00f3 dels territoris valencians davant dels impactes meteorol\u00f2gics\">[+] <\/a><\/div>\n","protected":false},"author":12,"featured_media":300440,"comment_status":"closed","ping_status":"open","sticky":false,"template":"","format":"standard","meta":{"footnotes":""},"categories":[21466,10898,10948,10894,10904,10903,10947,10896,10897],"tags":[11498,24244],"class_list":{"0":"post-300441","1":"post","2":"type-post","3":"status-publish","4":"format-standard","5":"has-post-thumbnail","7":"category-dana-ca","8":"category-ventana-ca","9":"category-infraestructuras-ca","10":"category-la-comarca-ca","11":"category-sin-categorizar-ca","12":"category-medio-ambiente-la-comarca-ca","13":"category-politica","14":"category-seccion-ca","15":"category-sucesos-la-comarca-ca","16":"tag-generalitat-valenciana-ca","17":"tag-impactos-meteorologicos"},"_links":{"self":[{"href":"https:\/\/www.tucomarca.com\/wordpress\/segunda\/ca\/wp-json\/wp\/v2\/posts\/300441","targetHints":{"allow":["GET"]}}],"collection":[{"href":"https:\/\/www.tucomarca.com\/wordpress\/segunda\/ca\/wp-json\/wp\/v2\/posts"}],"about":[{"href":"https:\/\/www.tucomarca.com\/wordpress\/segunda\/ca\/wp-json\/wp\/v2\/types\/post"}],"author":[{"embeddable":true,"href":"https:\/\/www.tucomarca.com\/wordpress\/segunda\/ca\/wp-json\/wp\/v2\/users\/12"}],"replies":[{"embeddable":true,"href":"https:\/\/www.tucomarca.com\/wordpress\/segunda\/ca\/wp-json\/wp\/v2\/comments?post=300441"}],"version-history":[{"count":2,"href":"https:\/\/www.tucomarca.com\/wordpress\/segunda\/ca\/wp-json\/wp\/v2\/posts\/300441\/revisions"}],"predecessor-version":[{"id":300537,"href":"https:\/\/www.tucomarca.com\/wordpress\/segunda\/ca\/wp-json\/wp\/v2\/posts\/300441\/revisions\/300537"}],"wp:featuredmedia":[{"embeddable":true,"href":"https:\/\/www.tucomarca.com\/wordpress\/segunda\/ca\/wp-json\/wp\/v2\/media\/300440"}],"wp:attachment":[{"href":"https:\/\/www.tucomarca.com\/wordpress\/segunda\/ca\/wp-json\/wp\/v2\/media?parent=300441"}],"wp:term":[{"taxonomy":"category","embeddable":true,"href":"https:\/\/www.tucomarca.com\/wordpress\/segunda\/ca\/wp-json\/wp\/v2\/categories?post=300441"},{"taxonomy":"post_tag","embeddable":true,"href":"https:\/\/www.tucomarca.com\/wordpress\/segunda\/ca\/wp-json\/wp\/v2\/tags?post=300441"}],"curies":[{"name":"wp","href":"https:\/\/api.w.org\/{rel}","templated":true}]}}