{"id":300474,"date":"2026-04-30T09:00:00","date_gmt":"2026-04-30T07:00:00","guid":{"rendered":"https:\/\/www.tucomarca.com\/wordpress\/segunda\/?p=300474"},"modified":"2026-04-30T21:18:06","modified_gmt":"2026-04-30T19:18:06","slug":"godelleta-celebra-amb-gran-exit-la-seua-i-fira-del-llibre-i-consolida-un-nou-espai-cultural-per-a-tot-el-municipi","status":"publish","type":"post","link":"https:\/\/www.tucomarca.com\/wordpress\/segunda\/ca\/godelleta-celebra-amb-gran-exit-la-seua-i-fira-del-llibre-i-consolida-un-nou-espai-cultural-per-a-tot-el-municipi\/","title":{"rendered":"Godelleta celebra amb gran \u00e8xit la seua I Fira del Llibre i consolida un nou espai cultural per a tot el municipi"},"content":{"rendered":"\n<h3 class=\"wp-block-heading\">La Pla\u00e7a Espanya va acollir dissabte passat &#8220;La Pla\u00e7a dels Llibres&#8221;, amb la participaci\u00f3 de m\u00e9s d&#8217;una quinzena d&#8217;autors i autores, editorials, llibreries i entitats, i centenars de ve\u00efns i ve\u00efnes.<\/h3>\n\n\n\n<h3 class=\"wp-block-heading\">Tallers creatius, contacontes, jocs, sortejos i signatures de llibres van configurar una jornada festiva i participativa per a tots els p\u00fablics.<\/h3>\n\n\n\n<h3 class=\"wp-block-heading\">La I Fira del Llibre naix amb vocaci\u00f3 de consolidar-se com a cita cultural de refer\u00e8ncia en el calendari municipal de Godelleta.<\/h3>\n\n\n\n<p><br>La Pla\u00e7a Espanya de Godelleta es va transformar dissabte passat 25 d&#8217;abril en &#8220;La Pla\u00e7a dels Llibres&#8221;, escenari de la I Fira del Llibre de Godelleta, una jornada cultural que va reunir a centenars de ve\u00efns i ve\u00efnes entorn de la lectura, la creativitat i la cultura. La iniciativa, impulsada per la Biblioteca Municipal en col\u00b7laboraci\u00f3 amb l&#8217;Ajuntament, va superar totes les expectatives en la seua primera edici\u00f3 i es consolida ja com una nova cita en el calendari cultural del municipi.<\/p>\n\n\n\n<p>Des de les #10:00 hores, la pla\u00e7a va acollir un ambient festiu i familiar en el qual van conviure signatures de llibres i tallers creatius per a totes les edats: elaboraci\u00f3 de marionetes, bosses i marcap\u00e1ginas pintats a m\u00e0, i un lloc per a crear un exlibris propi des de zero. Van completar la jornada jocs de taula, fotoreclam, pintacaras i una sessi\u00f3 de contacontes amb &#8220;el Petit Pr\u00edncep&#8221; que va congregar a la inf\u00e0ncia del municipi.<\/p>\n\n\n\n<p>Durant tot el mat\u00ed, la ciutadania va poder gaudir tamb\u00e9 de les pizzes recentment fetes en forn de llenya de Manolo Mosconi, pizzer d&#8217;esdeveniments resident a Godelleta, que va delectar als i les assistents tant amb les seues receptes casolanes com amb les seues acrob\u00e0cies i espectacle amb la massa. La jornada matinal va tancar a les #14:00 hores amb el sorteig entre les quasi 200 paperetes obtingudes en realitzar compres en els estands, que va premiar a les dues persones guanyadores entre els aplaudiments de tots i totes les assistents.<\/p>\n\n\n\n<figure class=\"wp-block-gallery has-nested-images columns-2 is-cropped wp-block-gallery-1 is-layout-flex wp-block-gallery-is-layout-flex\">\n<figure class=\"wp-block-image size-large\"><img loading=\"lazy\" decoding=\"async\" width=\"945\" height=\"531\" data-id=\"300467\" src=\"https:\/\/www.tucomarca.com\/wordpress\/segunda\/wp-content\/uploads\/2026\/04\/GodelletaFeriaLibro2.jpg\" alt=\"\" class=\"wp-image-300467\" srcset=\"https:\/\/www.tucomarca.com\/wordpress\/segunda\/wp-content\/uploads\/2026\/04\/GodelletaFeriaLibro2.jpg 945w, https:\/\/www.tucomarca.com\/wordpress\/segunda\/wp-content\/uploads\/2026\/04\/GodelletaFeriaLibro2-300x169.jpg 300w, https:\/\/www.tucomarca.com\/wordpress\/segunda\/wp-content\/uploads\/2026\/04\/GodelletaFeriaLibro2-768x432.jpg 768w, https:\/\/www.tucomarca.com\/wordpress\/segunda\/wp-content\/uploads\/2026\/04\/GodelletaFeriaLibro2-678x381.jpg 678w\" sizes=\"auto, (max-width: 945px) 100vw, 945px\" \/><\/figure>\n\n\n\n<figure class=\"wp-block-image size-large\"><img loading=\"lazy\" decoding=\"async\" width=\"945\" height=\"532\" data-id=\"300471\" src=\"https:\/\/www.tucomarca.com\/wordpress\/segunda\/wp-content\/uploads\/2026\/04\/GodelletaFeriaLibro4.jpg\" alt=\"\" class=\"wp-image-300471\" srcset=\"https:\/\/www.tucomarca.com\/wordpress\/segunda\/wp-content\/uploads\/2026\/04\/GodelletaFeriaLibro4.jpg 945w, https:\/\/www.tucomarca.com\/wordpress\/segunda\/wp-content\/uploads\/2026\/04\/GodelletaFeriaLibro4-300x169.jpg 300w, https:\/\/www.tucomarca.com\/wordpress\/segunda\/wp-content\/uploads\/2026\/04\/GodelletaFeriaLibro4-768x432.jpg 768w, https:\/\/www.tucomarca.com\/wordpress\/segunda\/wp-content\/uploads\/2026\/04\/GodelletaFeriaLibro4-678x381.jpg 678w\" sizes=\"auto, (max-width: 945px) 100vw, 945px\" \/><\/figure>\n\n\n\n<figure class=\"wp-block-image size-large\"><img loading=\"lazy\" decoding=\"async\" width=\"945\" height=\"532\" data-id=\"300465\" src=\"https:\/\/www.tucomarca.com\/wordpress\/segunda\/wp-content\/uploads\/2026\/04\/GodelletaFeriaLibro1.jpg\" alt=\"\" class=\"wp-image-300465\" srcset=\"https:\/\/www.tucomarca.com\/wordpress\/segunda\/wp-content\/uploads\/2026\/04\/GodelletaFeriaLibro1.jpg 945w, https:\/\/www.tucomarca.com\/wordpress\/segunda\/wp-content\/uploads\/2026\/04\/GodelletaFeriaLibro1-300x169.jpg 300w, https:\/\/www.tucomarca.com\/wordpress\/segunda\/wp-content\/uploads\/2026\/04\/GodelletaFeriaLibro1-768x432.jpg 768w, https:\/\/www.tucomarca.com\/wordpress\/segunda\/wp-content\/uploads\/2026\/04\/GodelletaFeriaLibro1-678x381.jpg 678w\" sizes=\"auto, (max-width: 945px) 100vw, 945px\" \/><\/figure>\n<\/figure>\n\n\n\n<p>La fira va comptar amb la participaci\u00f3 de m\u00e9s d&#8217;una quinzena d&#8217;autors i autores locals o de poblacions ve\u00efnes, que van signar exemplars al llarg de tot el mat\u00ed: Amparo Peris, Helga Fern\u00e1ndez, Xavier Mart\u00ednez, Marta Roso, Carmen Yeves, Bel\u00e9n L\u00f3pez, Sonia V\u00e1zquez, Jos\u00e9 Dt. Mira, Ana Torrero, Teodoro Vallet, Eli Esteve, Pablo Rodr\u00edguez Cort\u00e9s, Emilio Preciado Terrades i Federico Verdet G\u00f3mez, entre altres. La fira va acollir tamb\u00e9 a artistes que van pintar en directe, com John Clark i Heidy Greising, i va comptar amb la pres\u00e8ncia d&#8217;editorials com Bromera i Vinatea, la llibreria Librolandia, la Papereria Miguel Antonio i entitats com l&#8217;Associaci\u00f3 de Lectura F\u00e0cil de la Comunitat Valenciana, la Fundaci\u00f3 Vicente Ferrer, CataRoja, la Mancomunitat Foia de Bunyol-Xiva, Foia Diversa, Naturae i La Colmena Domo.<\/p>\n\n\n\n<p>L&#8217;exitosa jornada va ser tamb\u00e9 el resultat d&#8217;un treball previ compartit amb la comunitat. La inf\u00e0ncia del municipi va participar en tallers de manualitats previs a l&#8217;esdeveniment, elaborant decoracions que van formar part de la pr\u00f2pia fira. Un grup de persones volunt\u00e0ries del municipi va sumar a m\u00e9s el seu temps i dedicaci\u00f3 a l&#8217;organitzaci\u00f3, convertint la iniciativa en un projecte verdaderament col\u00b7lectiu.<\/p>\n\n\n\n<p>La regidora d&#8217;Educaci\u00f3, Cultura, Festes i Serveis Municipals, Paqui Rico L\u00e1zaro, va valorar molt positivament el resultat: \u201chem vist a Godelleta bolcar-se amb la seua primera Fira del Llibre i aix\u00f2 \u00e9s exactament el que busc\u00e0vem: que la cultura siga un punt de trobada per a tot el ve\u00efnat.<\/p>\n\n\n\n<p>Aquesta primera edici\u00f3 ens ha demostrat que hi havia molt d&#8217;inter\u00e9s i que tenim capacitat per a organitzar esdeveniments culturals de primer nivell. Continuarem treballant perqu\u00e8 l&#8217;any que ve siga encara millor. I tot aix\u00f2 no hauria sigut possible sense Maite Pic\u00f3, la nostra bibliotec\u00e0ria, que ha dedicat mesos de treball, il\u00b7lusi\u00f3 i esfor\u00e7 per a fer realitat aquesta primera edici\u00f3.\u201d<\/p>\n\n\n\n<p>La bibliotec\u00e0ria municipal, Maite Pic\u00f3, principal impulsora de la fira, va expressar la seua satisfacci\u00f3 despr\u00e9s de l&#8217;\u00e8xit de la jornada: &#8220;Veure la pla\u00e7a plena de fam\u00edlies, de xiquets i xiquetes amb llibres a la m\u00e0, de ve\u00efns i ve\u00efnes descobrint autors nous&#8230; \u00e9s el millor resultat possible. Aix\u00f2 \u00e9s el que fa la biblioteca: obrir portes. I l&#8217;\u00e8xit de la Fira ens demostra una vegada m\u00e9s que la ciutadania de Godelleta est\u00e0 bolcada amb la cultura, i que el poble est\u00e0 m\u00e9s viu que mai.\u201d<\/p>\n\n\n\n<p>La jornada es va completar a la vesprada amb el concert del VII Cicle de M\u00fasica de Cambra de Godelleta, que va acollir en la sala d&#8217;actes de l&#8217;Ajuntament les actuacions de Liblikad Duo i el Trio Aurum Ventorum a benefici de Payasospital.<\/p>\n","protected":false},"excerpt":{"rendered":"<div class=\"mh-excerpt\">La Pla\u00e7a Espanya va acollir dissabte passat &#8220;La Pla\u00e7a dels Llibres&#8221;, amb la participaci\u00f3 de m\u00e9s d&#8217;una quinzena d&#8217;autors i autores, editorials, llibreries i entitats, i centenars de ve\u00efns i ve\u00efnes. Tallers creatius, contacontes, jocs, <a class=\"mh-excerpt-more\" href=\"https:\/\/www.tucomarca.com\/wordpress\/segunda\/ca\/godelleta-celebra-amb-gran-exit-la-seua-i-fira-del-llibre-i-consolida-un-nou-espai-cultural-per-a-tot-el-municipi\/\" title=\"Godelleta celebra amb gran \u00e8xit la seua I Fira del Llibre i consolida un nou espai cultural per a tot el municipi\">[+] <\/a><\/div>\n","protected":false},"author":12,"featured_media":300470,"comment_status":"closed","ping_status":"open","sticky":false,"template":"","format":"gallery","meta":{"footnotes":""},"categories":[10977,10894,10912,11007,10896],"tags":[17067,11087,10914],"class_list":{"0":"post-300474","1":"post","2":"type-post","3":"status-publish","4":"format-gallery","5":"has-post-thumbnail","7":"category-godelleta-ca","8":"category-la-comarca-ca","9":"category-la-hoya-ca","10":"category-ocio-y-cultura-ca","11":"category-seccion-ca","12":"tag-feria-del-libro-ca","13":"tag-godelleta-ca","14":"tag-la-hoya-de-bunol-chiva-ca","15":"post_format-post-format-gallery"},"_links":{"self":[{"href":"https:\/\/www.tucomarca.com\/wordpress\/segunda\/ca\/wp-json\/wp\/v2\/posts\/300474","targetHints":{"allow":["GET"]}}],"collection":[{"href":"https:\/\/www.tucomarca.com\/wordpress\/segunda\/ca\/wp-json\/wp\/v2\/posts"}],"about":[{"href":"https:\/\/www.tucomarca.com\/wordpress\/segunda\/ca\/wp-json\/wp\/v2\/types\/post"}],"author":[{"embeddable":true,"href":"https:\/\/www.tucomarca.com\/wordpress\/segunda\/ca\/wp-json\/wp\/v2\/users\/12"}],"replies":[{"embeddable":true,"href":"https:\/\/www.tucomarca.com\/wordpress\/segunda\/ca\/wp-json\/wp\/v2\/comments?post=300474"}],"version-history":[{"count":1,"href":"https:\/\/www.tucomarca.com\/wordpress\/segunda\/ca\/wp-json\/wp\/v2\/posts\/300474\/revisions"}],"predecessor-version":[{"id":300476,"href":"https:\/\/www.tucomarca.com\/wordpress\/segunda\/ca\/wp-json\/wp\/v2\/posts\/300474\/revisions\/300476"}],"wp:featuredmedia":[{"embeddable":true,"href":"https:\/\/www.tucomarca.com\/wordpress\/segunda\/ca\/wp-json\/wp\/v2\/media\/300470"}],"wp:attachment":[{"href":"https:\/\/www.tucomarca.com\/wordpress\/segunda\/ca\/wp-json\/wp\/v2\/media?parent=300474"}],"wp:term":[{"taxonomy":"category","embeddable":true,"href":"https:\/\/www.tucomarca.com\/wordpress\/segunda\/ca\/wp-json\/wp\/v2\/categories?post=300474"},{"taxonomy":"post_tag","embeddable":true,"href":"https:\/\/www.tucomarca.com\/wordpress\/segunda\/ca\/wp-json\/wp\/v2\/tags?post=300474"}],"curies":[{"name":"wp","href":"https:\/\/api.w.org\/{rel}","templated":true}]}}