{"id":300484,"date":"2026-04-30T12:15:00","date_gmt":"2026-04-30T10:15:00","guid":{"rendered":"https:\/\/www.tucomarca.com\/wordpress\/segunda\/?p=300484"},"modified":"2026-04-30T21:15:02","modified_gmt":"2026-04-30T19:15:02","slug":"la-generalitat-i-la-diputacio-de-valencia-estretixen-la-seua-collaboracio-per-a-fomentar-la-transparencia-i-la-participacio-ciutadana-en-lambit-local","status":"publish","type":"post","link":"https:\/\/www.tucomarca.com\/wordpress\/segunda\/ca\/la-generalitat-i-la-diputacio-de-valencia-estretixen-la-seua-collaboracio-per-a-fomentar-la-transparencia-i-la-participacio-ciutadana-en-lambit-local\/","title":{"rendered":"La Generalitat i la Diputaci\u00f3 de Val\u00e8ncia estretixen la seua col\u00b7laboraci\u00f3 per a fomentar la transpar\u00e8ncia i la participaci\u00f3 ciutadana en l\u2019\u00e0mbit local"},"content":{"rendered":"\n<h3 class=\"wp-block-heading\">Nuria Mart\u00ednez\u00a0tanca amb la diputada Amparo Folgado la ronda de trobades amb les tres diputacions provincials per a afermar vies de col\u00b7laboraci\u00f3.<\/h3>\n\n\n\n<p>La consellera de Just\u00edcia, Transpar\u00e8ncia i Participaci\u00f3, Nuria Mart\u00ednez, ha mantingut una reuni\u00f3 de treball amb la diputada de Govern Obert i Integritat Institucional de la Diputaci\u00f3 de Val\u00e8ncia, Amparo Folgado, amb l\u2019objectiu d\u2019afermar la cooperaci\u00f3 institucional en mat\u00e8ria de transpar\u00e8ncia, participaci\u00f3 ciutadana i bon govern.<\/p>\n\n\n\n<p>Esta trobada tanca la ronda de contactes que la titular de Just\u00edcia ha mantingut amb els responsables de les tres corporacions provincials de la Comunitat Valenciana per a coordinar accions conjuntes i optimitzar els recursos p\u00fablics destinats a fomentar la integritat institucional.<\/p>\n\n\n\n<p>Durant la reuni\u00f3, Mart\u00ednez i Folgado han abordat la renovaci\u00f3 i actualitzaci\u00f3 dels convenis de col\u00b7laboraci\u00f3 en mat\u00e8ria de participaci\u00f3 i transpar\u00e8ncia. En este sentit, la consellera ha destacat la import\u00e0ncia que les administracions treballen \u201cde manera sincronitzada per a oferir a la ciutadania una gesti\u00f3 p\u00fablica pr\u00f2xima i eficient\u201d.<\/p>\n\n\n\n<p>En la trobada tamb\u00e9 han participat la secret\u00e0ria auton\u00f2mica de Transpar\u00e8ncia i Participaci\u00f3, Carmen Uriol, el director general de Transpar\u00e8ncia, Jorge Bellver, i el director general de Participaci\u00f3, Jos\u00e9 T\u00e1rrega.<\/p>\n\n\n\n<p>Amb esta reuni\u00f3, la Conselleria de Just\u00edcia, Transpar\u00e8ncia i Participaci\u00f3 consolida un front com\u00fa amb les tres diputacions per a avan\u00e7ar en un model d\u2019administraci\u00f3 oberta i pr\u00f2xima als ciutadans de les prov\u00edncies d\u2019Alacant, Castell\u00f3 i Val\u00e8ncia.<\/p>\n","protected":false},"excerpt":{"rendered":"<div class=\"mh-excerpt\">Nuria Mart\u00ednez\u00a0tanca amb la diputada Amparo Folgado la ronda de trobades amb les tres diputacions provincials per a afermar vies de col\u00b7laboraci\u00f3. La consellera de Just\u00edcia, Transpar\u00e8ncia i Participaci\u00f3, Nuria Mart\u00ednez, ha mantingut una reuni\u00f3 <a class=\"mh-excerpt-more\" href=\"https:\/\/www.tucomarca.com\/wordpress\/segunda\/ca\/la-generalitat-i-la-diputacio-de-valencia-estretixen-la-seua-collaboracio-per-a-fomentar-la-transparencia-i-la-participacio-ciutadana-en-lambit-local\/\" title=\"La Generalitat i la Diputaci\u00f3 de Val\u00e8ncia estretixen la seua col\u00b7laboraci\u00f3 per a fomentar la transpar\u00e8ncia i la participaci\u00f3 ciutadana en l\u2019\u00e0mbit local\">[+] <\/a><\/div>\n","protected":false},"author":12,"featured_media":300483,"comment_status":"closed","ping_status":"open","sticky":false,"template":"","format":"standard","meta":{"footnotes":""},"categories":[10898,10948,10894,10904,10947,10896],"tags":[11246,11498,12621],"class_list":{"0":"post-300484","1":"post","2":"type-post","3":"status-publish","4":"format-standard","5":"has-post-thumbnail","7":"category-ventana-ca","8":"category-infraestructuras-ca","9":"category-la-comarca-ca","10":"category-sin-categorizar-ca","11":"category-politica","12":"category-seccion-ca","13":"tag-diputacio-de-valencia-ca","14":"tag-generalitat-valenciana-ca","15":"tag-transparencia-ca"},"_links":{"self":[{"href":"https:\/\/www.tucomarca.com\/wordpress\/segunda\/ca\/wp-json\/wp\/v2\/posts\/300484","targetHints":{"allow":["GET"]}}],"collection":[{"href":"https:\/\/www.tucomarca.com\/wordpress\/segunda\/ca\/wp-json\/wp\/v2\/posts"}],"about":[{"href":"https:\/\/www.tucomarca.com\/wordpress\/segunda\/ca\/wp-json\/wp\/v2\/types\/post"}],"author":[{"embeddable":true,"href":"https:\/\/www.tucomarca.com\/wordpress\/segunda\/ca\/wp-json\/wp\/v2\/users\/12"}],"replies":[{"embeddable":true,"href":"https:\/\/www.tucomarca.com\/wordpress\/segunda\/ca\/wp-json\/wp\/v2\/comments?post=300484"}],"version-history":[{"count":3,"href":"https:\/\/www.tucomarca.com\/wordpress\/segunda\/ca\/wp-json\/wp\/v2\/posts\/300484\/revisions"}],"predecessor-version":[{"id":300530,"href":"https:\/\/www.tucomarca.com\/wordpress\/segunda\/ca\/wp-json\/wp\/v2\/posts\/300484\/revisions\/300530"}],"wp:featuredmedia":[{"embeddable":true,"href":"https:\/\/www.tucomarca.com\/wordpress\/segunda\/ca\/wp-json\/wp\/v2\/media\/300483"}],"wp:attachment":[{"href":"https:\/\/www.tucomarca.com\/wordpress\/segunda\/ca\/wp-json\/wp\/v2\/media?parent=300484"}],"wp:term":[{"taxonomy":"category","embeddable":true,"href":"https:\/\/www.tucomarca.com\/wordpress\/segunda\/ca\/wp-json\/wp\/v2\/categories?post=300484"},{"taxonomy":"post_tag","embeddable":true,"href":"https:\/\/www.tucomarca.com\/wordpress\/segunda\/ca\/wp-json\/wp\/v2\/tags?post=300484"}],"curies":[{"name":"wp","href":"https:\/\/api.w.org\/{rel}","templated":true}]}}