{"id":300491,"date":"2026-04-30T12:30:00","date_gmt":"2026-04-30T10:30:00","guid":{"rendered":"https:\/\/www.tucomarca.com\/wordpress\/segunda\/?p=300491"},"modified":"2026-04-30T21:06:52","modified_gmt":"2026-04-30T19:06:52","slug":"ava-asaja-denuncia-una-onada-de-robatoris-en-pous-de-reg-a-la-ribera-alta-i-lhorta-sud","status":"publish","type":"post","link":"https:\/\/www.tucomarca.com\/wordpress\/segunda\/ca\/ava-asaja-denuncia-una-onada-de-robatoris-en-pous-de-reg-a-la-ribera-alta-i-lhorta-sud\/","title":{"rendered":"AVA-Asaja denuncia una onada de robatoris en pous de reg a la Ribera Alta i l&#8217;Horta\u00a0Sud"},"content":{"rendered":"\n<h3 class=\"wp-block-heading\">L&#8217;organitzaci\u00f3 recomana instal\u00b7lar tecnologies de seguretat en aquestes instal\u00b7lacions i exigeix una aplicaci\u00f3 efectiva en el medi rural de la llei sobre la multireincid\u00e8ncia.<\/h3>\n\n\n\n<p>L&#8217;Associaci\u00f3 Valenciana d&#8217;Agricultors (AVA-Asaja) alerta d&#8217;una preocupant onada de robatoris en pous de reg que est\u00e0 afectant de manera significativa a explotacions agr\u00e0ries de les comarques de la Ribera Alta i l&#8217;Horta&nbsp;Sud. Aquests actes delictius estan provocant importants danys en les infraestructures de reg, fins al punt d&#8217;impossibilitar en molts casos el normal desenvolupament de l&#8217;activitat agr\u00edcola.<\/p>\n\n\n\n<p>Segons denuncien els agricultors afectats, els assaltants sostrauen materials d&#8217;alt valor en el mercat il\u00b7legal, com a coure, bateries, cablejat el\u00e8ctric, bombes d&#8217;extracci\u00f3 d&#8217;aigua i equips electr\u00f2nics. Aix\u00ed mateix, tamb\u00e9 \u00e9s habitual el robatori de combustible emmagatzemat en aquestes instal\u00b7lacions, la qual cosa agreuja encara m\u00e9s l&#8217;impacte econ\u00f2mic d&#8217;aquests delictes. El problema no es limita \u00fanicament als costos derivats de la reposici\u00f3 dels materials robats o de la reparaci\u00f3 de les infraestructures danyades. La paralitzaci\u00f3 dels sistemes de reg pot provocar p\u00e8rdues molt importants en les collites, especialment en per\u00edodes cr\u00edtics de desenvolupament dels cultius, si les reparacions no es duen a terme amb la suficient rapidesa.<\/p>\n\n\n\n<p>Aix\u00ed ho detalla Joaqu\u00edn, un agricultor de Montroi&nbsp;afectat, el pou de reg del qual va ser \u201ccompletament desvalisat, robant el transformador i tot el cablejat\u201d. En aquesta l\u00ednia, assegura que l&#8217;import de les p\u00e8rdues i les reparacions ascendeix a \u201cuns 15.000 euros\u201d. \u201cS\u00f3n grups delictius que van amb maquin\u00e0ria i preparats, amb radials i eines per a cometre el delicte, aix\u00f2 no \u00e9s una q\u00fcesti\u00f3 d&#8217;entrar i eixir en dos minuts\u201d, apunta l&#8217;afectat.<br><br><strong>Sistemes dissuasius per a incrementar la seguretat<\/strong><\/p>\n\n\n\n<p>Davant aquest escenari, AVA-Asaja recomana als agricultors la instal\u00b7laci\u00f3 de dispositius de seguretat com a mesura preventiva. Aquests sistemes resulten efica\u00e7os perqu\u00e8 incrementen la dificultat, el risc i el cost de cometre robatoris, la qual cosa actua com a element dissuasiu. A m\u00e9s, permeten alertar en temps real d&#8217;intrusions, recopilar proves mitjan\u00e7ant imatges o gravacions, protegir els elements m\u00e9s valuosos de les instal\u00b7lacions i evitar la repetici\u00f3 dels delictes.<\/p>\n\n\n\n<p>Des de l&#8217;entitat s&#8217;ha exigit una aplicaci\u00f3 efectiva en el medi rural de la llei, despr\u00e9s de l&#8217;entrada en vigor de la modificaci\u00f3 del Codi Penal i la Llei d&#8217;Enjudiciament Criminal per a endurir les penes per furts en explotacions agr\u00edcoles i ramaderes i refor\u00e7ar la resposta enfront de la multireincid\u00e8ncia. En aquest sentit, des de AVA-Asaja s&#8217;ha exigit mitjans adequats i coordinaci\u00f3 entre els cossos de seguretat i just\u00edcia.<\/p>\n\n\n\n<p>En aquest sentit, segons estimacions de AVA-Asaja, els robatoris en el sector agrari de la Comunitat Valenciana aconsegueixen anualment p\u00e8rdues pr\u00f2ximes als 30 milions d&#8217;euros. El president de AVA-Asaja, Crist\u00f3bal Aguado, ha manifestat que \u201cels agricultors no poden continuar sent v\u00edctimes indefenses d&#8217;aquesta xacra. Cada robatori no sols suposa un perjudici econ\u00f2mic, sin\u00f3 tamb\u00e9 un colp moral per als qui treballen dia a dia en el camp\u201d.<\/p>\n","protected":false},"excerpt":{"rendered":"<div class=\"mh-excerpt\">L&#8217;organitzaci\u00f3 recomana instal\u00b7lar tecnologies de seguretat en aquestes instal\u00b7lacions i exigeix una aplicaci\u00f3 efectiva en el medi rural de la llei sobre la multireincid\u00e8ncia. L&#8217;Associaci\u00f3 Valenciana d&#8217;Agricultors (AVA-Asaja) alerta d&#8217;una preocupant onada de robatoris en <a class=\"mh-excerpt-more\" href=\"https:\/\/www.tucomarca.com\/wordpress\/segunda\/ca\/ava-asaja-denuncia-una-onada-de-robatoris-en-pous-de-reg-a-la-ribera-alta-i-lhorta-sud\/\" title=\"AVA-Asaja denuncia una onada de robatoris en pous de reg a la Ribera Alta i l&#8217;Horta\u00a0Sud\">[+] <\/a><\/div>\n","protected":false},"author":12,"featured_media":300490,"comment_status":"closed","ping_status":"open","sticky":false,"template":"","format":"standard","meta":{"footnotes":""},"categories":[10905,10898,10948,10894,10902,10903,11001,10947,10896,10897],"tags":[11924,11356,17587],"class_list":{"0":"post-300491","1":"post","2":"type-post","3":"status-publish","4":"format-standard","5":"has-post-thumbnail","7":"category-agricultura-la-comarca-ca","8":"category-ventana-ca","9":"category-infraestructuras-ca","10":"category-la-comarca-ca","11":"category-la-ribera-ca","12":"category-medio-ambiente-la-comarca-ca","13":"category-montroi-ca","14":"category-politica","15":"category-seccion-ca","16":"category-sucesos-la-comarca-ca","17":"tag-ava-asaja-ca","18":"tag-ribera-alta-ca","19":"tag-robos-ca"},"_links":{"self":[{"href":"https:\/\/www.tucomarca.com\/wordpress\/segunda\/ca\/wp-json\/wp\/v2\/posts\/300491","targetHints":{"allow":["GET"]}}],"collection":[{"href":"https:\/\/www.tucomarca.com\/wordpress\/segunda\/ca\/wp-json\/wp\/v2\/posts"}],"about":[{"href":"https:\/\/www.tucomarca.com\/wordpress\/segunda\/ca\/wp-json\/wp\/v2\/types\/post"}],"author":[{"embeddable":true,"href":"https:\/\/www.tucomarca.com\/wordpress\/segunda\/ca\/wp-json\/wp\/v2\/users\/12"}],"replies":[{"embeddable":true,"href":"https:\/\/www.tucomarca.com\/wordpress\/segunda\/ca\/wp-json\/wp\/v2\/comments?post=300491"}],"version-history":[{"count":3,"href":"https:\/\/www.tucomarca.com\/wordpress\/segunda\/ca\/wp-json\/wp\/v2\/posts\/300491\/revisions"}],"predecessor-version":[{"id":300528,"href":"https:\/\/www.tucomarca.com\/wordpress\/segunda\/ca\/wp-json\/wp\/v2\/posts\/300491\/revisions\/300528"}],"wp:featuredmedia":[{"embeddable":true,"href":"https:\/\/www.tucomarca.com\/wordpress\/segunda\/ca\/wp-json\/wp\/v2\/media\/300490"}],"wp:attachment":[{"href":"https:\/\/www.tucomarca.com\/wordpress\/segunda\/ca\/wp-json\/wp\/v2\/media?parent=300491"}],"wp:term":[{"taxonomy":"category","embeddable":true,"href":"https:\/\/www.tucomarca.com\/wordpress\/segunda\/ca\/wp-json\/wp\/v2\/categories?post=300491"},{"taxonomy":"post_tag","embeddable":true,"href":"https:\/\/www.tucomarca.com\/wordpress\/segunda\/ca\/wp-json\/wp\/v2\/tags?post=300491"}],"curies":[{"name":"wp","href":"https:\/\/api.w.org\/{rel}","templated":true}]}}