{"id":300512,"date":"2026-04-30T08:55:00","date_gmt":"2026-04-30T06:55:00","guid":{"rendered":"https:\/\/www.tucomarca.com\/wordpress\/segunda\/?p=300512"},"modified":"2026-04-30T21:32:14","modified_gmt":"2026-04-30T19:32:14","slug":"anecoop-bodegas-reforca-lexpansio-estrategica-dels-seus-vins-al-continent-america","status":"publish","type":"post","link":"https:\/\/www.tucomarca.com\/wordpress\/segunda\/ca\/anecoop-bodegas-reforca-lexpansio-estrategica-dels-seus-vins-al-continent-america\/","title":{"rendered":"Anecoop Bodegas refor\u00e7a l\u2019expansi\u00f3 estrat\u00e8gica dels seus vins al continent americ\u00e0"},"content":{"rendered":"\n<h3 class=\"wp-block-heading\">Participa un any m\u00e9s en Vinexpo Americas amb l\u2019oferta dels seus cellers socis: Cooperativa La Vi\u00f1a, Bodegas Reymos, Bodegas San Mart\u00edn i Proyecto Unsi.<\/h3>\n\n\n\n<h3 class=\"wp-block-heading\">En el seu estand en este certamen desplega la diversitat del seu portfoli, amb especial protagonisme de les refer\u00e8ncies 0.0%, aix\u00ed com de blancs, rosats i escumosos, sense oblidar els negres de segment \u201cpremium\u201d dins de la seua oferta.<\/h3>\n\n\n\n<p><strong>En la seua edici\u00f3 2026, el certamen aposta per la seua expansi\u00f3 a Nord-am\u00e8rica, Centream\u00e8rica i Sud-am\u00e8rica, amb forts vincles amb la regi\u00f3 del Carib, posicionant-se com una important plataforma per a incrementar les exportacions dels seus vins en este continent. Actualment, Anecoop Bodegas comercialitza al voltant d\u2019un mili\u00f3 sis-centes mil botelles als Estats Units.<\/strong><\/p>\n\n\n\n<p>Anecoop Bodegas avan\u00e7a en el seu pla estrat\u00e8gic de promoci\u00f3 internacional dels seus vins. En concret, ha viatjat fins a Miami per a participar els dies 29 i 30 d\u2019abril en Vinexpo Americas, amb un estand propi en el qual est\u00e0 representada l\u2019oferta dels seus cellers socis: Cooperativa La Vi\u00f1a (La Font de la Figuera) i Bodegas Reymos (Cheste), ambdues amb D.O.P. Valencia, i Bodegas San Mart\u00edn i Proyecto Unsi (San Mart\u00edn de Unx), amb D.O. Navarra.<\/p>\n\n\n\n<p>M\u00e9s de 2.000 expositors procedents de m\u00e9s de 20 pa\u00efsos es reunixen en este certamen que, en la seua edici\u00f3 2026, aposta per expandir oportunitats de negoci a Nord-am\u00e8rica, Centream\u00e8rica, Sud-am\u00e8rica i el Carib. Dirigit a un p\u00fablic professional (importadors, distribu\u00efdors, minoristes, sommeliers i operadors d\u2019hostaleria, entre altres), es posiciona com una excel\u00b7lent plataforma per a afermar la pres\u00e8ncia dels seus vins al continent americ\u00e0. Nom\u00e9s als Estats Units, Anecoop Bodegas va comercialitzar en 2025 prop d\u20191,6 milions de botelles.<\/p>\n\n\n\n<p><strong>No-Lo (no alcohol-low alcohol): Anecoop Bodegas respon a les noves tend\u00e8ncies de consum<\/strong><\/p>\n\n\n\n<p>La demanda internacional de vins blancs, rosats i escumosos est\u00e0 experimentant un auge molt important. Un canvi en els h\u00e0bits de consum liderat per un perfil de consumidor m\u00e9s conscient i exigent que valora l\u2019equilibri, la frescor i la lleugeresa per a gaudir amb moderaci\u00f3. Els vins 0.0% s\u00f3n tamb\u00e9 un segment en plena expansi\u00f3. Les noves refer\u00e8ncies dels seus cellers socis en esta categoria no sols enriquixen el portfoli d\u2019Anecoop Bodegas, sin\u00f3 que, a m\u00e9s, posen en valor la seua capacitat per a innovar sense perdre la seua ess\u00e8ncia territorial.<\/p>\n\n\n\n<p>El seu estand en Vinexpo Americas aix\u00ed ho reflectix. Un espai expositiu amb refer\u00e8ncies que responen a la diversitat de gustos, generacions i maneres d\u2019entendre i gaudir del vi que conviuen en l\u2019actualitat. Elaborats per Cooperativa La Vi\u00f1a, estan presents en este certamen la seua emblem\u00e0tica gamma Venta del Puerto (en la seua versi\u00f3 negre, amb el seu N\u00ba 18, i blanc, amb el seu N\u00ba 5), aix\u00ed com la novedosa gamma Juan de Juanes 0.0% en les seues tres versions (negre, blanc i rosat). Bodegas Reymos, amb Amatista Frizzante, Amatista Rosado, L\u2019Bella Brut i L\u2019Bella Rosado, i Bodegas San Mart\u00edn i Proyecto Unsi, amb Unsi blanco 2023 i Unsi tinto 2021, conformen una oferta cridada a conquistar els professionals que es donen cita en este certamen americ\u00e0.<\/p>\n\n\n\n<p><strong>Spanish Soul Wines, la botiga en l\u00ednia d\u2019Anecoop Bodegas als Estats Units<\/strong><\/p>\n\n\n\n<p>La import\u00e0ncia d\u2019este gran mercat per a Anecoop Bodegas va propiciar en 2019 l\u2019obertura d\u2019una oficina comercial a Nova York per a consolidar la pres\u00e8ncia dels seus vins als Estats Units. Des de fa un any, disposa tamb\u00e9 d\u2019una botiga en l\u00ednia, Spanish Soul Wines, <a href=\"https:\/\/spanishsoulwines.com\/\">https:\/\/spanishsoulwines.com\/<\/a>, que, a m\u00e9s de constituir un canal comercial B2C dins del continent, posa a l\u2019abast dels usuaris d\u2019altres pa\u00efsos la possibilitat d\u2019obsequiar amb els seus vins a residents als Estats Units (familiars, amics o compromisos).<\/p>\n\n\n\n<p>Es tracta de l\u2019\u00fanica web de venda de vi espanyol en l\u00ednia als Estats Units, on estan disponibles tant les seues refer\u00e8ncies m\u00e9s consolidades com les noves tend\u00e8ncies 0.0%.<\/p>\n","protected":false},"excerpt":{"rendered":"<div class=\"mh-excerpt\">Participa un any m\u00e9s en Vinexpo Americas amb l\u2019oferta dels seus cellers socis: Cooperativa La Vi\u00f1a, Bodegas Reymos, Bodegas San Mart\u00edn i Proyecto Unsi. En el seu estand en este certamen desplega la diversitat del <a class=\"mh-excerpt-more\" href=\"https:\/\/www.tucomarca.com\/wordpress\/segunda\/ca\/anecoop-bodegas-reforca-lexpansio-estrategica-dels-seus-vins-al-continent-america\/\" title=\"Anecoop Bodegas refor\u00e7a l\u2019expansi\u00f3 estrat\u00e8gica dels seus vins al continent americ\u00e0\">[+] <\/a><\/div>\n","protected":false},"author":12,"featured_media":300510,"comment_status":"closed","ping_status":"open","sticky":false,"template":"","format":"standard","meta":{"footnotes":""},"categories":[11006,10894,10904,10912,11007,10896,10974],"tags":[14667,12655,11071,10914],"class_list":{"0":"post-300512","1":"post","2":"type-post","3":"status-publish","4":"format-standard","5":"has-post-thumbnail","7":"category-canal-vinos","8":"category-la-comarca-ca","9":"category-sin-categorizar-ca","10":"category-la-hoya-ca","11":"category-ocio-y-cultura-ca","12":"category-seccion-ca","13":"category-cheste-ca","14":"tag-anecoop-bodegas-ca","15":"tag-bodegas-reymos-ca","16":"tag-cheste","17":"tag-la-hoya-de-bunol-chiva-ca"},"_links":{"self":[{"href":"https:\/\/www.tucomarca.com\/wordpress\/segunda\/ca\/wp-json\/wp\/v2\/posts\/300512","targetHints":{"allow":["GET"]}}],"collection":[{"href":"https:\/\/www.tucomarca.com\/wordpress\/segunda\/ca\/wp-json\/wp\/v2\/posts"}],"about":[{"href":"https:\/\/www.tucomarca.com\/wordpress\/segunda\/ca\/wp-json\/wp\/v2\/types\/post"}],"author":[{"embeddable":true,"href":"https:\/\/www.tucomarca.com\/wordpress\/segunda\/ca\/wp-json\/wp\/v2\/users\/12"}],"replies":[{"embeddable":true,"href":"https:\/\/www.tucomarca.com\/wordpress\/segunda\/ca\/wp-json\/wp\/v2\/comments?post=300512"}],"version-history":[{"count":2,"href":"https:\/\/www.tucomarca.com\/wordpress\/segunda\/ca\/wp-json\/wp\/v2\/posts\/300512\/revisions"}],"predecessor-version":[{"id":300539,"href":"https:\/\/www.tucomarca.com\/wordpress\/segunda\/ca\/wp-json\/wp\/v2\/posts\/300512\/revisions\/300539"}],"wp:featuredmedia":[{"embeddable":true,"href":"https:\/\/www.tucomarca.com\/wordpress\/segunda\/ca\/wp-json\/wp\/v2\/media\/300510"}],"wp:attachment":[{"href":"https:\/\/www.tucomarca.com\/wordpress\/segunda\/ca\/wp-json\/wp\/v2\/media?parent=300512"}],"wp:term":[{"taxonomy":"category","embeddable":true,"href":"https:\/\/www.tucomarca.com\/wordpress\/segunda\/ca\/wp-json\/wp\/v2\/categories?post=300512"},{"taxonomy":"post_tag","embeddable":true,"href":"https:\/\/www.tucomarca.com\/wordpress\/segunda\/ca\/wp-json\/wp\/v2\/tags?post=300512"}],"curies":[{"name":"wp","href":"https:\/\/api.w.org\/{rel}","templated":true}]}}