{"id":300544,"date":"2026-04-30T10:30:00","date_gmt":"2026-04-30T08:30:00","guid":{"rendered":"https:\/\/www.tucomarca.com\/wordpress\/segunda\/?p=300544"},"modified":"2026-04-30T21:39:21","modified_gmt":"2026-04-30T19:39:21","slug":"el-ple-de-xest-aprova-el-desti-de-mes-de-2-milions-deuros-en-romanents","status":"publish","type":"post","link":"https:\/\/www.tucomarca.com\/wordpress\/segunda\/ca\/el-ple-de-xest-aprova-el-desti-de-mes-de-2-milions-deuros-en-romanents\/","title":{"rendered":"El ple de Xest aprova el dest\u00ed de m\u00e9s de 2 milions d&#8217;euros en romanents"},"content":{"rendered":"\n<h3 class=\"wp-block-heading\">El ple va aprovar per unanimitat la inclusi\u00f3 de les festes de l&#8217;Orgull Chestano en el calendari institucional de l&#8217;Ajuntament.<\/h3>\n\n\n\n<p>Xest comptar\u00e0 amb m\u00e9s de dos milions d&#8217;euros de romanent per a inversions, associacions, etc. Aix\u00ed ho ha aprovat el ple ordinari del mes d&#8217;abril, celebrat aquest dimecres 29 d&#8217;abril, amb els vots a favor de l&#8217;equip de govern, i sense vots en contra.<\/p>\n\n\n<div class=\"wp-block-image\">\n<figure class=\"alignleft size-large is-resized\"><img loading=\"lazy\" decoding=\"async\" width=\"1024\" height=\"683\" src=\"https:\/\/www.tucomarca.com\/wordpress\/segunda\/wp-content\/uploads\/2026\/04\/ChesteMarianbgelesLlorente-1024x683.jpg\" alt=\"\" class=\"wp-image-300545\" style=\"aspect-ratio:1.5;width:443px;height:auto\" srcset=\"https:\/\/www.tucomarca.com\/wordpress\/segunda\/wp-content\/uploads\/2026\/04\/ChesteMarianbgelesLlorente-1024x683.jpg 1024w, https:\/\/www.tucomarca.com\/wordpress\/segunda\/wp-content\/uploads\/2026\/04\/ChesteMarianbgelesLlorente-300x200.jpg 300w, https:\/\/www.tucomarca.com\/wordpress\/segunda\/wp-content\/uploads\/2026\/04\/ChesteMarianbgelesLlorente-768x512.jpg 768w, https:\/\/www.tucomarca.com\/wordpress\/segunda\/wp-content\/uploads\/2026\/04\/ChesteMarianbgelesLlorente.jpg 1344w\" sizes=\"auto, (max-width: 1024px) 100vw, 1024px\" \/><\/figure>\n<\/div>\n\n\n<p>En conjunt, el total de les incorporacions pressupost\u00e0ries ascendeix a 2.185.000 euros. M\u00aa \u00c1ngeles Llorente, regidora d&#8217;Hisenda, va detallar el dest\u00ed d&#8217;aquest romanent, com \u201cles despeses associades a la DANA, per un import de 139.000 euros o les subvencions destinades a les diferents associacions del municipi, que ascendeixen aproximadament a 350.000 euros\u201d.<\/p>\n\n\n\n<p>Tamb\u00e9 es contempla un Pla d&#8217;Ocupaci\u00f3, cofinan\u00e7at juntament amb el Ministeri de Treball, amb una dotaci\u00f3 aproximada de 40.000 euros. A aix\u00f2 se suma la contractaci\u00f3 d&#8217;un filtre de carboni, amb una inversi\u00f3 de 60.000 euros.<\/p>\n\n\n\n<p>A m\u00e9s, s&#8217;han incorporat diverses inversions destinades a millorar infraestructures i serveis municipals, com a actuacions en el Col\u00b7legi Ana Lluch, millores en l&#8217;enllumenat p\u00fablic, instal\u00b7laci\u00f3 de jocs infantils, condicionament de rotondes, i la reforma de l&#8217;Oficina d&#8217;Atenci\u00f3 al Ciutad\u00e0.<\/p>\n\n\n<div class=\"wp-block-image\">\n<figure class=\"alignleft size-large is-resized\"><img loading=\"lazy\" decoding=\"async\" width=\"1024\" height=\"683\" src=\"https:\/\/www.tucomarca.com\/wordpress\/segunda\/wp-content\/uploads\/2026\/04\/ChestePlenoJoseMorell-1024x683.jpg\" alt=\"\" class=\"wp-image-300547\" style=\"aspect-ratio:1.5;width:437px;height:auto\" srcset=\"https:\/\/www.tucomarca.com\/wordpress\/segunda\/wp-content\/uploads\/2026\/04\/ChestePlenoJoseMorell-1024x683.jpg 1024w, https:\/\/www.tucomarca.com\/wordpress\/segunda\/wp-content\/uploads\/2026\/04\/ChestePlenoJoseMorell-300x200.jpg 300w, https:\/\/www.tucomarca.com\/wordpress\/segunda\/wp-content\/uploads\/2026\/04\/ChestePlenoJoseMorell-768x512.jpg 768w, https:\/\/www.tucomarca.com\/wordpress\/segunda\/wp-content\/uploads\/2026\/04\/ChestePlenoJoseMorell.jpg 1318w\" sizes=\"auto, (max-width: 1024px) 100vw, 1024px\" \/><\/figure>\n<\/div>\n\n\n<p>Jos\u00e9 Morell, alcalde de Xest, va destacar que aquest romanent pot destinar-se lliurement a les necessitats priorit\u00e0ries de Xest, la qual cosa permet refor\u00e7ar pol\u00edtiques clau per al benestar de la ciutadania. En aquest sentit, va subratllar que Xest se situa entre els municipis amb major inversi\u00f3 dins del Pla d&#8217;\u00das del Ministeri de Treball.<\/p>\n\n\n\n<p>Aix\u00ed mateix, va posar en valor la dotaci\u00f3 econ\u00f2mica prevista per a fer front al pagament d&#8217;hores extraordin\u00e0ries del personal municipal, una mesura orientada a millorar el funcionament dels serveis p\u00fablics i a recon\u00e9ixer l&#8217;esfor\u00e7 de la plantilla.<\/p>\n\n\n\n<p><strong>L&#8217;Orgull chestano, incl\u00f2s en el calendari institucional de Xest<\/strong><\/p>\n\n\n\n<p>El ple va aprovar per unanimitat una moci\u00f3 de suport a l&#8217;Associaci\u00f3 de l&#8217;Orgull Chestano. La iniciativa va ser defensada per la regidora d&#8217;Igualtat, Btrenda Jim\u00e9nez, qui va subratllar que es tracta de \u201cuna moci\u00f3 necess\u00e0ria per l&#8217;impacte positiu de les accions que desenvolupa l&#8217;associaci\u00f3, contribuint a construir un poble m\u00e9s igualitari i divers\u201d.<\/p>\n\n\n\n<p>La moci\u00f3 proposa la inclusi\u00f3 dels actes organitzats per l&#8217;Associaci\u00f3 de l&#8217;Orgull Chestano amb motiu de l&#8217;Orgull LGTBIQ+ com un esdeveniment institucional permanent a Xest, garantint la seua continu\u00eftat amb independ\u00e8ncia de l&#8217;equip de govern que estiga al capdavant de l&#8217;Ajuntament a cada moment.<br>Amb aquesta aprovaci\u00f3, referendada amb la pres\u00e8ncia d&#8217;integrants del col\u00b7lectiu en el p\u00fablic, el consistori reafirma el seu comprom\u00eds amb la igualtat, la diversitat i la visibilitzaci\u00f3 del col\u00b7lectiu LGTBIQ+ en el municipi.<\/p>\n\n\n\n<p>El ple tamb\u00e9 va aprovar per unanimitat l&#8217;adhesi\u00f3 a la Xarxa de Governan\u00e7a Local a la Comunitat Valenciana, que permetr\u00e0 la facilitaci\u00f3 en l&#8217;arribada de noves subvencions, aix\u00ed com la moci\u00f3 de rebuig a l&#8217;acord entre la UE i Mercosur.<\/p>\n\n\n\n<p>L&#8217;alcalde va donar la benvinguda a la nova secret\u00e0ria, Carmen Gimeno Subirats, que va assistir per primera vegada a una sessi\u00f3 plen\u00e0ria de l&#8217;Ajuntament de Xest.<\/p>\n","protected":false},"excerpt":{"rendered":"<div class=\"mh-excerpt\">El ple va aprovar per unanimitat la inclusi\u00f3 de les festes de l&#8217;Orgull Chestano en el calendari institucional de l&#8217;Ajuntament. Xest comptar\u00e0 amb m\u00e9s de dos milions d&#8217;euros de romanent per a inversions, associacions, etc. <a class=\"mh-excerpt-more\" href=\"https:\/\/www.tucomarca.com\/wordpress\/segunda\/ca\/el-ple-de-xest-aprova-el-desti-de-mes-de-2-milions-deuros-en-romanents\/\" title=\"El ple de Xest aprova el dest\u00ed de m\u00e9s de 2 milions d&#8217;euros en romanents\">[+] <\/a><\/div>\n","protected":false},"author":1,"featured_media":300542,"comment_status":"closed","ping_status":"open","sticky":false,"template":"","format":"standard","meta":{"footnotes":""},"categories":[10894,10912,10947,10896,10974],"tags":[11071,10914,13053],"class_list":{"0":"post-300544","1":"post","2":"type-post","3":"status-publish","4":"format-standard","5":"has-post-thumbnail","7":"category-la-comarca-ca","8":"category-la-hoya-ca","9":"category-politica","10":"category-seccion-ca","11":"category-cheste-ca","12":"tag-cheste","13":"tag-la-hoya-de-bunol-chiva-ca","14":"tag-pleno-ca"},"_links":{"self":[{"href":"https:\/\/www.tucomarca.com\/wordpress\/segunda\/ca\/wp-json\/wp\/v2\/posts\/300544","targetHints":{"allow":["GET"]}}],"collection":[{"href":"https:\/\/www.tucomarca.com\/wordpress\/segunda\/ca\/wp-json\/wp\/v2\/posts"}],"about":[{"href":"https:\/\/www.tucomarca.com\/wordpress\/segunda\/ca\/wp-json\/wp\/v2\/types\/post"}],"author":[{"embeddable":true,"href":"https:\/\/www.tucomarca.com\/wordpress\/segunda\/ca\/wp-json\/wp\/v2\/users\/1"}],"replies":[{"embeddable":true,"href":"https:\/\/www.tucomarca.com\/wordpress\/segunda\/ca\/wp-json\/wp\/v2\/comments?post=300544"}],"version-history":[{"count":2,"href":"https:\/\/www.tucomarca.com\/wordpress\/segunda\/ca\/wp-json\/wp\/v2\/posts\/300544\/revisions"}],"predecessor-version":[{"id":300551,"href":"https:\/\/www.tucomarca.com\/wordpress\/segunda\/ca\/wp-json\/wp\/v2\/posts\/300544\/revisions\/300551"}],"wp:featuredmedia":[{"embeddable":true,"href":"https:\/\/www.tucomarca.com\/wordpress\/segunda\/ca\/wp-json\/wp\/v2\/media\/300542"}],"wp:attachment":[{"href":"https:\/\/www.tucomarca.com\/wordpress\/segunda\/ca\/wp-json\/wp\/v2\/media?parent=300544"}],"wp:term":[{"taxonomy":"category","embeddable":true,"href":"https:\/\/www.tucomarca.com\/wordpress\/segunda\/ca\/wp-json\/wp\/v2\/categories?post=300544"},{"taxonomy":"post_tag","embeddable":true,"href":"https:\/\/www.tucomarca.com\/wordpress\/segunda\/ca\/wp-json\/wp\/v2\/tags?post=300544"}],"curies":[{"name":"wp","href":"https:\/\/api.w.org\/{rel}","templated":true}]}}