{"id":311752,"date":"2026-08-31T12:00:00","date_gmt":"2026-08-31T10:00:00","guid":{"rendered":"https:\/\/www.tucomarca.com\/wordpress\/segunda\/?p=311752"},"modified":"2026-08-31T13:32:25","modified_gmt":"2026-08-31T11:32:25","slug":"detingut-despres-de-calar-foc-a-un-domicili-en-la-localitat-danna","status":"publish","type":"post","link":"https:\/\/www.tucomarca.com\/wordpress\/segunda\/ca\/detingut-despres-de-calar-foc-a-un-domicili-en-la-localitat-danna\/","title":{"rendered":"Detingut despr\u00e9s de calar foc a un domicili en la localitat d&#8217;Anna"},"content":{"rendered":"\n<h3 class=\"wp-block-heading\">Els agents van aconseguir salvar la vida del detingut i, amb l&#8217;ajuda dels ve\u00efns, extingir l&#8217;incendi abans de l&#8217;arribada dels bombers.<\/h3>\n\n\n\n<p class=\"wp-block-paragraph\">La Gu\u00e0rdia Civil sufoca un incendi provocat en un habitatge de la localitat d&#8217;Anna (Val\u00e8ncia) i det\u00e9 al responsable. A m\u00e9s, diversos ve\u00efns van haver de ser atesos per inhalaci\u00f3 de fum.&nbsp;<\/p>\n\n\n\n<p class=\"wp-block-paragraph\">Els agents s\u00f3n requerits pel COS per a dirigir-se a la localitat d&#8217;Anna on pel que sembla hi ha una persona agressiva que est\u00e0 causant danys en un domicili.&nbsp;<\/p>\n\n\n\n<p class=\"wp-block-paragraph\">Una vegada personats en aquesta, els agents comproven que en la segona planta de la casa un home es troba a l&#8217;interior amb la porta tancada. S&#8217;observa com de l&#8217;interior ix fum, per la qual cosa despr\u00e9s de diversos intents de crida per part dels agents sense resposta, s&#8217;accedeix trencant la porta la qual estava tancada amb clau.&nbsp;<\/p>\n\n\n\n<p class=\"wp-block-paragraph\">A l&#8217;interior de la casa es troba un home entre molt de fum i un gran incendi. Aquesta persona est\u00e0 llan\u00e7ant estris a les flames del menjador, com ara matalassos i objectes t\u00e8xtils. Els agents procedeixen a traure-ho entre una gran quantitat de fum i flames. Una vegada fora, se li redueix, es le engrilleta i se li posa fora de perill.&nbsp;<\/p>\n\n\n\n<p class=\"wp-block-paragraph\">Una vegada assegurat el detingut, els agents, amb ajuda d&#8217;alguns ve\u00efns, intenten sufocar l&#8217;incendi mitjan\u00e7ant l&#8217;\u00fas de poals d&#8217;aigua, m\u00e0negues i l&#8217;extintor del propi vehicle oficial. Finalment, s&#8217;aconsegueix extingir abans de l&#8217;arribada dels bombers.&nbsp;<\/p>\n\n\n\n<p class=\"wp-block-paragraph\">A conseq\u00fc\u00e8ncia de l&#8217;actuaci\u00f3, tots dos agents pateixen inhalaci\u00f3 de fum i cremades lleus. La persona, un home de 36 anys i nacionalitat marroquina, queda detinguda en cust\u00f2dia a l&#8217;hospital, ja que pateix cremades. Dos ve\u00efns de la localitat d&#8217;Anna s\u00f3n traslladats d&#8217;urg\u00e8ncia per inhalaci\u00f3 de fum. A m\u00e9s, en la primera planta de l&#8217;habitatge residia el propietari al costat de la seua fam\u00edlia, la vida de la qual, de no ser per la r\u00e0pida actuaci\u00f3 dels agents, podria haver corregut perill.<\/p>\n\n\n\n<p class=\"wp-block-paragraph\">Durant l&#8217;intent de sufocaci\u00f3 de l&#8217;incendi s&#8217;evacua a un ve\u00ed confrontant amb l&#8217;habitatge en flames amb aparent dificultat per a caminar.&nbsp;<\/p>\n\n\n\n<p class=\"wp-block-paragraph\">Al detingut se li atribueix un delicte d&#8217;incendi amb perill per a la vida o integritat f\u00edsica i un de danys.&nbsp;<\/p>\n\n\n\n<p class=\"wp-block-paragraph\">La investigaci\u00f3 ha sigut duta a terme per agents del Lloc Principal de Canals.&nbsp;<\/p>\n\n\n\n<p class=\"wp-block-paragraph\">Les dilig\u00e8ncies van ser entregades en la Secci\u00f3 Civil i d&#8217;Instrucci\u00f3 del Tribunal de X\u00e0tiva Plaza n\u00famero 2.<\/p>\n\n\n\n<p class=\"wp-block-paragraph\"><\/p>\n","protected":false},"excerpt":{"rendered":"<div class=\"mh-excerpt\">Els agents van aconseguir salvar la vida del detingut i, amb l&#8217;ajuda dels ve\u00efns, extingir l&#8217;incendi abans de l&#8217;arribada dels bombers. La Gu\u00e0rdia Civil sufoca un incendi provocat en un habitatge de la localitat d&#8217;Anna <a class=\"mh-excerpt-more\" href=\"https:\/\/www.tucomarca.com\/wordpress\/segunda\/ca\/detingut-despres-de-calar-foc-a-un-domicili-en-la-localitat-danna\/\" title=\"Detingut despr\u00e9s de calar foc a un domicili en la localitat d&#8217;Anna\">[+] <\/a><\/div>\n","protected":false},"author":13,"featured_media":200428,"comment_status":"closed","ping_status":"open","sticky":false,"template":"","format":"standard","meta":{"footnotes":""},"categories":[10964,10898,10963,10894,10896,10897],"tags":[12636,12755,11094,10901],"class_list":["post-311752","post","type-post","status-publish","format-standard","has-post-thumbnail","category-anna-ca","category-ventana-ca","category-la-canal-de-navarres-ca","category-la-comarca-ca","category-seccion-ca","category-sucesos-la-comarca-ca","tag-anna-ca","tag-incendio-ca","tag-la-canal-de-navarres","tag-sucesos-ca"],"_links":{"self":[{"href":"https:\/\/www.tucomarca.com\/wordpress\/segunda\/ca\/wp-json\/wp\/v2\/posts\/311752","targetHints":{"allow":["GET"]}}],"collection":[{"href":"https:\/\/www.tucomarca.com\/wordpress\/segunda\/ca\/wp-json\/wp\/v2\/posts"}],"about":[{"href":"https:\/\/www.tucomarca.com\/wordpress\/segunda\/ca\/wp-json\/wp\/v2\/types\/post"}],"author":[{"embeddable":true,"href":"https:\/\/www.tucomarca.com\/wordpress\/segunda\/ca\/wp-json\/wp\/v2\/users\/13"}],"replies":[{"embeddable":true,"href":"https:\/\/www.tucomarca.com\/wordpress\/segunda\/ca\/wp-json\/wp\/v2\/comments?post=311752"}],"version-history":[{"count":2,"href":"https:\/\/www.tucomarca.com\/wordpress\/segunda\/ca\/wp-json\/wp\/v2\/posts\/311752\/revisions"}],"predecessor-version":[{"id":311780,"href":"https:\/\/www.tucomarca.com\/wordpress\/segunda\/ca\/wp-json\/wp\/v2\/posts\/311752\/revisions\/311780"}],"wp:featuredmedia":[{"embeddable":true,"href":"https:\/\/www.tucomarca.com\/wordpress\/segunda\/ca\/wp-json\/wp\/v2\/media\/200428"}],"wp:attachment":[{"href":"https:\/\/www.tucomarca.com\/wordpress\/segunda\/ca\/wp-json\/wp\/v2\/media?parent=311752"}],"wp:term":[{"taxonomy":"category","embeddable":true,"href":"https:\/\/www.tucomarca.com\/wordpress\/segunda\/ca\/wp-json\/wp\/v2\/categories?post=311752"},{"taxonomy":"post_tag","embeddable":true,"href":"https:\/\/www.tucomarca.com\/wordpress\/segunda\/ca\/wp-json\/wp\/v2\/tags?post=311752"}],"curies":[{"name":"wp","href":"https:\/\/api.w.org\/{rel}","templated":true}]}}