{"id":311766,"date":"2026-08-28T12:00:00","date_gmt":"2026-08-28T10:00:00","guid":{"rendered":"https:\/\/www.tucomarca.com\/wordpress\/segunda\/?p=311766"},"modified":"2026-08-31T13:26:19","modified_gmt":"2026-08-31T11:26:19","slug":"susana-camarero-ressalta-que-la-singularitat-de-la-tomatina-reforca-la-imatge-de-la-comunitat-valenciana-com-a-destinacio-turistica-internacional","status":"publish","type":"post","link":"https:\/\/www.tucomarca.com\/wordpress\/segunda\/ca\/susana-camarero-ressalta-que-la-singularitat-de-la-tomatina-reforca-la-imatge-de-la-comunitat-valenciana-com-a-destinacio-turistica-internacional\/","title":{"rendered":"Susana Camarero ressalta que la singularitat de la Tomatina refor\u00e7a la imatge de la Comunitat Valenciana com a destinaci\u00f3 tur\u00edstica internacional"},"content":{"rendered":"\n<h3 class=\"wp-block-heading\"><strong>La vicepresidenta assistix a esta popular festa, d\u2019inter\u00e9s tur\u00edstic internacional, que celebra la seua 80 edici\u00f3<\/strong>.<\/h3>\n\n\n\n<h3 class=\"wp-block-heading\"><strong>La titular d\u2019Igualtat visita el Punt Violeta d\u2019informaci\u00f3, prevenci\u00f3 i atenci\u00f3 davant de les viol\u00e8ncies sexuals instal\u00b7lat amb motiu de l\u2019esdeveniment<\/strong>.<\/h3>\n\n\n\n<p class=\"wp-block-paragraph\">La vicepresidenta primera i consellera de Vivenda, Ocupaci\u00f3, Joventut i Igualtat, Susana Camarero, ha destacat que la singularitat de la Tomatina \u201crefor\u00e7a la imatge de la Comunitat Valenciana com a destinaci\u00f3 tur\u00edstica internacional\u201d.<\/p>\n\n\n\n<p class=\"wp-block-paragraph\">Aix\u00ed ho ha manifestat durant la seua visita a esta popular festa, declarada d\u2019inter\u00e9s tur\u00edstic internacional, que enguany celebra la seua 80 edici\u00f3.<\/p>\n\n\n\n<p class=\"wp-block-paragraph\">Camarero ha assenyalat que es tracta d\u2019un esdeveniment \u201cd\u2019enorme repercussi\u00f3 internacional\u201d caracteritzat per l\u2019alegria i l\u2019hospitalitat, en el qual \u201cla diversitat, la conviv\u00e8ncia i la companyonia s\u00f3n els verdaders protagonistes\u201d.<\/p>\n\n\n\n<p class=\"wp-block-paragraph\">La vicepresidenta ha posat en relleu tamb\u00e9 l\u2019impacte econ\u00f2mic i tur\u00edstic que suposa la Tomatina per la seua capacitat per a atraure visitants de tot el m\u00f3n i contribuir a dinamitzar l\u2019economia local i del territori.<\/p>\n\n\n\n<p class=\"wp-block-paragraph\">La Tomatina -ha assenyalat Camarero- \u201c\u00e9s la prova que des d\u2019un municipi valenci\u00e0 es pot crear una marca internacional, convertint una tradici\u00f3 local en una celebraci\u00f3 reconeguda en tot el m\u00f3n. Una tradici\u00f3 que forma part de la nostra identitat\u201d.<\/p>\n\n\n\n<p class=\"wp-block-paragraph\">Aix\u00ed mateix, ha afegit que la Generalitat \u201cno solament reconeix la import\u00e0ncia de la Tomatina, sin\u00f3 que tamb\u00e9 la secunda i la promociona com a aparador internacional de la Comunitat Valenciana. Perqu\u00e8 quan una festa valenciana aconseguix que Bu\u00f1ol siga conegut en tot el m\u00f3n, tamb\u00e9 est\u00e0 projectant la nostra terra, la nostra cultura i el nostre turisme\u201d.<\/p>\n\n\n\n<p class=\"wp-block-paragraph\">Durant la jornada, la vicepresidenta ha visitat el punt d\u2019informaci\u00f3, prevenci\u00f3 i atenci\u00f3 davant de les viol\u00e8ncies sexuals (Punt Violeta) instal\u00b7lat pel Comissionat per a la Lluita contra la Viol\u00e8ncia sobre la Dona amb motiu de la celebraci\u00f3 de la Tomatina.<\/p>\n\n\n\n<p class=\"wp-block-paragraph\">Este Punt Violeta s\u2019integra en el desplegament d\u2019oficines itinerants d\u2019atenci\u00f3 a v\u00edctimes d\u2019agressions sexuals en festivals, grans concerts i principals festes de la Comunitat Valenciana durant 2026.<\/p>\n\n\n\n<figure class=\"wp-block-image size-full\"><img loading=\"lazy\" decoding=\"async\" width=\"945\" height=\"531\" src=\"https:\/\/www.tucomarca.com\/wordpress\/segunda\/wp-content\/uploads\/2026\/08\/GVA_Foto2_Tomatina-1.jpeg\" alt=\"\" class=\"wp-image-311763\" srcset=\"https:\/\/www.tucomarca.com\/wordpress\/segunda\/wp-content\/uploads\/2026\/08\/GVA_Foto2_Tomatina-1.jpeg 945w, https:\/\/www.tucomarca.com\/wordpress\/segunda\/wp-content\/uploads\/2026\/08\/GVA_Foto2_Tomatina-1-678x381.jpeg 678w, https:\/\/www.tucomarca.com\/wordpress\/segunda\/wp-content\/uploads\/2026\/08\/GVA_Foto2_Tomatina-1-768x432.jpeg 768w\" sizes=\"auto, (max-width: 945px) 100vw, 945px\" \/><\/figure>\n\n\n\n<p class=\"wp-block-paragraph\"><\/p>\n","protected":false},"excerpt":{"rendered":"<div class=\"mh-excerpt\">La vicepresidenta assistix a esta popular festa, d\u2019inter\u00e9s tur\u00edstic internacional, que celebra la seua 80 edici\u00f3. La titular d\u2019Igualtat visita el Punt Violeta d\u2019informaci\u00f3, prevenci\u00f3 i atenci\u00f3 davant de les viol\u00e8ncies sexuals instal\u00b7lat amb motiu <a class=\"mh-excerpt-more\" href=\"https:\/\/www.tucomarca.com\/wordpress\/segunda\/ca\/susana-camarero-ressalta-que-la-singularitat-de-la-tomatina-reforca-la-imatge-de-la-comunitat-valenciana-com-a-destinacio-turistica-internacional\/\" title=\"Susana Camarero ressalta que la singularitat de la Tomatina refor\u00e7a la imatge de la Comunitat Valenciana com a destinaci\u00f3 tur\u00edstica internacional\">[+] <\/a><\/div>\n","protected":false},"author":13,"featured_media":311762,"comment_status":"closed","ping_status":"open","sticky":false,"template":"","format":"image","meta":{"footnotes":""},"categories":[10911,10898,10894,10904,10912,11008],"tags":[10913,11498,11199,10914,11185],"class_list":["post-311766","post","type-post","status-publish","format-image","has-post-thumbnail","category-bunol-ca","category-ventana-ca","category-la-comarca-ca","category-sin-categorizar-ca","category-la-hoya-ca","category-pueblos-en-fiestas-ca","tag-bunol-ca","tag-generalitat-valenciana-ca","tag-la-comunitat-ca","tag-la-hoya-de-bunol-chiva-ca","tag-tomatina-ca","post_format-post-format-image"],"_links":{"self":[{"href":"https:\/\/www.tucomarca.com\/wordpress\/segunda\/ca\/wp-json\/wp\/v2\/posts\/311766","targetHints":{"allow":["GET"]}}],"collection":[{"href":"https:\/\/www.tucomarca.com\/wordpress\/segunda\/ca\/wp-json\/wp\/v2\/posts"}],"about":[{"href":"https:\/\/www.tucomarca.com\/wordpress\/segunda\/ca\/wp-json\/wp\/v2\/types\/post"}],"author":[{"embeddable":true,"href":"https:\/\/www.tucomarca.com\/wordpress\/segunda\/ca\/wp-json\/wp\/v2\/users\/13"}],"replies":[{"embeddable":true,"href":"https:\/\/www.tucomarca.com\/wordpress\/segunda\/ca\/wp-json\/wp\/v2\/comments?post=311766"}],"version-history":[{"count":2,"href":"https:\/\/www.tucomarca.com\/wordpress\/segunda\/ca\/wp-json\/wp\/v2\/posts\/311766\/revisions"}],"predecessor-version":[{"id":311774,"href":"https:\/\/www.tucomarca.com\/wordpress\/segunda\/ca\/wp-json\/wp\/v2\/posts\/311766\/revisions\/311774"}],"wp:featuredmedia":[{"embeddable":true,"href":"https:\/\/www.tucomarca.com\/wordpress\/segunda\/ca\/wp-json\/wp\/v2\/media\/311762"}],"wp:attachment":[{"href":"https:\/\/www.tucomarca.com\/wordpress\/segunda\/ca\/wp-json\/wp\/v2\/media?parent=311766"}],"wp:term":[{"taxonomy":"category","embeddable":true,"href":"https:\/\/www.tucomarca.com\/wordpress\/segunda\/ca\/wp-json\/wp\/v2\/categories?post=311766"},{"taxonomy":"post_tag","embeddable":true,"href":"https:\/\/www.tucomarca.com\/wordpress\/segunda\/ca\/wp-json\/wp\/v2\/tags?post=311766"}],"curies":[{"name":"wp","href":"https:\/\/api.w.org\/{rel}","templated":true}]}}