{"id":311770,"date":"2026-08-31T12:30:00","date_gmt":"2026-08-31T10:30:00","guid":{"rendered":"https:\/\/www.tucomarca.com\/wordpress\/segunda\/?p=311770"},"modified":"2026-08-31T13:35:31","modified_gmt":"2026-08-31T11:35:31","slug":"la-unio-preveu-una-collita-de-caqui-sobre-les-240-000-tones-en-la-comunitat-valenciana-un-34-menys-que-la-passada-campanya","status":"publish","type":"post","link":"https:\/\/www.tucomarca.com\/wordpress\/segunda\/ca\/la-unio-preveu-una-collita-de-caqui-sobre-les-240-000-tones-en-la-comunitat-valenciana-un-34-menys-que-la-passada-campanya\/","title":{"rendered":"La Uni\u00f3 preveu una collita de caqui sobre les 240.000 tones en la Comunitat Valenciana, un 34% menys que la passada campanya"},"content":{"rendered":"\n<h3 class=\"wp-block-heading\">La reducci\u00f3 mitjana amaga descensos molt m\u00e9s elevats en determinades zones productores, on els minvaments poden ser fins i tot molt m\u00e9s importants despr\u00e9s de les \u00faltimes adversitats meteorol\u00f2giques.<\/h3>\n\n\n\n<h3 class=\"wp-block-heading\"><strong>La menor producci\u00f3, l&#8217;augment dels costos i els problemes de plagues comprometen la rendibilitat, mentre l&#8217;organitzaci\u00f3 reclama m\u00e9s eines fitosanit\u00e0ries eficaces enfront del cotonet i la mosca blanca<\/strong>.<\/h3>\n\n\n\n<p class=\"wp-block-paragraph\">La Uni\u00f3 Llauradora estima que la producci\u00f3 de caqui de la Comunitat Valenciana se situar\u00e0 aquesta campanya en una xifra al voltant de les 240.000, la qual cosa representa una reducci\u00f3 aproximada del 34% respecte a la passada campanya i la m\u00e9s baixa de l&#8217;\u00faltima d\u00e8cada. La situaci\u00f3, no obstant aix\u00f2, no \u00e9s homog\u00e8nia i en determinades zones productores les p\u00e8rdues poden ser encara molt superiors.<\/p>\n\n\n\n<p class=\"wp-block-paragraph\">Des del punt de vista agron\u00f2mic, les condicions meteorol\u00f2giques adverses han incidit sobre el comportament fisiol\u00f2gic dels arbres. La caiguda fisiol\u00f2gica natural del fruit ha sigut enguany anormalment intensa en nombroses explotacions, provocant aclarits naturals excessius i una considerable reducci\u00f3 de la c\u00e0rrega dels arbres. A aix\u00f2 cal sumar les elevades temperatures i les onades de calor, que han provocat danys per insolaci\u00f3 o \u201cplanxat\u201d en els fruits. Tamb\u00e9 les recents tempestes han afectat greument la collita en la major part de zones productores, davant el que La Uni\u00f3 ja ha demanat avan\u00e7ar l&#8217;inici de garanties de l&#8217;asseguran\u00e7a de la resta d&#8217;adversitats clim\u00e0tiques, que \u00e9s on est\u00e0 incl\u00f2s el reg de vent, a l&#8217;1 d&#8217;agost i, mentrestant, a la Conselleria d&#8217;Agricultura que establisca una l\u00ednia compensat\u00f2ria als agricultors amb p\u00f2lissa en vigor que hagen patit p\u00e8rdues per vent. El problema aquesta campanya no es limitar\u00e0 nom\u00e9s a una menor quantitat de fruita, sin\u00f3 que tamb\u00e9 pot traduir-se en una p\u00e8rdua de qualitat comercial i un increment dels rebutjos.<\/p>\n\n\n\n<p class=\"wp-block-paragraph\">A aquesta situaci\u00f3 productiva s&#8217;afig la preocupaci\u00f3 per l&#8217;evoluci\u00f3 de determinades plagues. El sector continua tenint importants dificultats per a controlar el cotonet, principalment Pseudococcus longispinus, i diferents esp\u00e8cies de mosca blanca, entre elles Dialeurodes citri, Paraleyrodes minei i Aleurothrixus floccosus.<\/p>\n\n\n\n<p class=\"wp-block-paragraph\">La Uni\u00f3 considera que no \u00e9s raonable exigir al productor un control efica\u00e7 de les plagues mentre cada vegada disposa de menys eines per a combatre-les. Encara que aquests problemes no tenen per qu\u00e8 reduir directament l&#8217;aforament inicial, s\u00ed que poden provocar danys en el fruit i augmentar els rebutjos, fent que la producci\u00f3 finalment comercialitzable siga encara menor.<\/p>\n\n\n\n<p class=\"wp-block-paragraph\">L&#8217;organitzaci\u00f3 agr\u00e0ria adverteix a m\u00e9s de que menys quilos per hect\u00e0rea, majors costos de producci\u00f3, m\u00e9s tractaments, un major consum d&#8217;aigua i l&#8217;increment de les despeses d&#8217;energia, gasoil i fertilitzants estan pressionant els marges de les explotacions. Les altes temperatures tamb\u00e9 estan obligant a incrementar la freq\u00fc\u00e8ncia del reg en moltes parcel\u00b7les.<\/p>\n\n\n\n<p class=\"wp-block-paragraph\">La Uni\u00f3 espera que les cotitzacions es mantinguen en nivells que permeten compensar, almenys parcialment, la menor oferta, encara que adverteix que una eventual millora del preu no garanteix per si sola la rendibilitat de les explotacions. \u201cNo serveix de res mirar nom\u00e9s el preu per quilo; la rendibilitat es calcula amb els quilos que finalment pot vendre el productor i amb el que li ha costat produir-los\u201d, assenyala.<\/p>\n\n\n\n<p class=\"wp-block-paragraph\">Per aix\u00f2, La Uni\u00f3 reclama a les administracions competents que faciliten autoritzacions excepcionals de productes fitosanitaris quan no existisquen alternatives prou eficaces, especialment per a fer front als problemes de cotonet i mosca blanca. Entre les necessitats plantejades pel sector figuren solucions com el acetamiprid enfront d&#8217;aquestes plagues i el cyantraniliprole enfront de la mosca blanca.<\/p>\n\n\n\n<p class=\"wp-block-paragraph\">L&#8217;organitzaci\u00f3 considera igualment necessari refor\u00e7ar la investigaci\u00f3 aplicada i la transfer\u00e8ncia de resultats al productor, accelerar la disponibilitat de solucions eficaces i continuar avan\u00e7ant en el control biol\u00f2gic, encara que sense presentar-lo com una alternativa capa\u00e7 de resoldre per si sola tots els problemes fitosanitaris actuals.<\/p>\n\n\n\n<p class=\"wp-block-paragraph\">Per a La Uni\u00f3, el problema del caqui transcendeix la campanya actual. El cultiu ha exercit un paper important en la diversificaci\u00f3 agr\u00e0ria i la generaci\u00f3 d&#8217;activitat econ\u00f2mica en nombroses comarques valencianes, complementant als c\u00edtrics i altres produccions, i fins i tot en alguna d&#8217;elles sense una altra alternativa de cultiu.<\/p>\n\n\n\n<p class=\"wp-block-paragraph\">\u201cEl caqui ha sigut una alternativa que ha diversificat l&#8217;agricultura i l&#8217;economia de moltes zones productores valencianes. No podem permetre que un cultiu que ha generat oportunitats i activitat agr\u00e0ria perda progressivament rendibilitat perqu\u00e8 els productors no disposen de les eines necess\u00e0ries per a afrontar els problemes que tenen en el camp\u201d, assenyala La Uni\u00f3.<\/p>\n\n\n\n<p class=\"wp-block-paragraph\">L&#8217;organitzaci\u00f3 tamb\u00e9 indica que \u00e9s important que, durant la comercialitzaci\u00f3, el consumidor s&#8217;acostume a trobar caquis amb marques en la pell, ja que es tracta d&#8217;una fruita especialment sensible. Aquestes alteracions externes no afecten la seua qualitat organol\u00e8ptica ni a les caracter\u00edstiques internes del fruit, per la qual cosa la seua acceptaci\u00f3 permetria millorar l&#8217;aprofitament de la producci\u00f3 i reduir el desaprofitament.<\/p>\n","protected":false},"excerpt":{"rendered":"<div class=\"mh-excerpt\">La reducci\u00f3 mitjana amaga descensos molt m\u00e9s elevats en determinades zones productores, on els minvaments poden ser fins i tot molt m\u00e9s importants despr\u00e9s de les \u00faltimes adversitats meteorol\u00f2giques. La menor producci\u00f3, l&#8217;augment dels costos <a class=\"mh-excerpt-more\" href=\"https:\/\/www.tucomarca.com\/wordpress\/segunda\/ca\/la-unio-preveu-una-collita-de-caqui-sobre-les-240-000-tones-en-la-comunitat-valenciana-un-34-menys-que-la-passada-campanya\/\" title=\"La Uni\u00f3 preveu una collita de caqui sobre les 240.000 tones en la Comunitat Valenciana, un 34% menys que la passada campanya\">[+] <\/a><\/div>\n","protected":false},"author":13,"featured_media":146644,"comment_status":"closed","ping_status":"open","sticky":false,"template":"","format":"standard","meta":{"footnotes":""},"categories":[10905,10898,10948,10894,10904,10902,10903,10896],"tags":[11309,11199,21082],"class_list":["post-311770","post","type-post","status-publish","format-standard","has-post-thumbnail","category-agricultura-la-comarca-ca","category-ventana-ca","category-infraestructuras-ca","category-la-comarca-ca","category-sin-categorizar-ca","category-la-ribera-ca","category-medio-ambiente-la-comarca-ca","category-seccion-ca","tag-agricultura-ca","tag-la-comunitat-ca","tag-la-unio-llauradora-i-ramadera-ca"],"_links":{"self":[{"href":"https:\/\/www.tucomarca.com\/wordpress\/segunda\/ca\/wp-json\/wp\/v2\/posts\/311770","targetHints":{"allow":["GET"]}}],"collection":[{"href":"https:\/\/www.tucomarca.com\/wordpress\/segunda\/ca\/wp-json\/wp\/v2\/posts"}],"about":[{"href":"https:\/\/www.tucomarca.com\/wordpress\/segunda\/ca\/wp-json\/wp\/v2\/types\/post"}],"author":[{"embeddable":true,"href":"https:\/\/www.tucomarca.com\/wordpress\/segunda\/ca\/wp-json\/wp\/v2\/users\/13"}],"replies":[{"embeddable":true,"href":"https:\/\/www.tucomarca.com\/wordpress\/segunda\/ca\/wp-json\/wp\/v2\/comments?post=311770"}],"version-history":[{"count":1,"href":"https:\/\/www.tucomarca.com\/wordpress\/segunda\/ca\/wp-json\/wp\/v2\/posts\/311770\/revisions"}],"predecessor-version":[{"id":311771,"href":"https:\/\/www.tucomarca.com\/wordpress\/segunda\/ca\/wp-json\/wp\/v2\/posts\/311770\/revisions\/311771"}],"wp:featuredmedia":[{"embeddable":true,"href":"https:\/\/www.tucomarca.com\/wordpress\/segunda\/ca\/wp-json\/wp\/v2\/media\/146644"}],"wp:attachment":[{"href":"https:\/\/www.tucomarca.com\/wordpress\/segunda\/ca\/wp-json\/wp\/v2\/media?parent=311770"}],"wp:term":[{"taxonomy":"category","embeddable":true,"href":"https:\/\/www.tucomarca.com\/wordpress\/segunda\/ca\/wp-json\/wp\/v2\/categories?post=311770"},{"taxonomy":"post_tag","embeddable":true,"href":"https:\/\/www.tucomarca.com\/wordpress\/segunda\/ca\/wp-json\/wp\/v2\/tags?post=311770"}],"curies":[{"name":"wp","href":"https:\/\/api.w.org\/{rel}","templated":true}]}}