{"id":311862,"date":"2026-08-31T14:00:00","date_gmt":"2026-08-31T12:00:00","guid":{"rendered":"https:\/\/www.tucomarca.com\/wordpress\/segunda\/?p=311862"},"modified":"2026-08-31T19:02:00","modified_gmt":"2026-08-31T17:02:00","slug":"els-bombers-extingeixen-lincendi-dun-vehicle-en-lautovia-a-3-a-laltura-de-bunyol","status":"publish","type":"post","link":"https:\/\/www.tucomarca.com\/wordpress\/segunda\/ca\/els-bombers-extingeixen-lincendi-dun-vehicle-en-lautovia-a-3-a-laltura-de-bunyol\/","title":{"rendered":"Els bombers extingeixen l&#8217;incendi d&#8217;un vehicle en l&#8217;Autovia A-3 a l&#8217;altura de Bunyol que ha obligat al tall de la carretera\u00a0"},"content":{"rendered":"\n<h3 class=\"wp-block-heading\">El foc tamb\u00e9 ha afectat lleugerament el voral de l\u2019autovia i la intervenci\u00f3 ha finalitzat a les 11,12 hores.<\/h3>\n\n\n\n<p class=\"wp-block-paragraph\">Els bombers del Consorci Provincial de Bombers de Val\u00e8ncia han intervingut este dilluns al mat\u00ed en un\u00a0<strong>incendi d\u2019un vehicle en l\u2019A-3, a l\u2019altura de Bunyol<\/strong>, que ha obligat al tall de la carretera i que ha causat cues de fins a quatre quil\u00f2metres.<\/p>\n\n\n\n<p class=\"wp-block-paragraph\">L\u2019av\u00eds s\u2019ha rebut a les&nbsp;<strong>9,26 hores<\/strong>, quan s\u2019ha alertat que un cotxe estava cremant en l\u2019autovia. Fins al lloc s\u2019ha despla\u00e7at una&nbsp;<strong>dotaci\u00f3 del parc de Xiva<\/strong>, els efectius de la qual han treballat en l\u2019extinci\u00f3 de les flames.<\/p>\n\n\n\n<p class=\"wp-block-paragraph\">El foc tamb\u00e9 havia comen\u00e7at a afectar lleugerament el&nbsp;<strong>voral de l\u2019A-3<\/strong>, per la qual cosa els bombers han actuat per extingir tant l\u2019incendi del vehicle com el xicotet focus originat al marge de la carretera.<\/p>\n\n\n\n<p class=\"wp-block-paragraph\">La intervenci\u00f3 del Consorci Provincial de Bombers de Val\u00e8ncia&nbsp;<strong>ha finalitzat a les 11,12 hores<\/strong>. No s\u2019han facilitat m\u00e9s detalls sobre les causes de l\u2019incendi ni sobre possibles danys personals.<\/p>\n","protected":false},"excerpt":{"rendered":"<div class=\"mh-excerpt\">El foc tamb\u00e9 ha afectat lleugerament el voral de l\u2019autovia i la intervenci\u00f3 ha finalitzat a les 11,12 hores. Els bombers del Consorci Provincial de Bombers de Val\u00e8ncia han intervingut este dilluns al mat\u00ed en <a class=\"mh-excerpt-more\" href=\"https:\/\/www.tucomarca.com\/wordpress\/segunda\/ca\/els-bombers-extingeixen-lincendi-dun-vehicle-en-lautovia-a-3-a-laltura-de-bunyol\/\" title=\"Els bombers extingeixen l&#8217;incendi d&#8217;un vehicle en l&#8217;Autovia A-3 a l&#8217;altura de Bunyol que ha obligat al tall de la carretera\u00a0\">[+] <\/a><\/div>\n","protected":false},"author":13,"featured_media":311859,"comment_status":"closed","ping_status":"open","sticky":false,"template":"","format":"standard","meta":{"footnotes":""},"categories":[10911,10898,10894,10904,10912,10896,10897],"tags":[10913,10914,10901],"class_list":["post-311862","post","type-post","status-publish","format-standard","has-post-thumbnail","category-bunol-ca","category-ventana-ca","category-la-comarca-ca","category-sin-categorizar-ca","category-la-hoya-ca","category-seccion-ca","category-sucesos-la-comarca-ca","tag-bunol-ca","tag-la-hoya-de-bunol-chiva-ca","tag-sucesos-ca"],"_links":{"self":[{"href":"https:\/\/www.tucomarca.com\/wordpress\/segunda\/ca\/wp-json\/wp\/v2\/posts\/311862","targetHints":{"allow":["GET"]}}],"collection":[{"href":"https:\/\/www.tucomarca.com\/wordpress\/segunda\/ca\/wp-json\/wp\/v2\/posts"}],"about":[{"href":"https:\/\/www.tucomarca.com\/wordpress\/segunda\/ca\/wp-json\/wp\/v2\/types\/post"}],"author":[{"embeddable":true,"href":"https:\/\/www.tucomarca.com\/wordpress\/segunda\/ca\/wp-json\/wp\/v2\/users\/13"}],"replies":[{"embeddable":true,"href":"https:\/\/www.tucomarca.com\/wordpress\/segunda\/ca\/wp-json\/wp\/v2\/comments?post=311862"}],"version-history":[{"count":3,"href":"https:\/\/www.tucomarca.com\/wordpress\/segunda\/ca\/wp-json\/wp\/v2\/posts\/311862\/revisions"}],"predecessor-version":[{"id":311967,"href":"https:\/\/www.tucomarca.com\/wordpress\/segunda\/ca\/wp-json\/wp\/v2\/posts\/311862\/revisions\/311967"}],"wp:featuredmedia":[{"embeddable":true,"href":"https:\/\/www.tucomarca.com\/wordpress\/segunda\/ca\/wp-json\/wp\/v2\/media\/311859"}],"wp:attachment":[{"href":"https:\/\/www.tucomarca.com\/wordpress\/segunda\/ca\/wp-json\/wp\/v2\/media?parent=311862"}],"wp:term":[{"taxonomy":"category","embeddable":true,"href":"https:\/\/www.tucomarca.com\/wordpress\/segunda\/ca\/wp-json\/wp\/v2\/categories?post=311862"},{"taxonomy":"post_tag","embeddable":true,"href":"https:\/\/www.tucomarca.com\/wordpress\/segunda\/ca\/wp-json\/wp\/v2\/tags?post=311862"}],"curies":[{"name":"wp","href":"https:\/\/api.w.org\/{rel}","templated":true}]}}