{"id":311873,"date":"2026-08-30T12:30:00","date_gmt":"2026-08-30T10:30:00","guid":{"rendered":"https:\/\/www.tucomarca.com\/wordpress\/segunda\/?p=311873"},"modified":"2026-08-31T18:29:03","modified_gmt":"2026-08-31T16:29:03","slug":"els-bombers-extingeixen-un-incendi-a-la-cuina-duna-casa-de-camp-a-catadau","status":"publish","type":"post","link":"https:\/\/www.tucomarca.com\/wordpress\/segunda\/ca\/els-bombers-extingeixen-un-incendi-a-la-cuina-duna-casa-de-camp-a-catadau\/","title":{"rendered":"Els bombers extingeixen un incendi a la cuina d\u2019una casa de camp a Catadau"},"content":{"rendered":"\n<h3 class=\"wp-block-heading\">El foc s\u2019ha declarat este dissabte pel mat\u00ed en un habitatge situat al Cam\u00ed del Regaixo.<\/h3>\n\n\n\n<p class=\"wp-block-paragraph\">Els efectius del Consorci Provincial de Bombers de Val\u00e8ncia han intervingut este dissabte al mat\u00ed en un\u00a0<strong>incendi d\u2019habitatge a Catadau<\/strong>.<\/p>\n\n\n\n<p class=\"wp-block-paragraph\">L\u2019av\u00eds s\u2019ha rebut a les\u00a0<strong>9,50 hores<\/strong>, alertant d\u2019un incendi en una vivenda situada al\u00a0<strong>Cam\u00ed del Regaixo<\/strong>. Fins al lloc s\u2019ha mobilitzat una\u00a0<strong>dotaci\u00f3 del parc de Silla, amb sergent d\u2019Alzira<\/strong>.<\/p>\n\n\n\n<p class=\"wp-block-paragraph\">El foc ha afectat concretament&nbsp;<strong>la cuina d\u2019una casa de camp<\/strong>. Els bombers han treballat en l\u2019extinci\u00f3 de les flames i han aconseguit controlar i extingir l\u2019incendi.<\/p>\n\n\n\n<p class=\"wp-block-paragraph\">Una vegada finalitzades les tasques d\u2019extinci\u00f3, els efectius s\u2019han retirat del lloc\u00a0<strong>al voltant de les 11,35 hores<\/strong>. No s\u2019han facilitat m\u00e9s detalls sobre les causes de l\u2019incendi ni sobre possibles danys personals.<\/p>\n\n\n\n<p class=\"wp-block-paragraph\"><\/p>\n","protected":false},"excerpt":{"rendered":"<div class=\"mh-excerpt\">El foc s\u2019ha declarat este dissabte pel mat\u00ed en un habitatge situat al Cam\u00ed del Regaixo. Els efectius del Consorci Provincial de Bombers de Val\u00e8ncia han intervingut este dissabte al mat\u00ed en un\u00a0incendi d\u2019habitatge a <a class=\"mh-excerpt-more\" href=\"https:\/\/www.tucomarca.com\/wordpress\/segunda\/ca\/els-bombers-extingeixen-un-incendi-a-la-cuina-duna-casa-de-camp-a-catadau\/\" title=\"Els bombers extingeixen un incendi a la cuina d\u2019una casa de camp a Catadau\">[+] <\/a><\/div>\n","protected":false},"author":13,"featured_media":311871,"comment_status":"closed","ping_status":"open","sticky":false,"template":"","format":"standard","meta":{"footnotes":""},"categories":[10991,10898,10948,10894,10902,10896,10897],"tags":[12238,11077,10901],"class_list":["post-311873","post","type-post","status-publish","format-standard","has-post-thumbnail","category-catadau-ca","category-ventana-ca","category-infraestructuras-ca","category-la-comarca-ca","category-la-ribera-ca","category-seccion-ca","category-sucesos-la-comarca-ca","tag-catadau-ca","tag-la-ribera-alta-ca","tag-sucesos-ca"],"_links":{"self":[{"href":"https:\/\/www.tucomarca.com\/wordpress\/segunda\/ca\/wp-json\/wp\/v2\/posts\/311873","targetHints":{"allow":["GET"]}}],"collection":[{"href":"https:\/\/www.tucomarca.com\/wordpress\/segunda\/ca\/wp-json\/wp\/v2\/posts"}],"about":[{"href":"https:\/\/www.tucomarca.com\/wordpress\/segunda\/ca\/wp-json\/wp\/v2\/types\/post"}],"author":[{"embeddable":true,"href":"https:\/\/www.tucomarca.com\/wordpress\/segunda\/ca\/wp-json\/wp\/v2\/users\/13"}],"replies":[{"embeddable":true,"href":"https:\/\/www.tucomarca.com\/wordpress\/segunda\/ca\/wp-json\/wp\/v2\/comments?post=311873"}],"version-history":[{"count":2,"href":"https:\/\/www.tucomarca.com\/wordpress\/segunda\/ca\/wp-json\/wp\/v2\/posts\/311873\/revisions"}],"predecessor-version":[{"id":311885,"href":"https:\/\/www.tucomarca.com\/wordpress\/segunda\/ca\/wp-json\/wp\/v2\/posts\/311873\/revisions\/311885"}],"wp:featuredmedia":[{"embeddable":true,"href":"https:\/\/www.tucomarca.com\/wordpress\/segunda\/ca\/wp-json\/wp\/v2\/media\/311871"}],"wp:attachment":[{"href":"https:\/\/www.tucomarca.com\/wordpress\/segunda\/ca\/wp-json\/wp\/v2\/media?parent=311873"}],"wp:term":[{"taxonomy":"category","embeddable":true,"href":"https:\/\/www.tucomarca.com\/wordpress\/segunda\/ca\/wp-json\/wp\/v2\/categories?post=311873"},{"taxonomy":"post_tag","embeddable":true,"href":"https:\/\/www.tucomarca.com\/wordpress\/segunda\/ca\/wp-json\/wp\/v2\/tags?post=311873"}],"curies":[{"name":"wp","href":"https:\/\/api.w.org\/{rel}","templated":true}]}}