{"id":311971,"date":"2026-08-30T12:45:00","date_gmt":"2026-08-30T10:45:00","guid":{"rendered":"https:\/\/www.tucomarca.com\/wordpress\/segunda\/?p=311971"},"modified":"2026-08-31T19:32:40","modified_gmt":"2026-08-31T17:32:40","slug":"detenido-un-hombre-de-62-anos-en-chiva-durante-las-fiestas-patronales-con-drogas-y-dos-boligrafos-pistola","status":"publish","type":"post","link":"https:\/\/www.tucomarca.com\/wordpress\/segunda\/ca\/detenido-un-hombre-de-62-anos-en-chiva-durante-las-fiestas-patronales-con-drogas-y-dos-boligrafos-pistola\/","title":{"rendered":"Detingut un home de 62 anys a Xiva durant les festes patronals amb drogues i dos bol\u00edgrafs-pistola"},"content":{"rendered":"\n<h3 class=\"wp-block-heading\">L&#8217;arrestat hauria oposat resist\u00e8ncia durant la detenci\u00f3 i un dels agents va haver de rebre assist\u00e8ncia m\u00e8dica.<\/h3>\n\n\n\n<p class=\"wp-block-paragraph\">La Gu\u00e0rdia Civil ha detingut a un home de 62 anys a Xiva durant les festes patronals de la localitat per la seua presumpta implicaci\u00f3 en delictes contra la salut p\u00fablica, tinen\u00e7a il\u00b7l\u00edcita d&#8217;armes i resist\u00e8ncia greu a agents de l&#8217;autoritat. El detingut portava diferents tipus de drogues, dos bol\u00edgrafs-pistola i munici\u00f3 del calibre 22.<\/p>\n\n\n\n<p class=\"wp-block-paragraph\">Els fets van oc\u00f3rrer aquest passat&nbsp;17 d&#8217;agost, quan una patrulla de servei es trobava en els voltants de l&#8217;aparcament d&#8217;un local d&#8217;oci de Xiva. Els agents van observar a un home que mantenia una actitud esquiva i que, en adonar-se de la seua pres\u00e8ncia, hauria llan\u00e7at una motxilla darrere d&#8217;un vehicle.<\/p>\n\n\n\n<p class=\"wp-block-paragraph\">Despr\u00e9s de recuperar i obrir la motxilla, els agents van localitzar en el seu interior&nbsp;prop de 20 grams de coca\u00efna, uns 100 grams d&#8217;haixixs, diverses pastilles de MDMA (\u00e8xtasis) i 140 euros en efectiu, a m\u00e9s d&#8217;un bol\u00edgraf-pistola carregat i preparat per a detonar munici\u00f3 del calibre 22.<\/p>\n\n\n\n<p class=\"wp-block-paragraph\">Davant aquests fets, els agents van procedir a detindre al sospit\u00f3s. Durant l&#8217;arrest es va produir un forcejament en el qual&nbsp;un dels gu\u00e0rdies civils va resultar lesionat, per la qual cosa posteriorment va haver de ser at\u00e9s en un centre de salut.<\/p>\n\n\n\n<p class=\"wp-block-paragraph\"><strong>Segon bol\u00edgraf-pistola en el vehicle<\/strong><\/p>\n\n\n\n<p class=\"wp-block-paragraph\">Entre les pertinences del detingut es van localitzar les claus d&#8217;un vehicle. Posteriorment, i en pres\u00e8ncia tant de l&#8217;arrestat com del seu lletrat, els agents van realitzar un registre del cotxe, on van trobar&nbsp;un altre bol\u00edgraf-pistola i m\u00e9s munici\u00f3 del calibre 22. En total, van ser intervinguts tres cartutxos.<\/p>\n\n\n\n<p class=\"wp-block-paragraph\">El detingut, de nacionalitat espanyola, s&#8217;enfronta a presumptes delictes contra la salut p\u00fablica, tinen\u00e7a il\u00b7l\u00edcita d&#8217;armes i resist\u00e8ncia greu a agents de l&#8217;autoritat.<\/p>\n\n\n\n<p class=\"wp-block-paragraph\">L&#8217;actuaci\u00f3 va ser duta a terme per agents del Lloc\u00a0 Principal de Xiva. Les dilig\u00e8ncies van ser entregades en la Secci\u00f3 Civil i d&#8217;Instrucci\u00f3 del Jutjat\u00a0 de Primera Inst\u00e0ncia i Instrucci\u00f3 n\u00famero 2 de Requena.<\/p>\n","protected":false},"excerpt":{"rendered":"<div class=\"mh-excerpt\">L&#8217;arrestat hauria oposat resist\u00e8ncia durant la detenci\u00f3 i un dels agents va haver de rebre assist\u00e8ncia m\u00e8dica. La Gu\u00e0rdia Civil ha detingut a un home de 62 anys a Xiva durant les festes patronals de <a class=\"mh-excerpt-more\" href=\"https:\/\/www.tucomarca.com\/wordpress\/segunda\/ca\/detenido-un-hombre-de-62-anos-en-chiva-durante-las-fiestas-patronales-con-drogas-y-dos-boligrafos-pistola\/\" title=\"Detingut un home de 62 anys a Xiva durant les festes patronals amb drogues i dos bol\u00edgrafs-pistola\">[+] <\/a><\/div>\n","protected":false},"author":13,"featured_media":311974,"comment_status":"closed","ping_status":"open","sticky":false,"template":"","format":"standard","meta":{"footnotes":""},"categories":[10898,10894,10912,10896,10897,10975],"tags":[11195,17107,11118,10914],"class_list":["post-311971","post","type-post","status-publish","format-standard","has-post-thumbnail","category-ventana-ca","category-la-comarca-ca","category-la-hoya-ca","category-seccion-ca","category-sucesos-la-comarca-ca","category-chiva-ca","tag-chiva-ca","tag-detenido-ca","tag-guardia-civil-ca","tag-la-hoya-de-bunol-chiva-ca"],"_links":{"self":[{"href":"https:\/\/www.tucomarca.com\/wordpress\/segunda\/ca\/wp-json\/wp\/v2\/posts\/311971","targetHints":{"allow":["GET"]}}],"collection":[{"href":"https:\/\/www.tucomarca.com\/wordpress\/segunda\/ca\/wp-json\/wp\/v2\/posts"}],"about":[{"href":"https:\/\/www.tucomarca.com\/wordpress\/segunda\/ca\/wp-json\/wp\/v2\/types\/post"}],"author":[{"embeddable":true,"href":"https:\/\/www.tucomarca.com\/wordpress\/segunda\/ca\/wp-json\/wp\/v2\/users\/13"}],"replies":[{"embeddable":true,"href":"https:\/\/www.tucomarca.com\/wordpress\/segunda\/ca\/wp-json\/wp\/v2\/comments?post=311971"}],"version-history":[{"count":3,"href":"https:\/\/www.tucomarca.com\/wordpress\/segunda\/ca\/wp-json\/wp\/v2\/posts\/311971\/revisions"}],"predecessor-version":[{"id":311976,"href":"https:\/\/www.tucomarca.com\/wordpress\/segunda\/ca\/wp-json\/wp\/v2\/posts\/311971\/revisions\/311976"}],"wp:featuredmedia":[{"embeddable":true,"href":"https:\/\/www.tucomarca.com\/wordpress\/segunda\/ca\/wp-json\/wp\/v2\/media\/311974"}],"wp:attachment":[{"href":"https:\/\/www.tucomarca.com\/wordpress\/segunda\/ca\/wp-json\/wp\/v2\/media?parent=311971"}],"wp:term":[{"taxonomy":"category","embeddable":true,"href":"https:\/\/www.tucomarca.com\/wordpress\/segunda\/ca\/wp-json\/wp\/v2\/categories?post=311971"},{"taxonomy":"post_tag","embeddable":true,"href":"https:\/\/www.tucomarca.com\/wordpress\/segunda\/ca\/wp-json\/wp\/v2\/tags?post=311971"}],"curies":[{"name":"wp","href":"https:\/\/api.w.org\/{rel}","templated":true}]}}