{"id":311992,"date":"2026-08-31T09:00:00","date_gmt":"2026-08-31T07:00:00","guid":{"rendered":"https:\/\/www.tucomarca.com\/wordpress\/segunda\/?p=311992"},"modified":"2026-08-31T20:09:12","modified_gmt":"2026-08-31T18:09:12","slug":"benaguasil-dona-el-tret-deixida-a-les-seues-festes-patronals-amb-la-presentacio-de-la-reina-i-del-clavari-major","status":"publish","type":"post","link":"https:\/\/www.tucomarca.com\/wordpress\/segunda\/ca\/benaguasil-dona-el-tret-deixida-a-les-seues-festes-patronals-amb-la-presentacio-de-la-reina-i-del-clavari-major\/","title":{"rendered":"Benaguasil dona el tret d&#8217;eixida a les seues festes patronals amb la presentaci\u00f3 de la Reina i del Clavari Major"},"content":{"rendered":"\n<h3 class=\"wp-block-heading\">Ana Cervera i Gabriel Alepuz van ser presentats com a m\u00e0xims representants de les festes en un emotiu acte celebrat a la pla\u00e7a Major.<\/h3>\n\n\n\n<p class=\"wp-block-paragraph\">Benaguasil ja est\u00e0 immers en les seues festes patronals despr\u00e9s de celebrar el passat divendres l\u2019acte de Presentaci\u00f3 de la Reina de les Festes,&nbsp;<strong>Ana Cervera Gonz\u00e1lez<\/strong>, i la seua Cort d\u2019Honor, aix\u00ed com del Clavari Major de Sant Llu\u00eds Gonzaga,&nbsp;<strong>Gabriel Alepuz Bochons<\/strong>, i els festers.<\/p>\n\n\n\n<p class=\"wp-block-paragraph\">La jornada va comen\u00e7ar a l\u2019Ajuntament, on la corporaci\u00f3 municipal va rebre les joves que formen part de les festes per dur a terme el Ple en qu\u00e8 es va fer oficial el nomenament de les festeres i els llu\u00efsos. Una vegada finalitzada la part institucional, la comitiva es va traslladar fins a la pla\u00e7a Major, escenari triat per a celebrar la Presentaci\u00f3.<\/p>\n\n\n\n<p class=\"wp-block-paragraph\">L\u2019acte va reunir familiars i amics dels protagonistes, a m\u00e9s de representants d\u2019associacions, falles i membres de la corporaci\u00f3 municipal. Sobre l\u2019escenari tamb\u00e9 van estar presents la Reina de les Festes de 2025,&nbsp;<strong>Saray Aparicio Alonso<\/strong>, i el Llu\u00eds Major de l\u2019any passat,&nbsp;<strong>Iv\u00e1n Dom\u00e9nech Garcia-Oterm\u00edn<\/strong>, que van tindre l\u2019oportunitat d\u2019acomiadar-se dels seus respectius c\u00e0rrecs.<\/p>\n\n\n\n<p class=\"wp-block-paragraph\">Un dels moments m\u00e9s destacats de la vetlada va arribar amb la imposici\u00f3 de la corona a&nbsp;<strong>Ana Cervera<\/strong>, que va quedar aix\u00ed oficialment proclamada com a m\u00e0xima representant de les festes patronals.<\/p>\n\n\n\n<p class=\"wp-block-paragraph\">A continuaci\u00f3, la nova Reina de les Festes va col\u00b7locar la caramba a les joves que integren la seua Cort d\u2019Honor i que l\u2019acompanyaran durant tot el seu regnat.<\/p>\n\n\n\n<p class=\"wp-block-paragraph\">El programa va continuar amb les intervencions de la mantenedora de l\u2019acte, la vicepresidenta primera i consellera d\u2019Habitatge, Ocupaci\u00f3, Igualtat i Joventut,&nbsp;<strong>Susana Camarero<\/strong>, i de l\u2019alcalde de Benaguasil,&nbsp;<strong>Ximo Segarra<\/strong>, que van dirigir unes paraules als protagonistes i a totes les persones assistents.<\/p>\n\n\n\n<p class=\"wp-block-paragraph\">Amb esta celebraci\u00f3 es dona per iniciat un ampli calendari festiu que es prolongar\u00e0 fins al pr\u00f2xim\u00a0<strong>27 de setembre<\/strong>. La programaci\u00f3 inclou propostes musicals, culturals i religioses dirigides a ve\u00efns i visitants de totes les edats. Les celebracions conclouran amb la pujada de la Patrona,\u00a0<strong>la Mare de D\u00e9u de Montiel<\/strong>, al seu Santuari.<\/p>\n\n\n\n<figure class=\"wp-block-gallery has-nested-images columns-default is-cropped wp-block-gallery-1 is-layout-flex wp-block-gallery-is-layout-flex\">\n<figure class=\"wp-block-image size-large\"><img loading=\"lazy\" decoding=\"async\" width=\"787\" height=\"525\" data-id=\"311985\" src=\"https:\/\/www.tucomarca.com\/wordpress\/segunda\/wp-content\/uploads\/2026\/08\/Benaguasil_Presentacion_01.jpg\" alt=\"\" class=\"wp-image-311985\" srcset=\"https:\/\/www.tucomarca.com\/wordpress\/segunda\/wp-content\/uploads\/2026\/08\/Benaguasil_Presentacion_01.jpg 787w, https:\/\/www.tucomarca.com\/wordpress\/segunda\/wp-content\/uploads\/2026\/08\/Benaguasil_Presentacion_01-571x381.jpg 571w, https:\/\/www.tucomarca.com\/wordpress\/segunda\/wp-content\/uploads\/2026\/08\/Benaguasil_Presentacion_01-768x512.jpg 768w\" sizes=\"auto, (max-width: 787px) 100vw, 787px\" \/><\/figure>\n\n\n\n<figure class=\"wp-block-image size-large\"><img loading=\"lazy\" decoding=\"async\" width=\"787\" height=\"525\" data-id=\"311987\" src=\"https:\/\/www.tucomarca.com\/wordpress\/segunda\/wp-content\/uploads\/2026\/08\/Benaguasil_Presentacion_02.jpg\" alt=\"\" class=\"wp-image-311987\" srcset=\"https:\/\/www.tucomarca.com\/wordpress\/segunda\/wp-content\/uploads\/2026\/08\/Benaguasil_Presentacion_02.jpg 787w, https:\/\/www.tucomarca.com\/wordpress\/segunda\/wp-content\/uploads\/2026\/08\/Benaguasil_Presentacion_02-571x381.jpg 571w, https:\/\/www.tucomarca.com\/wordpress\/segunda\/wp-content\/uploads\/2026\/08\/Benaguasil_Presentacion_02-768x512.jpg 768w\" sizes=\"auto, (max-width: 787px) 100vw, 787px\" \/><\/figure>\n<\/figure>\n","protected":false},"excerpt":{"rendered":"<div class=\"mh-excerpt\">Ana Cervera i Gabriel Alepuz van ser presentats com a m\u00e0xims representants de les festes en un emotiu acte celebrat a la pla\u00e7a Major. Benaguasil ja est\u00e0 immers en les seues festes patronals despr\u00e9s de <a class=\"mh-excerpt-more\" href=\"https:\/\/www.tucomarca.com\/wordpress\/segunda\/ca\/benaguasil-dona-el-tret-deixida-a-les-seues-festes-patronals-amb-la-presentacio-de-la-reina-i-del-clavari-major\/\" title=\"Benaguasil dona el tret d&#8217;eixida a les seues festes patronals amb la presentaci\u00f3 de la Reina i del Clavari Major\">[+] <\/a><\/div>\n","protected":false},"author":13,"featured_media":311990,"comment_status":"closed","ping_status":"open","sticky":false,"template":"","format":"gallery","meta":{"footnotes":""},"categories":[10952,10892,10894,11004,11007,11008,10896],"tags":[11136,10899,14071],"class_list":["post-311992","post","type-post","status-publish","format-gallery","has-post-thumbnail","category-benaguasil-ca","category-camp-de-turia-ca","category-la-comarca-ca","category-la-semana-en-imagenes-ca","category-ocio-y-cultura-ca","category-pueblos-en-fiestas-ca","category-seccion-ca","tag-benaguasil-ca","tag-camp-de-turia-ca","tag-fiestas-patronales-ca","post_format-post-format-gallery"],"_links":{"self":[{"href":"https:\/\/www.tucomarca.com\/wordpress\/segunda\/ca\/wp-json\/wp\/v2\/posts\/311992","targetHints":{"allow":["GET"]}}],"collection":[{"href":"https:\/\/www.tucomarca.com\/wordpress\/segunda\/ca\/wp-json\/wp\/v2\/posts"}],"about":[{"href":"https:\/\/www.tucomarca.com\/wordpress\/segunda\/ca\/wp-json\/wp\/v2\/types\/post"}],"author":[{"embeddable":true,"href":"https:\/\/www.tucomarca.com\/wordpress\/segunda\/ca\/wp-json\/wp\/v2\/users\/13"}],"replies":[{"embeddable":true,"href":"https:\/\/www.tucomarca.com\/wordpress\/segunda\/ca\/wp-json\/wp\/v2\/comments?post=311992"}],"version-history":[{"count":2,"href":"https:\/\/www.tucomarca.com\/wordpress\/segunda\/ca\/wp-json\/wp\/v2\/posts\/311992\/revisions"}],"predecessor-version":[{"id":311996,"href":"https:\/\/www.tucomarca.com\/wordpress\/segunda\/ca\/wp-json\/wp\/v2\/posts\/311992\/revisions\/311996"}],"wp:featuredmedia":[{"embeddable":true,"href":"https:\/\/www.tucomarca.com\/wordpress\/segunda\/ca\/wp-json\/wp\/v2\/media\/311990"}],"wp:attachment":[{"href":"https:\/\/www.tucomarca.com\/wordpress\/segunda\/ca\/wp-json\/wp\/v2\/media?parent=311992"}],"wp:term":[{"taxonomy":"category","embeddable":true,"href":"https:\/\/www.tucomarca.com\/wordpress\/segunda\/ca\/wp-json\/wp\/v2\/categories?post=311992"},{"taxonomy":"post_tag","embeddable":true,"href":"https:\/\/www.tucomarca.com\/wordpress\/segunda\/ca\/wp-json\/wp\/v2\/tags?post=311992"}],"curies":[{"name":"wp","href":"https:\/\/api.w.org\/{rel}","templated":true}]}}