{"id":312001,"date":"2026-08-31T13:50:00","date_gmt":"2026-08-31T11:50:00","guid":{"rendered":"https:\/\/www.tucomarca.com\/wordpress\/segunda\/?p=312001"},"modified":"2026-09-01T10:46:10","modified_gmt":"2026-09-01T08:46:10","slug":"la-rapida-resposta-dels-mitjans-dextincio-evita-la-propagacio-dun-incendi-a-cheste","status":"publish","type":"post","link":"https:\/\/www.tucomarca.com\/wordpress\/segunda\/ca\/la-rapida-resposta-dels-mitjans-dextincio-evita-la-propagacio-dun-incendi-a-cheste\/","title":{"rendered":"La r\u00e0pida resposta dels mitjans d&#8217;extinci\u00f3 evita la propagaci\u00f3 d&#8217;un incendi a Cheste"},"content":{"rendered":"\n<p class=\"wp-block-paragraph\">Un incendi forestal es va declarar este diumenge, 30 d\u2019agost, en una zona del terme municipal de Cheste. L\u2019av\u00eds del foc es va rebre al voltant de les 13.00 hores, fet que va activar immediatament el dispositiu d\u2019extinci\u00f3.<\/p>\n\n\n\n<p class=\"wp-block-paragraph\">Fins al lloc de l\u2019incendi es van despla\u00e7ar dos mitjans aeris i tres unitats terrestres, una d\u2019elles helitransportada i dos autobombes dels Bombers de la Generalitat. L\u2019operatiu es va completar amb la pres\u00e8ncia d\u2019un coordinador forestal, una unitat de prevenci\u00f3 d\u2019incendis i un agent mediambiental.<\/p>\n\n\n\n<p class=\"wp-block-paragraph\">Els efectius d\u2019extinci\u00f3 van treballar durant prop de dues hores per a controlar les flames. Finalment, l\u2019incendi va ser donat per controlat a les 14.51 hores.<\/p>\n\n\n\n<p class=\"wp-block-paragraph\">De moment, no han transcendit dades sobre la superf\u00edcie afectada ni sobre les causes que podrien haver originat l\u2019incendi.<\/p>\n","protected":false},"excerpt":{"rendered":"<div class=\"mh-excerpt\">Un incendi forestal es va declarar este diumenge, 30 d\u2019agost, en una zona del terme municipal de Cheste. L\u2019av\u00eds del foc es va rebre al voltant de les 13.00 hores, fet que va activar immediatament <a class=\"mh-excerpt-more\" href=\"https:\/\/www.tucomarca.com\/wordpress\/segunda\/ca\/la-rapida-resposta-dels-mitjans-dextincio-evita-la-propagacio-dun-incendi-a-cheste\/\" title=\"La r\u00e0pida resposta dels mitjans d&#8217;extinci\u00f3 evita la propagaci\u00f3 d&#8217;un incendi a Cheste\">[+] <\/a><\/div>\n","protected":false},"author":12,"featured_media":312000,"comment_status":"closed","ping_status":"open","sticky":false,"template":"","format":"standard","meta":{"footnotes":""},"categories":[10898,10948,10894,10912,10903,10896,10897,10974],"tags":[17925,11071,13724,10914],"class_list":["post-312001","post","type-post","status-publish","format-standard","has-post-thumbnail","category-ventana-ca","category-infraestructuras-ca","category-la-comarca-ca","category-la-hoya-ca","category-medio-ambiente-la-comarca-ca","category-seccion-ca","category-sucesos-la-comarca-ca","category-cheste-ca","tag-bomberos-forestales-de-la-generalitat-ca","tag-cheste","tag-incendio-forestal-ca","tag-la-hoya-de-bunol-chiva-ca"],"_links":{"self":[{"href":"https:\/\/www.tucomarca.com\/wordpress\/segunda\/ca\/wp-json\/wp\/v2\/posts\/312001","targetHints":{"allow":["GET"]}}],"collection":[{"href":"https:\/\/www.tucomarca.com\/wordpress\/segunda\/ca\/wp-json\/wp\/v2\/posts"}],"about":[{"href":"https:\/\/www.tucomarca.com\/wordpress\/segunda\/ca\/wp-json\/wp\/v2\/types\/post"}],"author":[{"embeddable":true,"href":"https:\/\/www.tucomarca.com\/wordpress\/segunda\/ca\/wp-json\/wp\/v2\/users\/12"}],"replies":[{"embeddable":true,"href":"https:\/\/www.tucomarca.com\/wordpress\/segunda\/ca\/wp-json\/wp\/v2\/comments?post=312001"}],"version-history":[{"count":1,"href":"https:\/\/www.tucomarca.com\/wordpress\/segunda\/ca\/wp-json\/wp\/v2\/posts\/312001\/revisions"}],"predecessor-version":[{"id":312002,"href":"https:\/\/www.tucomarca.com\/wordpress\/segunda\/ca\/wp-json\/wp\/v2\/posts\/312001\/revisions\/312002"}],"wp:featuredmedia":[{"embeddable":true,"href":"https:\/\/www.tucomarca.com\/wordpress\/segunda\/ca\/wp-json\/wp\/v2\/media\/312000"}],"wp:attachment":[{"href":"https:\/\/www.tucomarca.com\/wordpress\/segunda\/ca\/wp-json\/wp\/v2\/media?parent=312001"}],"wp:term":[{"taxonomy":"category","embeddable":true,"href":"https:\/\/www.tucomarca.com\/wordpress\/segunda\/ca\/wp-json\/wp\/v2\/categories?post=312001"},{"taxonomy":"post_tag","embeddable":true,"href":"https:\/\/www.tucomarca.com\/wordpress\/segunda\/ca\/wp-json\/wp\/v2\/tags?post=312001"}],"curies":[{"name":"wp","href":"https:\/\/api.w.org\/{rel}","templated":true}]}}