{"id":71148,"date":"2018-07-31T01:18:12","date_gmt":"2018-07-30T23:18:12","guid":{"rendered":"http:\/\/www.tucomarca.com\/wordpress\/segunda\/?p=71148"},"modified":"2018-07-31T01:25:28","modified_gmt":"2018-07-30T23:25:28","slug":"yolanda-gil-gana-el-iii-concurso-mundial-de-tomate-valenciano-de-vilamarxant","status":"publish","type":"post","link":"https:\/\/www.tucomarca.com\/wordpress\/segunda\/ca\/yolanda-gil-gana-el-iii-concurso-mundial-de-tomate-valenciano-de-vilamarxant\/","title":{"rendered":"Yolanda Gil gana el III Concurs Mundial de Tomaca Valenciana de Vilamarxant"},"content":{"rendered":"<figure id=\"attachment_71143\" aria-describedby=\"caption-attachment-71143\" style=\"width: 582px\" class=\"wp-caption alignleft\"><img loading=\"lazy\" decoding=\"async\" class=\" wp-image-71143\" src=\"http:\/\/www.tucomarca.com\/wordpress\/segunda\/wp-content\/uploads\/2018\/07\/1rpremi.jpg\" alt=\"Yolanda Gil, ganadora del primer premio del Concurso.\" width=\"582\" height=\"388\" srcset=\"https:\/\/www.tucomarca.com\/wordpress\/segunda\/wp-content\/uploads\/2018\/07\/1rpremi.jpg 2000w, https:\/\/www.tucomarca.com\/wordpress\/segunda\/wp-content\/uploads\/2018\/07\/1rpremi-300x200.jpg 300w, https:\/\/www.tucomarca.com\/wordpress\/segunda\/wp-content\/uploads\/2018\/07\/1rpremi-768x512.jpg 768w, https:\/\/www.tucomarca.com\/wordpress\/segunda\/wp-content\/uploads\/2018\/07\/1rpremi-1024x682.jpg 1024w\" sizes=\"auto, (max-width: 582px) 100vw, 582px\" \/><figcaption id=\"caption-attachment-71143\" class=\"wp-caption-text\"><em>Yolanda Gil, ganadora del primer premio del Concurso.<\/em><\/figcaption><\/figure>\n<p>\u00c9s la primera vegada que una dona s&#8217;imposa en este certamen. Esta ve\u00efna de Vilamarxant va rebre la m\u00e0xima valoraci\u00f3 d&#8217;un jurat que, tamb\u00e9 per primera vegada, va ser paritari.<\/p>\n<p>La ve\u00efna de Vilamarxant Yolanda\u00a0Gil ha guanyat el III Concurs Mundial de Tomaca Valenciana de Vilamarxant. Les tomaques que va presentar a concurs van ser els millor valorats per un jurat format per quatre agricultors i agricultores professionals.<\/p>\n<p>En segon lloc va quedar el tamb\u00e9 ve\u00ed de Vilamarxant Salvador Dur\u00e0, que \u00e9s la tercera vegada que queda en segona posici\u00f3; mentres que la tercera pla\u00e7a va ser per a Jes\u00fas Garc\u00eda, tamb\u00e9 ve\u00ed de Vilamarxant. La guanyadora va rebre una placa acreditativa; i el segon i tercer classificat van rebre un lot de productes de l&#8217;horta valenciana de la Cooperativa Sant Vicent Ferrer.<\/p>\n<p>Este concurs, organitzat per l&#8217;Associaci\u00f3 de Comerciants i Professionals de Vilamarxant, amb la col\u00b7laboraci\u00f3 de la Regidoria de Comer\u00e7 de l&#8217;Ajuntament de Vilamarxant, la Junta Local contra el C\u00e0ncer i la Cooperativa Sant Vicent Ferrer, va congregar un gran nombre de p\u00fablic en l&#8217;avinguda 2 de Maig.<\/p>\n<p>A m\u00e9s, el programa \u00c0 Punt Directe, d&#8217;\u00c0 Punt, es va traslladar al nostre municipi per a fer una retransmissi\u00f3 d&#8217;alguns dels moments d&#8217;este esdeveniment que, any rere any, es consolida com una cita destacada de l&#8217;agricultura i del comer\u00e7 local i valenci\u00e0.<\/p>\n<p>En total, van concursar 8 participants que van presentar els seus millors productes. Van ser les seg\u00fcents persones amb les puntuacions seg\u00fcents:<\/p>\n<p>&#8211; Yolanda Gil, de Vilamarxant (92 punts)<\/p>\n<p>&#8211; Salvador Dur\u00e1, de Vilamarxant (89 punts)<\/p>\n<p>&#8211; Jes\u00fas Garc\u00eda, de Vilamarxant (80 punts)<\/p>\n<p>&#8211; Tom\u00e1s Rodero, de Vilamarxant (77 punts)<\/p>\n<p>&#8211; Marta Piera, de La Pobla Llarga (60 punts).<\/p>\n<p>&#8211; Gonzalo Peir\u00f3, de La Pobla Llarga (59 punts).<\/p>\n<p>&#8211; Rafa Caur\u00edn, de Vilamarxant (58 punts)<\/p>\n<p>&#8211; Paco Peir\u00f3, de La Pobla Llarga (56 puntos), ganador del concurso en 2016.<\/p>\n<p>El jurat va estar format per dos agricultores, M\u00aa Amparo Montesinos i Fina (de la Cooperativa Sant Vicent Ferrer) , i per dos agricultors, Jes\u00fas Luj\u00e1n i F\u00e9lix Mart\u00ednez. Els quatre van provar les tomaques amb la mateixa sal i oli, per a tindre un tast objectiva i igualit\u00e0ria de tots ells. El presentador i animador de l&#8217;acte va ser Antonio Ciberio, com en les anteriors edicions.<\/p>\n<p>Despr\u00e9s de con\u00e9ixer el veredicte del jurat, el p\u00fablic es va traslladar a la Repla\u00e7a, on va tindre lloc un sopar en el que les persones assistents van provar les tomaques presentats amb pernil, formatge, vi i cervesa. La vetlada va estar amenitzada per l&#8217;Associaci\u00f3 de Cantants i M\u00fasics de Vilamarxant que interpretaran cantells africans i de\u00a0gospel, sota la direcci\u00f3 de la cantant Leya. En total, es van vendre m\u00e9s de 300 tiquets, a tres euros, la recaptaci\u00f3 dels quals anir\u00e0 destinada a la Junta Local contra el C\u00e0ncer que van ser els encarregats de preparar este sopar valenci\u00e0, musical i solid\u00e0ria.<\/p>\n","protected":false},"excerpt":{"rendered":"<div class=\"mh-excerpt\">\u00c9s la primera vegada que una dona s&#8217;imposa en este certamen. Esta ve\u00efna de Vilamarxant va rebre la m\u00e0xima valoraci\u00f3 d&#8217;un jurat que, tamb\u00e9 per primera vegada, va ser paritari. La ve\u00efna de Vilamarxant Yolanda\u00a0Gil <a class=\"mh-excerpt-more\" href=\"https:\/\/www.tucomarca.com\/wordpress\/segunda\/ca\/yolanda-gil-gana-el-iii-concurso-mundial-de-tomate-valenciano-de-vilamarxant\/\" title=\"Yolanda Gil gana el III Concurs Mundial de Tomaca Valenciana de Vilamarxant\">[+] <\/a><\/div>\n","protected":false},"author":2,"featured_media":71144,"comment_status":"open","ping_status":"open","sticky":false,"template":"","format":"standard","meta":{"footnotes":""},"categories":[10905,10892,10894,10942,10902,11004,11008,10896,10927],"tags":[10943,10899,10944,10945],"class_list":{"0":"post-71148","1":"post","2":"type-post","3":"status-publish","4":"format-standard","5":"has-post-thumbnail","7":"category-agricultura-la-comarca-ca","8":"category-camp-de-turia-ca","9":"category-la-comarca-ca","10":"category-la-pobla-llarga-ca","11":"category-la-ribera-ca","12":"category-la-semana-en-imagenes-ca","13":"category-pueblos-en-fiestas-ca","14":"category-seccion-ca","15":"category-vilamarxant-ca","16":"tag-ajuntament-de-vilamarxant-ca","17":"tag-camp-de-turia-ca","18":"tag-iii-concurs-mundial-de-tomata-valenciana-ca","19":"tag-la-pobla-llarga-ca"},"_links":{"self":[{"href":"https:\/\/www.tucomarca.com\/wordpress\/segunda\/ca\/wp-json\/wp\/v2\/posts\/71148","targetHints":{"allow":["GET"]}}],"collection":[{"href":"https:\/\/www.tucomarca.com\/wordpress\/segunda\/ca\/wp-json\/wp\/v2\/posts"}],"about":[{"href":"https:\/\/www.tucomarca.com\/wordpress\/segunda\/ca\/wp-json\/wp\/v2\/types\/post"}],"author":[{"embeddable":true,"href":"https:\/\/www.tucomarca.com\/wordpress\/segunda\/ca\/wp-json\/wp\/v2\/users\/2"}],"replies":[{"embeddable":true,"href":"https:\/\/www.tucomarca.com\/wordpress\/segunda\/ca\/wp-json\/wp\/v2\/comments?post=71148"}],"version-history":[{"count":0,"href":"https:\/\/www.tucomarca.com\/wordpress\/segunda\/ca\/wp-json\/wp\/v2\/posts\/71148\/revisions"}],"wp:featuredmedia":[{"embeddable":true,"href":"https:\/\/www.tucomarca.com\/wordpress\/segunda\/ca\/wp-json\/wp\/v2\/media\/71144"}],"wp:attachment":[{"href":"https:\/\/www.tucomarca.com\/wordpress\/segunda\/ca\/wp-json\/wp\/v2\/media?parent=71148"}],"wp:term":[{"taxonomy":"category","embeddable":true,"href":"https:\/\/www.tucomarca.com\/wordpress\/segunda\/ca\/wp-json\/wp\/v2\/categories?post=71148"},{"taxonomy":"post_tag","embeddable":true,"href":"https:\/\/www.tucomarca.com\/wordpress\/segunda\/ca\/wp-json\/wp\/v2\/tags?post=71148"}],"curies":[{"name":"wp","href":"https:\/\/api.w.org\/{rel}","templated":true}]}}